{"id":10,"date":"2023-08-25T15:53:42","date_gmt":"2023-08-25T14:53:42","guid":{"rendered":"https:\/\/tiranalajm.com\/?p=10"},"modified":"2023-08-25T15:53:43","modified_gmt":"2023-08-25T14:53:43","slug":"video-oj-nene-bre-ishte-live-ne-facebook-duke-ngare-makine-ne-rrugen-e-arbrit-aksidentohet-i-riu","status":"publish","type":"post","link":"https:\/\/tiranalajm.com\/index.php\/2023\/08\/25\/video-oj-nene-bre-ishte-live-ne-facebook-duke-ngare-makine-ne-rrugen-e-arbrit-aksidentohet-i-riu\/","title":{"rendered":"VIDEO\/ \u201cOj n\u00ebn\u00eb bre\u201d, ishte live n\u00eb Facebook duke ngar\u00eb makin\u00eb n\u00eb rrug\u00ebn e Arbrit, aksidentohet i riu"},"content":{"rendered":"\n<p>Nj\u00eb person \u00ebsht\u00eb p\u00ebrplasur me makin\u00ebn e tij teksa po b\u00ebnte nj\u00eb video live n\u00eb rrug\u00ebn e Arbrit.<\/p>\n\n\n\n<p>Qytetit shihet teksa ec\u00ebn n\u00eb k\u00ebt\u00eb aks rrugor dhe b\u00ebn video live me muzik\u00eb n\u00eb sfond. Por n\u00eb nj\u00eb moment, teksa mban telefonin n\u00eb duar, ai humb kontrollin e makin\u00ebs dhe p\u00ebrplaset.<\/p>\n\n\n\n<p><br>Pas p\u00ebrplasjes, ai fillon t\u00eb thot\u00eb \u201coj n\u00ebn\u00eb bre!\u201d dhe k\u00ebrkon ndihm\u00eb.<\/p>\n\n\n\n<p><video poster=\"https:\/\/www.cdnimpuls.com\/video\/64e8ba0fd86d7.mp4.jpg\" controls=\"controls\" width=\"320\"><\/video><\/p>\n","protected":false},"excerpt":{"rendered":"<p>Nj\u00eb person \u00ebsht\u00eb p\u00ebrplasur me makin\u00ebn e tij teksa po b\u00ebnte nj\u00eb video live n\u00eb rrug\u00ebn e Arbrit. Qytetit shihet teksa ec\u00ebn n\u00eb k\u00ebt\u00eb aks rrugor dhe b\u00ebn video live me muzik\u00eb n\u00eb sfond. Por n\u00eb nj\u00eb moment, teksa mban telefonin n\u00eb duar, ai humb kontrollin e makin\u00ebs dhe p\u00ebrplaset. Pas p\u00ebrplasjes, ai fillon t\u00eb [&hellip;]<\/p>\n","protected":false},"author":1,"featured_media":12,"comment_status":"open","ping_status":"open","sticky":false,"template":"","format":"standard","meta":{"footnotes":""},"categories":[4,5,2,3],"tags":[],"class_list":["post-10","post","type-post","status-publish","format-standard","has-post-thumbnail","hentry","category-kryesore","category-ne-vemendje","category-rreth-botes","category-rreth-vendit"],"yoast_head":"<!-- This site is optimized with the Yoast SEO plugin v27.4 - https:\/\/yoast.com\/product\/yoast-seo-wordpress\/ -->\n<title>VIDEO\/ \u201cOj n\u00ebn\u00eb bre\u201d, ishte live n\u00eb Facebook duke ngar\u00eb makin\u00eb n\u00eb rrug\u00ebn e Arbrit, aksidentohet i riu - Tirana Lajm<\/title>\n<meta name=\"robots\" content=\"index, follow, max-snippet:-1, max-image-preview:large, max-video-preview:-1\" \/>\n<link rel=\"canonical\" href=\"https:\/\/tiranalajm.com\/index.php\/2023\/08\/25\/video-oj-nene-bre-ishte-live-ne-facebook-duke-ngare-makine-ne-rrugen-e-arbrit-aksidentohet-i-riu\/\" \/>\n<meta property=\"og:locale\" content=\"en_US\" \/>\n<meta property=\"og:type\" content=\"article\" \/>\n<meta property=\"og:title\" content=\"VIDEO\/ \u201cOj n\u00ebn\u00eb bre\u201d, ishte live n\u00eb Facebook duke ngar\u00eb makin\u00eb n\u00eb rrug\u00ebn e Arbrit, aksidentohet i riu - Tirana Lajm\" \/>\n<meta property=\"og:description\" content=\"Nj\u00eb person \u00ebsht\u00eb p\u00ebrplasur me makin\u00ebn e tij teksa po b\u00ebnte nj\u00eb video live n\u00eb rrug\u00ebn e Arbrit. Qytetit shihet teksa ec\u00ebn n\u00eb k\u00ebt\u00eb aks rrugor dhe b\u00ebn video live me muzik\u00eb n\u00eb sfond. Por n\u00eb nj\u00eb moment, teksa mban telefonin n\u00eb duar, ai humb kontrollin e makin\u00ebs dhe p\u00ebrplaset. Pas p\u00ebrplasjes, ai fillon t\u00eb [&hellip;]\" \/>\n<meta property=\"og:url\" content=\"https:\/\/tiranalajm.com\/index.php\/2023\/08\/25\/video-oj-nene-bre-ishte-live-ne-facebook-duke-ngare-makine-ne-rrugen-e-arbrit-aksidentohet-i-riu\/\" \/>\n<meta property=\"og:site_name\" content=\"Tirana Lajm\" \/>\n<meta property=\"article:published_time\" content=\"2023-08-25T14:53:42+00:00\" \/>\n<meta property=\"article:modified_time\" content=\"2023-08-25T14:53:43+00:00\" \/>\n<meta property=\"og:image\" content=\"http:\/\/tiranalajm.com\/wp-content\/uploads\/2023\/08\/640-0-1692973454xaksident-330.jpg\" \/>\n\t<meta property=\"og:image:width\" content=\"640\" \/>\n\t<meta property=\"og:image:height\" content=\"361\" \/>\n\t<meta property=\"og:image:type\" content=\"image\/jpeg\" \/>\n<meta name=\"author\" content=\"tiranalajm.com\" \/>\n<meta name=\"twitter:card\" content=\"summary_large_image\" \/>\n<meta name=\"twitter:label1\" content=\"Written by\" \/>\n\t<meta name=\"twitter:data1\" content=\"tiranalajm.com\" \/>\n\t<meta name=\"twitter:label2\" content=\"Est. reading time\" \/>\n\t<meta name=\"twitter:data2\" content=\"1 minute\" \/>\n<script type=\"application\/ld+json\" class=\"yoast-schema-graph\">{\"@context\":\"https:\\\/\\\/schema.org\",\"@graph\":[{\"@type\":\"Article\",\"@id\":\"https:\\\/\\\/tiranalajm.com\\\/index.php\\\/2023\\\/08\\\/25\\\/video-oj-nene-bre-ishte-live-ne-facebook-duke-ngare-makine-ne-rrugen-e-arbrit-aksidentohet-i-riu\\\/#article\",\"isPartOf\":{\"@id\":\"https:\\\/\\\/tiranalajm.com\\\/index.php\\\/2023\\\/08\\\/25\\\/video-oj-nene-bre-ishte-live-ne-facebook-duke-ngare-makine-ne-rrugen-e-arbrit-aksidentohet-i-riu\\\/\"},\"author\":{\"name\":\"tiranalajm.com\",\"@id\":\"https:\\\/\\\/tiranalajm.com\\\/#\\\/schema\\\/person\\\/d62adf3f0d0ba38eb923c3c1f5152717\"},\"headline\":\"VIDEO\\\/ \u201cOj n\u00ebn\u00eb bre\u201d, ishte live n\u00eb Facebook duke ngar\u00eb makin\u00eb n\u00eb rrug\u00ebn e Arbrit, aksidentohet i riu\",\"datePublished\":\"2023-08-25T14:53:42+00:00\",\"dateModified\":\"2023-08-25T14:53:43+00:00\",\"mainEntityOfPage\":{\"@id\":\"https:\\\/\\\/tiranalajm.com\\\/index.php\\\/2023\\\/08\\\/25\\\/video-oj-nene-bre-ishte-live-ne-facebook-duke-ngare-makine-ne-rrugen-e-arbrit-aksidentohet-i-riu\\\/\"},\"wordCount\":94,\"commentCount\":0,\"publisher\":{\"@id\":\"https:\\\/\\\/tiranalajm.com\\\/#organization\"},\"image\":{\"@id\":\"https:\\\/\\\/tiranalajm.com\\\/index.php\\\/2023\\\/08\\\/25\\\/video-oj-nene-bre-ishte-live-ne-facebook-duke-ngare-makine-ne-rrugen-e-arbrit-aksidentohet-i-riu\\\/#primaryimage\"},\"thumbnailUrl\":\"https:\\\/\\\/tiranalajm.com\\\/wp-content\\\/uploads\\\/2023\\\/08\\\/640-0-1692973454xaksident-330.jpg\",\"articleSection\":[\"Kryesore\",\"Ne vemendje\",\"Rreth botes\",\"Rreth vendit\"],\"inLanguage\":\"en-US\",\"potentialAction\":[{\"@type\":\"CommentAction\",\"name\":\"Comment\",\"target\":[\"https:\\\/\\\/tiranalajm.com\\\/index.php\\\/2023\\\/08\\\/25\\\/video-oj-nene-bre-ishte-live-ne-facebook-duke-ngare-makine-ne-rrugen-e-arbrit-aksidentohet-i-riu\\\/#respond\"]}]},{\"@type\":\"WebPage\",\"@id\":\"https:\\\/\\\/tiranalajm.com\\\/index.php\\\/2023\\\/08\\\/25\\\/video-oj-nene-bre-ishte-live-ne-facebook-duke-ngare-makine-ne-rrugen-e-arbrit-aksidentohet-i-riu\\\/\",\"url\":\"https:\\\/\\\/tiranalajm.com\\\/index.php\\\/2023\\\/08\\\/25\\\/video-oj-nene-bre-ishte-live-ne-facebook-duke-ngare-makine-ne-rrugen-e-arbrit-aksidentohet-i-riu\\\/\",\"name\":\"VIDEO\\\/ \u201cOj n\u00ebn\u00eb bre\u201d, ishte live n\u00eb Facebook duke ngar\u00eb makin\u00eb n\u00eb rrug\u00ebn e Arbrit, aksidentohet i riu - Tirana Lajm\",\"isPartOf\":{\"@id\":\"https:\\\/\\\/tiranalajm.com\\\/#website\"},\"primaryImageOfPage\":{\"@id\":\"https:\\\/\\\/tiranalajm.com\\\/index.php\\\/2023\\\/08\\\/25\\\/video-oj-nene-bre-ishte-live-ne-facebook-duke-ngare-makine-ne-rrugen-e-arbrit-aksidentohet-i-riu\\\/#primaryimage\"},\"image\":{\"@id\":\"https:\\\/\\\/tiranalajm.com\\\/index.php\\\/2023\\\/08\\\/25\\\/video-oj-nene-bre-ishte-live-ne-facebook-duke-ngare-makine-ne-rrugen-e-arbrit-aksidentohet-i-riu\\\/#primaryimage\"},\"thumbnailUrl\":\"https:\\\/\\\/tiranalajm.com\\\/wp-content\\\/uploads\\\/2023\\\/08\\\/640-0-1692973454xaksident-330.jpg\",\"datePublished\":\"2023-08-25T14:53:42+00:00\",\"dateModified\":\"2023-08-25T14:53:43+00:00\",\"breadcrumb\":{\"@id\":\"https:\\\/\\\/tiranalajm.com\\\/index.php\\\/2023\\\/08\\\/25\\\/video-oj-nene-bre-ishte-live-ne-facebook-duke-ngare-makine-ne-rrugen-e-arbrit-aksidentohet-i-riu\\\/#breadcrumb\"},\"inLanguage\":\"en-US\",\"potentialAction\":[{\"@type\":\"ReadAction\",\"target\":[\"https:\\\/\\\/tiranalajm.com\\\/index.php\\\/2023\\\/08\\\/25\\\/video-oj-nene-bre-ishte-live-ne-facebook-duke-ngare-makine-ne-rrugen-e-arbrit-aksidentohet-i-riu\\\/\"]}]},{\"@type\":\"ImageObject\",\"inLanguage\":\"en-US\",\"@id\":\"https:\\\/\\\/tiranalajm.com\\\/index.php\\\/2023\\\/08\\\/25\\\/video-oj-nene-bre-ishte-live-ne-facebook-duke-ngare-makine-ne-rrugen-e-arbrit-aksidentohet-i-riu\\\/#primaryimage\",\"url\":\"https:\\\/\\\/tiranalajm.com\\\/wp-content\\\/uploads\\\/2023\\\/08\\\/640-0-1692973454xaksident-330.jpg\",\"contentUrl\":\"https:\\\/\\\/tiranalajm.com\\\/wp-content\\\/uploads\\\/2023\\\/08\\\/640-0-1692973454xaksident-330.jpg\",\"width\":640,\"height\":361},{\"@type\":\"BreadcrumbList\",\"@id\":\"https:\\\/\\\/tiranalajm.com\\\/index.php\\\/2023\\\/08\\\/25\\\/video-oj-nene-bre-ishte-live-ne-facebook-duke-ngare-makine-ne-rrugen-e-arbrit-aksidentohet-i-riu\\\/#breadcrumb\",\"itemListElement\":[{\"@type\":\"ListItem\",\"position\":1,\"name\":\"Home\",\"item\":\"https:\\\/\\\/tiranalajm.com\\\/\"},{\"@type\":\"ListItem\",\"position\":2,\"name\":\"VIDEO\\\/ \u201cOj n\u00ebn\u00eb bre\u201d, ishte live n\u00eb Facebook duke ngar\u00eb makin\u00eb n\u00eb rrug\u00ebn e Arbrit, aksidentohet i riu\"}]},{\"@type\":\"WebSite\",\"@id\":\"https:\\\/\\\/tiranalajm.com\\\/#website\",\"url\":\"https:\\\/\\\/tiranalajm.com\\\/\",\"name\":\"Tirana Lajm\",\"description\":\"Tirana Lajm\",\"publisher\":{\"@id\":\"https:\\\/\\\/tiranalajm.com\\\/#organization\"},\"potentialAction\":[{\"@type\":\"SearchAction\",\"target\":{\"@type\":\"EntryPoint\",\"urlTemplate\":\"https:\\\/\\\/tiranalajm.com\\\/?s={search_term_string}\"},\"query-input\":{\"@type\":\"PropertyValueSpecification\",\"valueRequired\":true,\"valueName\":\"search_term_string\"}}],\"inLanguage\":\"en-US\"},{\"@type\":\"Organization\",\"@id\":\"https:\\\/\\\/tiranalajm.com\\\/#organization\",\"name\":\"Tirana Lajm\",\"url\":\"https:\\\/\\\/tiranalajm.com\\\/\",\"logo\":{\"@type\":\"ImageObject\",\"inLanguage\":\"en-US\",\"@id\":\"https:\\\/\\\/tiranalajm.com\\\/#\\\/schema\\\/logo\\\/image\\\/\",\"url\":\"https:\\\/\\\/tiranalajm.com\\\/wp-content\\\/uploads\\\/2023\\\/08\\\/logo-tirana-lajm.jpg\",\"contentUrl\":\"https:\\\/\\\/tiranalajm.com\\\/wp-content\\\/uploads\\\/2023\\\/08\\\/logo-tirana-lajm.jpg\",\"width\":600,\"height\":360,\"caption\":\"Tirana Lajm\"},\"image\":{\"@id\":\"https:\\\/\\\/tiranalajm.com\\\/#\\\/schema\\\/logo\\\/image\\\/\"}},{\"@type\":\"Person\",\"@id\":\"https:\\\/\\\/tiranalajm.com\\\/#\\\/schema\\\/person\\\/d62adf3f0d0ba38eb923c3c1f5152717\",\"name\":\"tiranalajm.com\",\"image\":{\"@type\":\"ImageObject\",\"inLanguage\":\"en-US\",\"@id\":\"https:\\\/\\\/secure.gravatar.com\\\/avatar\\\/70082bb8d030bb6b79327cd6e282b497e1b999934e601ba07a020bca96c4dbee?s=96&d=mm&r=g\",\"url\":\"https:\\\/\\\/secure.gravatar.com\\\/avatar\\\/70082bb8d030bb6b79327cd6e282b497e1b999934e601ba07a020bca96c4dbee?s=96&d=mm&r=g\",\"contentUrl\":\"https:\\\/\\\/secure.gravatar.com\\\/avatar\\\/70082bb8d030bb6b79327cd6e282b497e1b999934e601ba07a020bca96c4dbee?s=96&d=mm&r=g\",\"caption\":\"tiranalajm.com\"},\"sameAs\":[\"http:\\\/\\\/tiranalajm.com\"],\"url\":\"https:\\\/\\\/tiranalajm.com\\\/index.php\\\/author\\\/tiranalajm-com\\\/\"}]}<\/script>\n<!-- \/ Yoast SEO plugin. -->","yoast_head_json":{"title":"VIDEO\/ \u201cOj n\u00ebn\u00eb bre\u201d, ishte live n\u00eb Facebook duke ngar\u00eb makin\u00eb n\u00eb rrug\u00ebn e Arbrit, aksidentohet i riu - Tirana Lajm","robots":{"index":"index","follow":"follow","max-snippet":"max-snippet:-1","max-image-preview":"max-image-preview:large","max-video-preview":"max-video-preview:-1"},"canonical":"https:\/\/tiranalajm.com\/index.php\/2023\/08\/25\/video-oj-nene-bre-ishte-live-ne-facebook-duke-ngare-makine-ne-rrugen-e-arbrit-aksidentohet-i-riu\/","og_locale":"en_US","og_type":"article","og_title":"VIDEO\/ \u201cOj n\u00ebn\u00eb bre\u201d, ishte live n\u00eb Facebook duke ngar\u00eb makin\u00eb n\u00eb rrug\u00ebn e Arbrit, aksidentohet i riu - Tirana Lajm","og_description":"Nj\u00eb person \u00ebsht\u00eb p\u00ebrplasur me makin\u00ebn e tij teksa po b\u00ebnte nj\u00eb video live n\u00eb rrug\u00ebn e Arbrit. Qytetit shihet teksa ec\u00ebn n\u00eb k\u00ebt\u00eb aks rrugor dhe b\u00ebn video live me muzik\u00eb n\u00eb sfond. Por n\u00eb nj\u00eb moment, teksa mban telefonin n\u00eb duar, ai humb kontrollin e makin\u00ebs dhe p\u00ebrplaset. Pas p\u00ebrplasjes, ai fillon t\u00eb [&hellip;]","og_url":"https:\/\/tiranalajm.com\/index.php\/2023\/08\/25\/video-oj-nene-bre-ishte-live-ne-facebook-duke-ngare-makine-ne-rrugen-e-arbrit-aksidentohet-i-riu\/","og_site_name":"Tirana Lajm","article_published_time":"2023-08-25T14:53:42+00:00","article_modified_time":"2023-08-25T14:53:43+00:00","og_image":[{"width":640,"height":361,"url":"http:\/\/tiranalajm.com\/wp-content\/uploads\/2023\/08\/640-0-1692973454xaksident-330.jpg","type":"image\/jpeg"}],"author":"tiranalajm.com","twitter_card":"summary_large_image","twitter_misc":{"Written by":"tiranalajm.com","Est. reading time":"1 minute"},"schema":{"@context":"https:\/\/schema.org","@graph":[{"@type":"Article","@id":"https:\/\/tiranalajm.com\/index.php\/2023\/08\/25\/video-oj-nene-bre-ishte-live-ne-facebook-duke-ngare-makine-ne-rrugen-e-arbrit-aksidentohet-i-riu\/#article","isPartOf":{"@id":"https:\/\/tiranalajm.com\/index.php\/2023\/08\/25\/video-oj-nene-bre-ishte-live-ne-facebook-duke-ngare-makine-ne-rrugen-e-arbrit-aksidentohet-i-riu\/"},"author":{"name":"tiranalajm.com","@id":"https:\/\/tiranalajm.com\/#\/schema\/person\/d62adf3f0d0ba38eb923c3c1f5152717"},"headline":"VIDEO\/ \u201cOj n\u00ebn\u00eb bre\u201d, ishte live n\u00eb Facebook duke ngar\u00eb makin\u00eb n\u00eb rrug\u00ebn e Arbrit, aksidentohet i riu","datePublished":"2023-08-25T14:53:42+00:00","dateModified":"2023-08-25T14:53:43+00:00","mainEntityOfPage":{"@id":"https:\/\/tiranalajm.com\/index.php\/2023\/08\/25\/video-oj-nene-bre-ishte-live-ne-facebook-duke-ngare-makine-ne-rrugen-e-arbrit-aksidentohet-i-riu\/"},"wordCount":94,"commentCount":0,"publisher":{"@id":"https:\/\/tiranalajm.com\/#organization"},"image":{"@id":"https:\/\/tiranalajm.com\/index.php\/2023\/08\/25\/video-oj-nene-bre-ishte-live-ne-facebook-duke-ngare-makine-ne-rrugen-e-arbrit-aksidentohet-i-riu\/#primaryimage"},"thumbnailUrl":"https:\/\/tiranalajm.com\/wp-content\/uploads\/2023\/08\/640-0-1692973454xaksident-330.jpg","articleSection":["Kryesore","Ne vemendje","Rreth botes","Rreth vendit"],"inLanguage":"en-US","potentialAction":[{"@type":"CommentAction","name":"Comment","target":["https:\/\/tiranalajm.com\/index.php\/2023\/08\/25\/video-oj-nene-bre-ishte-live-ne-facebook-duke-ngare-makine-ne-rrugen-e-arbrit-aksidentohet-i-riu\/#respond"]}]},{"@type":"WebPage","@id":"https:\/\/tiranalajm.com\/index.php\/2023\/08\/25\/video-oj-nene-bre-ishte-live-ne-facebook-duke-ngare-makine-ne-rrugen-e-arbrit-aksidentohet-i-riu\/","url":"https:\/\/tiranalajm.com\/index.php\/2023\/08\/25\/video-oj-nene-bre-ishte-live-ne-facebook-duke-ngare-makine-ne-rrugen-e-arbrit-aksidentohet-i-riu\/","name":"VIDEO\/ \u201cOj n\u00ebn\u00eb bre\u201d, ishte live n\u00eb Facebook duke ngar\u00eb makin\u00eb n\u00eb rrug\u00ebn e Arbrit, aksidentohet i riu - Tirana Lajm","isPartOf":{"@id":"https:\/\/tiranalajm.com\/#website"},"primaryImageOfPage":{"@id":"https:\/\/tiranalajm.com\/index.php\/2023\/08\/25\/video-oj-nene-bre-ishte-live-ne-facebook-duke-ngare-makine-ne-rrugen-e-arbrit-aksidentohet-i-riu\/#primaryimage"},"image":{"@id":"https:\/\/tiranalajm.com\/index.php\/2023\/08\/25\/video-oj-nene-bre-ishte-live-ne-facebook-duke-ngare-makine-ne-rrugen-e-arbrit-aksidentohet-i-riu\/#primaryimage"},"thumbnailUrl":"https:\/\/tiranalajm.com\/wp-content\/uploads\/2023\/08\/640-0-1692973454xaksident-330.jpg","datePublished":"2023-08-25T14:53:42+00:00","dateModified":"2023-08-25T14:53:43+00:00","breadcrumb":{"@id":"https:\/\/tiranalajm.com\/index.php\/2023\/08\/25\/video-oj-nene-bre-ishte-live-ne-facebook-duke-ngare-makine-ne-rrugen-e-arbrit-aksidentohet-i-riu\/#breadcrumb"},"inLanguage":"en-US","potentialAction":[{"@type":"ReadAction","target":["https:\/\/tiranalajm.com\/index.php\/2023\/08\/25\/video-oj-nene-bre-ishte-live-ne-facebook-duke-ngare-makine-ne-rrugen-e-arbrit-aksidentohet-i-riu\/"]}]},{"@type":"ImageObject","inLanguage":"en-US","@id":"https:\/\/tiranalajm.com\/index.php\/2023\/08\/25\/video-oj-nene-bre-ishte-live-ne-facebook-duke-ngare-makine-ne-rrugen-e-arbrit-aksidentohet-i-riu\/#primaryimage","url":"https:\/\/tiranalajm.com\/wp-content\/uploads\/2023\/08\/640-0-1692973454xaksident-330.jpg","contentUrl":"https:\/\/tiranalajm.com\/wp-content\/uploads\/2023\/08\/640-0-1692973454xaksident-330.jpg","width":640,"height":361},{"@type":"BreadcrumbList","@id":"https:\/\/tiranalajm.com\/index.php\/2023\/08\/25\/video-oj-nene-bre-ishte-live-ne-facebook-duke-ngare-makine-ne-rrugen-e-arbrit-aksidentohet-i-riu\/#breadcrumb","itemListElement":[{"@type":"ListItem","position":1,"name":"Home","item":"https:\/\/tiranalajm.com\/"},{"@type":"ListItem","position":2,"name":"VIDEO\/ \u201cOj n\u00ebn\u00eb bre\u201d, ishte live n\u00eb Facebook duke ngar\u00eb makin\u00eb n\u00eb rrug\u00ebn e Arbrit, aksidentohet i riu"}]},{"@type":"WebSite","@id":"https:\/\/tiranalajm.com\/#website","url":"https:\/\/tiranalajm.com\/","name":"Tirana Lajm","description":"Tirana Lajm","publisher":{"@id":"https:\/\/tiranalajm.com\/#organization"},"potentialAction":[{"@type":"SearchAction","target":{"@type":"EntryPoint","urlTemplate":"https:\/\/tiranalajm.com\/?s={search_term_string}"},"query-input":{"@type":"PropertyValueSpecification","valueRequired":true,"valueName":"search_term_string"}}],"inLanguage":"en-US"},{"@type":"Organization","@id":"https:\/\/tiranalajm.com\/#organization","name":"Tirana Lajm","url":"https:\/\/tiranalajm.com\/","logo":{"@type":"ImageObject","inLanguage":"en-US","@id":"https:\/\/tiranalajm.com\/#\/schema\/logo\/image\/","url":"https:\/\/tiranalajm.com\/wp-content\/uploads\/2023\/08\/logo-tirana-lajm.jpg","contentUrl":"https:\/\/tiranalajm.com\/wp-content\/uploads\/2023\/08\/logo-tirana-lajm.jpg","width":600,"height":360,"caption":"Tirana Lajm"},"image":{"@id":"https:\/\/tiranalajm.com\/#\/schema\/logo\/image\/"}},{"@type":"Person","@id":"https:\/\/tiranalajm.com\/#\/schema\/person\/d62adf3f0d0ba38eb923c3c1f5152717","name":"tiranalajm.com","image":{"@type":"ImageObject","inLanguage":"en-US","@id":"https:\/\/secure.gravatar.com\/avatar\/70082bb8d030bb6b79327cd6e282b497e1b999934e601ba07a020bca96c4dbee?s=96&d=mm&r=g","url":"https:\/\/secure.gravatar.com\/avatar\/70082bb8d030bb6b79327cd6e282b497e1b999934e601ba07a020bca96c4dbee?s=96&d=mm&r=g","contentUrl":"https:\/\/secure.gravatar.com\/avatar\/70082bb8d030bb6b79327cd6e282b497e1b999934e601ba07a020bca96c4dbee?s=96&d=mm&r=g","caption":"tiranalajm.com"},"sameAs":["http:\/\/tiranalajm.com"],"url":"https:\/\/tiranalajm.com\/index.php\/author\/tiranalajm-com\/"}]}},"_links":{"self":[{"href":"https:\/\/tiranalajm.com\/index.php\/wp-json\/wp\/v2\/posts\/10","targetHints":{"allow":["GET"]}}],"collection":[{"href":"https:\/\/tiranalajm.com\/index.php\/wp-json\/wp\/v2\/posts"}],"about":[{"href":"https:\/\/tiranalajm.com\/index.php\/wp-json\/wp\/v2\/types\/post"}],"author":[{"embeddable":true,"href":"https:\/\/tiranalajm.com\/index.php\/wp-json\/wp\/v2\/users\/1"}],"replies":[{"embeddable":true,"href":"https:\/\/tiranalajm.com\/index.php\/wp-json\/wp\/v2\/comments?post=10"}],"version-history":[{"count":1,"href":"https:\/\/tiranalajm.com\/index.php\/wp-json\/wp\/v2\/posts\/10\/revisions"}],"predecessor-version":[{"id":13,"href":"https:\/\/tiranalajm.com\/index.php\/wp-json\/wp\/v2\/posts\/10\/revisions\/13"}],"wp:featuredmedia":[{"embeddable":true,"href":"https:\/\/tiranalajm.com\/index.php\/wp-json\/wp\/v2\/media\/12"}],"wp:attachment":[{"href":"https:\/\/tiranalajm.com\/index.php\/wp-json\/wp\/v2\/media?parent=10"}],"wp:term":[{"taxonomy":"category","embeddable":true,"href":"https:\/\/tiranalajm.com\/index.php\/wp-json\/wp\/v2\/categories?post=10"},{"taxonomy":"post_tag","embeddable":true,"href":"https:\/\/tiranalajm.com\/index.php\/wp-json\/wp\/v2\/tags?post=10"}],"curies":[{"name":"wp","href":"https:\/\/api.w.org\/{rel}","templated":true}]}}