{"id":105,"date":"2024-04-25T08:34:45","date_gmt":"2024-04-25T07:34:45","guid":{"rendered":"https:\/\/tiranalajm.com\/?p=105"},"modified":"2024-04-25T08:34:46","modified_gmt":"2024-04-25T07:34:46","slug":"ligji-qe-prek-edhe-shqiptaret-avokati-kush-dergohet-ne-ruanda-nuk-kthehet-me-ne-britani-edhe-po-fitoi-azilin","status":"publish","type":"post","link":"https:\/\/tiranalajm.com\/index.php\/2024\/04\/25\/ligji-qe-prek-edhe-shqiptaret-avokati-kush-dergohet-ne-ruanda-nuk-kthehet-me-ne-britani-edhe-po-fitoi-azilin\/","title":{"rendered":"Ligji q\u00eb prek edhe shqiptar\u00ebt, avokati: Kush d\u00ebrgohet n\u00eb Ruanda nuk kthehet m\u00eb n\u00eb Britani edhe po fitoi azilin\u00a0"},"content":{"rendered":"\n<p>Brenda 10-12 jav\u00ebve, nga Britania e Madhe do t\u00eb niset fluturimi i par\u00eb me emigrant\u00eb t\u00eb paligjsh\u00ebm n\u00eb drejtim t\u00eb Ruand\u00ebs, pasi paketa e emigracionit q\u00eb parashikon d\u00ebrgimin e azilk\u00ebrkuesve n\u00eb shtetin afrikan, u miratua mbr\u00ebmjen e s\u00eb h\u00ebn\u00ebs n\u00eb Parlament.<\/p>\n\n\n\n<p>Avokati shqiptar n\u00eb Lond\u00ebr, Sajmir Kumria, shpjegoi t\u00eb gjith\u00eb kategorit\u00eb e azilk\u00ebrkuesve q\u00eb rrezikojn\u00eb t\u00eb largohen drejt Ruand\u00ebs, ku nuk p\u00ebrjashtohen as shqiptar\u00ebt e mb\u00ebrritur dy vitet e fundit.<\/p>\n\n\n\n<p><em>\u201cPersonat q\u00eb jan\u00eb n\u00eb rrezik nga ky ligj, m\u00ebnyr\u00eb absolute nuk do tu pranohet k\u00ebrkesa e azilit dhe do t\u00eb jen\u00eb subjekt direkt p\u00ebr d\u00ebrgimin n\u00eb Ruanda. Por po ashtu jan\u00eb subjekt potencial n\u00eb rrezik, t\u00eb gjith\u00eb ata qytetar\u00eb q\u00eb kan\u00eb hyr\u00eb n\u00eb m\u00ebnyr\u00eb ilegale n\u00eb Mbret\u00ebrin\u00eb e Bashkuar nga 1 janari 2022 dhe t\u00eb cil\u00ebt kan\u00eb k\u00ebrkuar azil, azil q\u00eb mund t\u00eb rezultoj\u00eb n\u00eb vijim q\u00eb merr nj\u00eb refuzim t\u00eb form\u00ebs s\u00eb prer\u00eb n\u00eb Mbret\u00ebrin\u00eb e Bashkuar. T\u00eb gjith\u00eb personat nga \u00e7do nacionalitet q\u00eb nga sot e n\u00eb vazhdim hyjn\u00eb n\u00eb Mbret\u00ebrin\u00eb e Bashkuar, nuk do e ken\u00eb m\u00eb mund\u00ebsin\u00eb t\u00eb k\u00ebrkojn\u00eb azil, apo mbrojtje mb\u00ebshtetur n\u00eb legjislacionin e azilit\u201d,<\/em>&nbsp;tha avokati p\u00ebr A2CNN.<\/p>\n\n\n\n<p>Teksa ligji pret aprovimin nga Mbreti Charles III p\u00ebr t\u00eb hyr\u00eb n\u00eb fuqi, procedurat teknike p\u00ebr largimin e azilant\u00ebve drejt Ruand\u00ebs do t\u00eb njoftohen nga Home Office.<\/p>\n\n\n\n<p>Kumria sqaroi se ligji i ri parashikon d\u00ebrgimin e azilk\u00ebrkuesve n\u00eb Ruanda jo p\u00ebr t\u00eb pritur vendimin final, por p\u00ebr t\u00eb mos u kthyer m\u00eb kurr\u00eb n\u00eb Britanin\u00eb e Madhe.<\/p>\n\n\n\n<p><em>\u201cAjo q\u00eb duhet t\u00eb theksojm\u00eb \u00ebsht\u00eb se t\u00eb gjith\u00eb qytetar\u00ebt q\u00eb k\u00ebrkojn\u00eb azil p\u00ebr t\u2019u mbrojtur nga problematikat q\u00eb ata faktojn\u00eb p\u00ebr jet\u00ebn e tyre, n\u00ebse shkojn\u00eb n\u00eb Ruanda nuk e ka m\u00eb t\u00eb drejt\u00ebn t\u00eb kthehet n\u00eb Mbret\u00ebrin\u00eb e Bashkuar edhe n\u00ebse azili i tyre aprovohet. Cilido q\u00eb shkon n\u00eb Ruanda do t\u00eb ndjek\u00eb procedur\u00ebn e azilit atje dhe n\u00ebse e fiton azilin do t\u00eb jetoj\u00eb dhe integrohet n\u00eb shoq\u00ebrin\u00eb e Ruand\u00ebs sipas legjislacionit atje.\u201d<\/em><\/p>\n","protected":false},"excerpt":{"rendered":"<p>Brenda 10-12 jav\u00ebve, nga Britania e Madhe do t\u00eb niset fluturimi i par\u00eb me emigrant\u00eb t\u00eb paligjsh\u00ebm n\u00eb drejtim t\u00eb Ruand\u00ebs, pasi paketa e emigracionit q\u00eb parashikon d\u00ebrgimin e azilk\u00ebrkuesve n\u00eb shtetin afrikan, u miratua mbr\u00ebmjen e s\u00eb h\u00ebn\u00ebs n\u00eb Parlament. Avokati shqiptar n\u00eb Lond\u00ebr, Sajmir Kumria, shpjegoi t\u00eb gjith\u00eb kategorit\u00eb e azilk\u00ebrkuesve q\u00eb rrezikojn\u00eb [&hellip;]<\/p>\n","protected":false},"author":1,"featured_media":106,"comment_status":"open","ping_status":"open","sticky":false,"template":"","format":"standard","meta":{"footnotes":""},"categories":[4,2],"tags":[],"class_list":["post-105","post","type-post","status-publish","format-standard","has-post-thumbnail","hentry","category-kryesore","category-rreth-botes"],"yoast_head":"<!-- This site is optimized with the Yoast SEO plugin v27.4 - https:\/\/yoast.com\/product\/yoast-seo-wordpress\/ -->\n<title>Ligji q\u00eb prek edhe shqiptar\u00ebt, avokati: Kush d\u00ebrgohet n\u00eb Ruanda nuk kthehet m\u00eb n\u00eb Britani edhe po fitoi azilin\u00a0 - Tirana Lajm<\/title>\n<meta name=\"robots\" content=\"index, follow, max-snippet:-1, max-image-preview:large, max-video-preview:-1\" \/>\n<link rel=\"canonical\" href=\"https:\/\/tiranalajm.com\/index.php\/2024\/04\/25\/ligji-qe-prek-edhe-shqiptaret-avokati-kush-dergohet-ne-ruanda-nuk-kthehet-me-ne-britani-edhe-po-fitoi-azilin\/\" \/>\n<meta property=\"og:locale\" content=\"en_US\" \/>\n<meta property=\"og:type\" content=\"article\" \/>\n<meta property=\"og:title\" content=\"Ligji q\u00eb prek edhe shqiptar\u00ebt, avokati: Kush d\u00ebrgohet n\u00eb Ruanda nuk kthehet m\u00eb n\u00eb Britani edhe po fitoi azilin\u00a0 - Tirana Lajm\" \/>\n<meta property=\"og:description\" content=\"Brenda 10-12 jav\u00ebve, nga Britania e Madhe do t\u00eb niset fluturimi i par\u00eb me emigrant\u00eb t\u00eb paligjsh\u00ebm n\u00eb drejtim t\u00eb Ruand\u00ebs, pasi paketa e emigracionit q\u00eb parashikon d\u00ebrgimin e azilk\u00ebrkuesve n\u00eb shtetin afrikan, u miratua mbr\u00ebmjen e s\u00eb h\u00ebn\u00ebs n\u00eb Parlament. Avokati shqiptar n\u00eb Lond\u00ebr, Sajmir Kumria, shpjegoi t\u00eb gjith\u00eb kategorit\u00eb e azilk\u00ebrkuesve q\u00eb rrezikojn\u00eb [&hellip;]\" \/>\n<meta property=\"og:url\" content=\"https:\/\/tiranalajm.com\/index.php\/2024\/04\/25\/ligji-qe-prek-edhe-shqiptaret-avokati-kush-dergohet-ne-ruanda-nuk-kthehet-me-ne-britani-edhe-po-fitoi-azilin\/\" \/>\n<meta property=\"og:site_name\" content=\"Tirana Lajm\" \/>\n<meta property=\"article:published_time\" content=\"2024-04-25T07:34:45+00:00\" \/>\n<meta property=\"article:modified_time\" content=\"2024-04-25T07:34:46+00:00\" \/>\n<meta property=\"og:image\" content=\"http:\/\/tiranalajm.com\/wp-content\/uploads\/2024\/04\/640-0-screenshot-8-2-1713984331.png\" \/>\n\t<meta property=\"og:image:width\" content=\"640\" \/>\n\t<meta property=\"og:image:height\" content=\"477\" \/>\n\t<meta property=\"og:image:type\" content=\"image\/png\" \/>\n<meta name=\"author\" content=\"tiranalajm.com\" \/>\n<meta name=\"twitter:card\" content=\"summary_large_image\" \/>\n<meta name=\"twitter:label1\" content=\"Written by\" \/>\n\t<meta name=\"twitter:data1\" content=\"tiranalajm.com\" \/>\n\t<meta name=\"twitter:label2\" content=\"Est. reading time\" \/>\n\t<meta name=\"twitter:data2\" content=\"2 minutes\" \/>\n<script type=\"application\/ld+json\" class=\"yoast-schema-graph\">{\"@context\":\"https:\\\/\\\/schema.org\",\"@graph\":[{\"@type\":\"Article\",\"@id\":\"https:\\\/\\\/tiranalajm.com\\\/index.php\\\/2024\\\/04\\\/25\\\/ligji-qe-prek-edhe-shqiptaret-avokati-kush-dergohet-ne-ruanda-nuk-kthehet-me-ne-britani-edhe-po-fitoi-azilin\\\/#article\",\"isPartOf\":{\"@id\":\"https:\\\/\\\/tiranalajm.com\\\/index.php\\\/2024\\\/04\\\/25\\\/ligji-qe-prek-edhe-shqiptaret-avokati-kush-dergohet-ne-ruanda-nuk-kthehet-me-ne-britani-edhe-po-fitoi-azilin\\\/\"},\"author\":{\"name\":\"tiranalajm.com\",\"@id\":\"https:\\\/\\\/tiranalajm.com\\\/#\\\/schema\\\/person\\\/d62adf3f0d0ba38eb923c3c1f5152717\"},\"headline\":\"Ligji q\u00eb prek edhe shqiptar\u00ebt, avokati: Kush d\u00ebrgohet n\u00eb Ruanda nuk kthehet m\u00eb n\u00eb Britani edhe po fitoi azilin\u00a0\",\"datePublished\":\"2024-04-25T07:34:45+00:00\",\"dateModified\":\"2024-04-25T07:34:46+00:00\",\"mainEntityOfPage\":{\"@id\":\"https:\\\/\\\/tiranalajm.com\\\/index.php\\\/2024\\\/04\\\/25\\\/ligji-qe-prek-edhe-shqiptaret-avokati-kush-dergohet-ne-ruanda-nuk-kthehet-me-ne-britani-edhe-po-fitoi-azilin\\\/\"},\"wordCount\":390,\"commentCount\":0,\"publisher\":{\"@id\":\"https:\\\/\\\/tiranalajm.com\\\/#organization\"},\"image\":{\"@id\":\"https:\\\/\\\/tiranalajm.com\\\/index.php\\\/2024\\\/04\\\/25\\\/ligji-qe-prek-edhe-shqiptaret-avokati-kush-dergohet-ne-ruanda-nuk-kthehet-me-ne-britani-edhe-po-fitoi-azilin\\\/#primaryimage\"},\"thumbnailUrl\":\"https:\\\/\\\/tiranalajm.com\\\/wp-content\\\/uploads\\\/2024\\\/04\\\/640-0-screenshot-8-2-1713984331.png\",\"articleSection\":[\"Kryesore\",\"Rreth botes\"],\"inLanguage\":\"en-US\",\"potentialAction\":[{\"@type\":\"CommentAction\",\"name\":\"Comment\",\"target\":[\"https:\\\/\\\/tiranalajm.com\\\/index.php\\\/2024\\\/04\\\/25\\\/ligji-qe-prek-edhe-shqiptaret-avokati-kush-dergohet-ne-ruanda-nuk-kthehet-me-ne-britani-edhe-po-fitoi-azilin\\\/#respond\"]}]},{\"@type\":\"WebPage\",\"@id\":\"https:\\\/\\\/tiranalajm.com\\\/index.php\\\/2024\\\/04\\\/25\\\/ligji-qe-prek-edhe-shqiptaret-avokati-kush-dergohet-ne-ruanda-nuk-kthehet-me-ne-britani-edhe-po-fitoi-azilin\\\/\",\"url\":\"https:\\\/\\\/tiranalajm.com\\\/index.php\\\/2024\\\/04\\\/25\\\/ligji-qe-prek-edhe-shqiptaret-avokati-kush-dergohet-ne-ruanda-nuk-kthehet-me-ne-britani-edhe-po-fitoi-azilin\\\/\",\"name\":\"Ligji q\u00eb prek edhe shqiptar\u00ebt, avokati: Kush d\u00ebrgohet n\u00eb Ruanda nuk kthehet m\u00eb n\u00eb Britani edhe po fitoi azilin\u00a0 - Tirana Lajm\",\"isPartOf\":{\"@id\":\"https:\\\/\\\/tiranalajm.com\\\/#website\"},\"primaryImageOfPage\":{\"@id\":\"https:\\\/\\\/tiranalajm.com\\\/index.php\\\/2024\\\/04\\\/25\\\/ligji-qe-prek-edhe-shqiptaret-avokati-kush-dergohet-ne-ruanda-nuk-kthehet-me-ne-britani-edhe-po-fitoi-azilin\\\/#primaryimage\"},\"image\":{\"@id\":\"https:\\\/\\\/tiranalajm.com\\\/index.php\\\/2024\\\/04\\\/25\\\/ligji-qe-prek-edhe-shqiptaret-avokati-kush-dergohet-ne-ruanda-nuk-kthehet-me-ne-britani-edhe-po-fitoi-azilin\\\/#primaryimage\"},\"thumbnailUrl\":\"https:\\\/\\\/tiranalajm.com\\\/wp-content\\\/uploads\\\/2024\\\/04\\\/640-0-screenshot-8-2-1713984331.png\",\"datePublished\":\"2024-04-25T07:34:45+00:00\",\"dateModified\":\"2024-04-25T07:34:46+00:00\",\"breadcrumb\":{\"@id\":\"https:\\\/\\\/tiranalajm.com\\\/index.php\\\/2024\\\/04\\\/25\\\/ligji-qe-prek-edhe-shqiptaret-avokati-kush-dergohet-ne-ruanda-nuk-kthehet-me-ne-britani-edhe-po-fitoi-azilin\\\/#breadcrumb\"},\"inLanguage\":\"en-US\",\"potentialAction\":[{\"@type\":\"ReadAction\",\"target\":[\"https:\\\/\\\/tiranalajm.com\\\/index.php\\\/2024\\\/04\\\/25\\\/ligji-qe-prek-edhe-shqiptaret-avokati-kush-dergohet-ne-ruanda-nuk-kthehet-me-ne-britani-edhe-po-fitoi-azilin\\\/\"]}]},{\"@type\":\"ImageObject\",\"inLanguage\":\"en-US\",\"@id\":\"https:\\\/\\\/tiranalajm.com\\\/index.php\\\/2024\\\/04\\\/25\\\/ligji-qe-prek-edhe-shqiptaret-avokati-kush-dergohet-ne-ruanda-nuk-kthehet-me-ne-britani-edhe-po-fitoi-azilin\\\/#primaryimage\",\"url\":\"https:\\\/\\\/tiranalajm.com\\\/wp-content\\\/uploads\\\/2024\\\/04\\\/640-0-screenshot-8-2-1713984331.png\",\"contentUrl\":\"https:\\\/\\\/tiranalajm.com\\\/wp-content\\\/uploads\\\/2024\\\/04\\\/640-0-screenshot-8-2-1713984331.png\",\"width\":640,\"height\":477},{\"@type\":\"BreadcrumbList\",\"@id\":\"https:\\\/\\\/tiranalajm.com\\\/index.php\\\/2024\\\/04\\\/25\\\/ligji-qe-prek-edhe-shqiptaret-avokati-kush-dergohet-ne-ruanda-nuk-kthehet-me-ne-britani-edhe-po-fitoi-azilin\\\/#breadcrumb\",\"itemListElement\":[{\"@type\":\"ListItem\",\"position\":1,\"name\":\"Home\",\"item\":\"https:\\\/\\\/tiranalajm.com\\\/\"},{\"@type\":\"ListItem\",\"position\":2,\"name\":\"Ligji q\u00eb prek edhe shqiptar\u00ebt, avokati: Kush d\u00ebrgohet n\u00eb Ruanda nuk kthehet m\u00eb n\u00eb Britani edhe po fitoi azilin\u00a0\"}]},{\"@type\":\"WebSite\",\"@id\":\"https:\\\/\\\/tiranalajm.com\\\/#website\",\"url\":\"https:\\\/\\\/tiranalajm.com\\\/\",\"name\":\"Tirana Lajm\",\"description\":\"Tirana Lajm\",\"publisher\":{\"@id\":\"https:\\\/\\\/tiranalajm.com\\\/#organization\"},\"potentialAction\":[{\"@type\":\"SearchAction\",\"target\":{\"@type\":\"EntryPoint\",\"urlTemplate\":\"https:\\\/\\\/tiranalajm.com\\\/?s={search_term_string}\"},\"query-input\":{\"@type\":\"PropertyValueSpecification\",\"valueRequired\":true,\"valueName\":\"search_term_string\"}}],\"inLanguage\":\"en-US\"},{\"@type\":\"Organization\",\"@id\":\"https:\\\/\\\/tiranalajm.com\\\/#organization\",\"name\":\"Tirana Lajm\",\"url\":\"https:\\\/\\\/tiranalajm.com\\\/\",\"logo\":{\"@type\":\"ImageObject\",\"inLanguage\":\"en-US\",\"@id\":\"https:\\\/\\\/tiranalajm.com\\\/#\\\/schema\\\/logo\\\/image\\\/\",\"url\":\"https:\\\/\\\/tiranalajm.com\\\/wp-content\\\/uploads\\\/2023\\\/08\\\/logo-tirana-lajm.jpg\",\"contentUrl\":\"https:\\\/\\\/tiranalajm.com\\\/wp-content\\\/uploads\\\/2023\\\/08\\\/logo-tirana-lajm.jpg\",\"width\":600,\"height\":360,\"caption\":\"Tirana Lajm\"},\"image\":{\"@id\":\"https:\\\/\\\/tiranalajm.com\\\/#\\\/schema\\\/logo\\\/image\\\/\"}},{\"@type\":\"Person\",\"@id\":\"https:\\\/\\\/tiranalajm.com\\\/#\\\/schema\\\/person\\\/d62adf3f0d0ba38eb923c3c1f5152717\",\"name\":\"tiranalajm.com\",\"image\":{\"@type\":\"ImageObject\",\"inLanguage\":\"en-US\",\"@id\":\"https:\\\/\\\/secure.gravatar.com\\\/avatar\\\/70082bb8d030bb6b79327cd6e282b497e1b999934e601ba07a020bca96c4dbee?s=96&d=mm&r=g\",\"url\":\"https:\\\/\\\/secure.gravatar.com\\\/avatar\\\/70082bb8d030bb6b79327cd6e282b497e1b999934e601ba07a020bca96c4dbee?s=96&d=mm&r=g\",\"contentUrl\":\"https:\\\/\\\/secure.gravatar.com\\\/avatar\\\/70082bb8d030bb6b79327cd6e282b497e1b999934e601ba07a020bca96c4dbee?s=96&d=mm&r=g\",\"caption\":\"tiranalajm.com\"},\"sameAs\":[\"http:\\\/\\\/tiranalajm.com\"],\"url\":\"https:\\\/\\\/tiranalajm.com\\\/index.php\\\/author\\\/tiranalajm-com\\\/\"}]}<\/script>\n<!-- \/ Yoast SEO plugin. -->","yoast_head_json":{"title":"Ligji q\u00eb prek edhe shqiptar\u00ebt, avokati: Kush d\u00ebrgohet n\u00eb Ruanda nuk kthehet m\u00eb n\u00eb Britani edhe po fitoi azilin\u00a0 - Tirana Lajm","robots":{"index":"index","follow":"follow","max-snippet":"max-snippet:-1","max-image-preview":"max-image-preview:large","max-video-preview":"max-video-preview:-1"},"canonical":"https:\/\/tiranalajm.com\/index.php\/2024\/04\/25\/ligji-qe-prek-edhe-shqiptaret-avokati-kush-dergohet-ne-ruanda-nuk-kthehet-me-ne-britani-edhe-po-fitoi-azilin\/","og_locale":"en_US","og_type":"article","og_title":"Ligji q\u00eb prek edhe shqiptar\u00ebt, avokati: Kush d\u00ebrgohet n\u00eb Ruanda nuk kthehet m\u00eb n\u00eb Britani edhe po fitoi azilin\u00a0 - Tirana Lajm","og_description":"Brenda 10-12 jav\u00ebve, nga Britania e Madhe do t\u00eb niset fluturimi i par\u00eb me emigrant\u00eb t\u00eb paligjsh\u00ebm n\u00eb drejtim t\u00eb Ruand\u00ebs, pasi paketa e emigracionit q\u00eb parashikon d\u00ebrgimin e azilk\u00ebrkuesve n\u00eb shtetin afrikan, u miratua mbr\u00ebmjen e s\u00eb h\u00ebn\u00ebs n\u00eb Parlament. Avokati shqiptar n\u00eb Lond\u00ebr, Sajmir Kumria, shpjegoi t\u00eb gjith\u00eb kategorit\u00eb e azilk\u00ebrkuesve q\u00eb rrezikojn\u00eb [&hellip;]","og_url":"https:\/\/tiranalajm.com\/index.php\/2024\/04\/25\/ligji-qe-prek-edhe-shqiptaret-avokati-kush-dergohet-ne-ruanda-nuk-kthehet-me-ne-britani-edhe-po-fitoi-azilin\/","og_site_name":"Tirana Lajm","article_published_time":"2024-04-25T07:34:45+00:00","article_modified_time":"2024-04-25T07:34:46+00:00","og_image":[{"width":640,"height":477,"url":"http:\/\/tiranalajm.com\/wp-content\/uploads\/2024\/04\/640-0-screenshot-8-2-1713984331.png","type":"image\/png"}],"author":"tiranalajm.com","twitter_card":"summary_large_image","twitter_misc":{"Written by":"tiranalajm.com","Est. reading time":"2 minutes"},"schema":{"@context":"https:\/\/schema.org","@graph":[{"@type":"Article","@id":"https:\/\/tiranalajm.com\/index.php\/2024\/04\/25\/ligji-qe-prek-edhe-shqiptaret-avokati-kush-dergohet-ne-ruanda-nuk-kthehet-me-ne-britani-edhe-po-fitoi-azilin\/#article","isPartOf":{"@id":"https:\/\/tiranalajm.com\/index.php\/2024\/04\/25\/ligji-qe-prek-edhe-shqiptaret-avokati-kush-dergohet-ne-ruanda-nuk-kthehet-me-ne-britani-edhe-po-fitoi-azilin\/"},"author":{"name":"tiranalajm.com","@id":"https:\/\/tiranalajm.com\/#\/schema\/person\/d62adf3f0d0ba38eb923c3c1f5152717"},"headline":"Ligji q\u00eb prek edhe shqiptar\u00ebt, avokati: Kush d\u00ebrgohet n\u00eb Ruanda nuk kthehet m\u00eb n\u00eb Britani edhe po fitoi azilin\u00a0","datePublished":"2024-04-25T07:34:45+00:00","dateModified":"2024-04-25T07:34:46+00:00","mainEntityOfPage":{"@id":"https:\/\/tiranalajm.com\/index.php\/2024\/04\/25\/ligji-qe-prek-edhe-shqiptaret-avokati-kush-dergohet-ne-ruanda-nuk-kthehet-me-ne-britani-edhe-po-fitoi-azilin\/"},"wordCount":390,"commentCount":0,"publisher":{"@id":"https:\/\/tiranalajm.com\/#organization"},"image":{"@id":"https:\/\/tiranalajm.com\/index.php\/2024\/04\/25\/ligji-qe-prek-edhe-shqiptaret-avokati-kush-dergohet-ne-ruanda-nuk-kthehet-me-ne-britani-edhe-po-fitoi-azilin\/#primaryimage"},"thumbnailUrl":"https:\/\/tiranalajm.com\/wp-content\/uploads\/2024\/04\/640-0-screenshot-8-2-1713984331.png","articleSection":["Kryesore","Rreth botes"],"inLanguage":"en-US","potentialAction":[{"@type":"CommentAction","name":"Comment","target":["https:\/\/tiranalajm.com\/index.php\/2024\/04\/25\/ligji-qe-prek-edhe-shqiptaret-avokati-kush-dergohet-ne-ruanda-nuk-kthehet-me-ne-britani-edhe-po-fitoi-azilin\/#respond"]}]},{"@type":"WebPage","@id":"https:\/\/tiranalajm.com\/index.php\/2024\/04\/25\/ligji-qe-prek-edhe-shqiptaret-avokati-kush-dergohet-ne-ruanda-nuk-kthehet-me-ne-britani-edhe-po-fitoi-azilin\/","url":"https:\/\/tiranalajm.com\/index.php\/2024\/04\/25\/ligji-qe-prek-edhe-shqiptaret-avokati-kush-dergohet-ne-ruanda-nuk-kthehet-me-ne-britani-edhe-po-fitoi-azilin\/","name":"Ligji q\u00eb prek edhe shqiptar\u00ebt, avokati: Kush d\u00ebrgohet n\u00eb Ruanda nuk kthehet m\u00eb n\u00eb Britani edhe po fitoi azilin\u00a0 - Tirana Lajm","isPartOf":{"@id":"https:\/\/tiranalajm.com\/#website"},"primaryImageOfPage":{"@id":"https:\/\/tiranalajm.com\/index.php\/2024\/04\/25\/ligji-qe-prek-edhe-shqiptaret-avokati-kush-dergohet-ne-ruanda-nuk-kthehet-me-ne-britani-edhe-po-fitoi-azilin\/#primaryimage"},"image":{"@id":"https:\/\/tiranalajm.com\/index.php\/2024\/04\/25\/ligji-qe-prek-edhe-shqiptaret-avokati-kush-dergohet-ne-ruanda-nuk-kthehet-me-ne-britani-edhe-po-fitoi-azilin\/#primaryimage"},"thumbnailUrl":"https:\/\/tiranalajm.com\/wp-content\/uploads\/2024\/04\/640-0-screenshot-8-2-1713984331.png","datePublished":"2024-04-25T07:34:45+00:00","dateModified":"2024-04-25T07:34:46+00:00","breadcrumb":{"@id":"https:\/\/tiranalajm.com\/index.php\/2024\/04\/25\/ligji-qe-prek-edhe-shqiptaret-avokati-kush-dergohet-ne-ruanda-nuk-kthehet-me-ne-britani-edhe-po-fitoi-azilin\/#breadcrumb"},"inLanguage":"en-US","potentialAction":[{"@type":"ReadAction","target":["https:\/\/tiranalajm.com\/index.php\/2024\/04\/25\/ligji-qe-prek-edhe-shqiptaret-avokati-kush-dergohet-ne-ruanda-nuk-kthehet-me-ne-britani-edhe-po-fitoi-azilin\/"]}]},{"@type":"ImageObject","inLanguage":"en-US","@id":"https:\/\/tiranalajm.com\/index.php\/2024\/04\/25\/ligji-qe-prek-edhe-shqiptaret-avokati-kush-dergohet-ne-ruanda-nuk-kthehet-me-ne-britani-edhe-po-fitoi-azilin\/#primaryimage","url":"https:\/\/tiranalajm.com\/wp-content\/uploads\/2024\/04\/640-0-screenshot-8-2-1713984331.png","contentUrl":"https:\/\/tiranalajm.com\/wp-content\/uploads\/2024\/04\/640-0-screenshot-8-2-1713984331.png","width":640,"height":477},{"@type":"BreadcrumbList","@id":"https:\/\/tiranalajm.com\/index.php\/2024\/04\/25\/ligji-qe-prek-edhe-shqiptaret-avokati-kush-dergohet-ne-ruanda-nuk-kthehet-me-ne-britani-edhe-po-fitoi-azilin\/#breadcrumb","itemListElement":[{"@type":"ListItem","position":1,"name":"Home","item":"https:\/\/tiranalajm.com\/"},{"@type":"ListItem","position":2,"name":"Ligji q\u00eb prek edhe shqiptar\u00ebt, avokati: Kush d\u00ebrgohet n\u00eb Ruanda nuk kthehet m\u00eb n\u00eb Britani edhe po fitoi azilin\u00a0"}]},{"@type":"WebSite","@id":"https:\/\/tiranalajm.com\/#website","url":"https:\/\/tiranalajm.com\/","name":"Tirana Lajm","description":"Tirana Lajm","publisher":{"@id":"https:\/\/tiranalajm.com\/#organization"},"potentialAction":[{"@type":"SearchAction","target":{"@type":"EntryPoint","urlTemplate":"https:\/\/tiranalajm.com\/?s={search_term_string}"},"query-input":{"@type":"PropertyValueSpecification","valueRequired":true,"valueName":"search_term_string"}}],"inLanguage":"en-US"},{"@type":"Organization","@id":"https:\/\/tiranalajm.com\/#organization","name":"Tirana Lajm","url":"https:\/\/tiranalajm.com\/","logo":{"@type":"ImageObject","inLanguage":"en-US","@id":"https:\/\/tiranalajm.com\/#\/schema\/logo\/image\/","url":"https:\/\/tiranalajm.com\/wp-content\/uploads\/2023\/08\/logo-tirana-lajm.jpg","contentUrl":"https:\/\/tiranalajm.com\/wp-content\/uploads\/2023\/08\/logo-tirana-lajm.jpg","width":600,"height":360,"caption":"Tirana Lajm"},"image":{"@id":"https:\/\/tiranalajm.com\/#\/schema\/logo\/image\/"}},{"@type":"Person","@id":"https:\/\/tiranalajm.com\/#\/schema\/person\/d62adf3f0d0ba38eb923c3c1f5152717","name":"tiranalajm.com","image":{"@type":"ImageObject","inLanguage":"en-US","@id":"https:\/\/secure.gravatar.com\/avatar\/70082bb8d030bb6b79327cd6e282b497e1b999934e601ba07a020bca96c4dbee?s=96&d=mm&r=g","url":"https:\/\/secure.gravatar.com\/avatar\/70082bb8d030bb6b79327cd6e282b497e1b999934e601ba07a020bca96c4dbee?s=96&d=mm&r=g","contentUrl":"https:\/\/secure.gravatar.com\/avatar\/70082bb8d030bb6b79327cd6e282b497e1b999934e601ba07a020bca96c4dbee?s=96&d=mm&r=g","caption":"tiranalajm.com"},"sameAs":["http:\/\/tiranalajm.com"],"url":"https:\/\/tiranalajm.com\/index.php\/author\/tiranalajm-com\/"}]}},"_links":{"self":[{"href":"https:\/\/tiranalajm.com\/index.php\/wp-json\/wp\/v2\/posts\/105","targetHints":{"allow":["GET"]}}],"collection":[{"href":"https:\/\/tiranalajm.com\/index.php\/wp-json\/wp\/v2\/posts"}],"about":[{"href":"https:\/\/tiranalajm.com\/index.php\/wp-json\/wp\/v2\/types\/post"}],"author":[{"embeddable":true,"href":"https:\/\/tiranalajm.com\/index.php\/wp-json\/wp\/v2\/users\/1"}],"replies":[{"embeddable":true,"href":"https:\/\/tiranalajm.com\/index.php\/wp-json\/wp\/v2\/comments?post=105"}],"version-history":[{"count":1,"href":"https:\/\/tiranalajm.com\/index.php\/wp-json\/wp\/v2\/posts\/105\/revisions"}],"predecessor-version":[{"id":107,"href":"https:\/\/tiranalajm.com\/index.php\/wp-json\/wp\/v2\/posts\/105\/revisions\/107"}],"wp:featuredmedia":[{"embeddable":true,"href":"https:\/\/tiranalajm.com\/index.php\/wp-json\/wp\/v2\/media\/106"}],"wp:attachment":[{"href":"https:\/\/tiranalajm.com\/index.php\/wp-json\/wp\/v2\/media?parent=105"}],"wp:term":[{"taxonomy":"category","embeddable":true,"href":"https:\/\/tiranalajm.com\/index.php\/wp-json\/wp\/v2\/categories?post=105"},{"taxonomy":"post_tag","embeddable":true,"href":"https:\/\/tiranalajm.com\/index.php\/wp-json\/wp\/v2\/tags?post=105"}],"curies":[{"name":"wp","href":"https:\/\/api.w.org\/{rel}","templated":true}]}}