{"id":108,"date":"2024-05-31T20:22:37","date_gmt":"2024-05-31T19:22:37","guid":{"rendered":"https:\/\/tiranalajm.com\/?p=108"},"modified":"2024-05-31T20:22:38","modified_gmt":"2024-05-31T19:22:38","slug":"ka-akuza-te-renda-tashme-eshte-zyrtare-xhensila-myrtezaj-dhe-bes-kallaku-po-ndahen","status":"publish","type":"post","link":"https:\/\/tiranalajm.com\/index.php\/2024\/05\/31\/ka-akuza-te-renda-tashme-eshte-zyrtare-xhensila-myrtezaj-dhe-bes-kallaku-po-ndahen\/","title":{"rendered":"&#8216;Ka akuza t\u00eb r\u00ebnda&#8217;\/ Tashm\u00eb \u00ebsht\u00eb zyrtare! Xhensila Myrtezaj dhe Bes Kallaku po ndahen!\u00a0"},"content":{"rendered":"\n<p>&#8220;<strong><em>Kur<\/em>&nbsp;<em>dashni nuk paska mo, kjo kurr\u00eb s&#8217;ka qen\u00eb dashni<\/em>,&#8221;<\/strong>&#8211; k\u00ebto fjal\u00eb qartazi Besart Kallaku ia ka dedikuar asaj q\u00eb do t\u00eb b\u00ebhet ish-bashk\u00ebshortja e tij, Xhensila Myrtezaj. Ajo q\u00eb dukej fillimisht si nj\u00eb krisje e marr\u00ebdh\u00ebnies n\u00eb \u00e7ift mes aktorit Bes Kallaku dhe k\u00ebng\u00ebtares Xhensila Myrtezaj, duket se tashm\u00eb nuk ka m\u00eb kthim pas.<\/p>\n\n\n\n<p>\u00c7ifti kan\u00eb nisur procedurat e divorcit, duke pritur vendimin p\u00ebr t\u2019i dh\u00ebn\u00eb edhe ligj\u00ebrisht fund martes\u00ebs s\u00eb tyre. Burime p\u00ebr &#8220;Top Channel&#8221; kan\u00eb b\u00ebr\u00eb me dije se k\u00ebng\u00ebtarja ka paraqitur n\u00eb gjykat\u00eb k\u00ebrkes\u00ebn p\u00ebr divorc. K\u00ebrkesa fillimisht \u00ebsht\u00eb refuzuar pasi&nbsp;k\u00ebrkes\u00ebpadia nuk \u00ebsht\u00eb e n\u00ebnshkruar nga padit\u00ebsja Xhensila Myrtezaj, por nga avokatja e saj Donata Lepenica, e cila sipas gjykat\u00ebs nuk ka tag\u00ebr t\u00eb n\u00ebnshkruaj\u00eb at\u00eb.<\/p>\n\n\n\n<p>P\u00ebr k\u00ebt\u00eb arsye, gjyqtarja Adelajda Gjuzi ka vendosur: \u201c<em>Kthimin e k\u00ebrkes\u00ebpadis\u00eb dhe akteve bashk\u00eblidhur n\u00eb \u00e7\u00ebshtjen civile me Nr. 13860 Regj. Dt. 03.05.2024 t\u00eb pal\u00ebs padit\u00ebse Xhensila Kallaku. Shpenzimet gjyq\u00ebsore mbeten si jan\u00eb b\u00ebr\u00eb. Kund\u00ebr k\u00ebtij vendimi mund t\u00eb b\u00ebhet ankim i ve\u00e7ant\u00eb n\u00eb Gjykat\u00ebn e Apelit t\u00eb Juridiksionit t\u00eb P\u00ebrgjithsh\u00ebm, brenda 5 (pes\u00eb) diteve nga e nes\u00ebrmja e njoftimit t\u00eb vendimit t\u00eb arsyetuar. U shpall sot n\u00eb Tiran\u00eb, m\u00eb dat\u00eb 10.05.2024,\u201c<\/em>-shkruan Prapaskena.<\/p>\n\n\n\n<p>Por m\u00eb pas, k\u00ebng\u00ebtarja e ka rid\u00ebrguar pas 10 dit\u00ebsh, e po ashtu t\u00eb nj\u00ebjt\u00ebn gj\u00eb ka b\u00ebr\u00eb edhe aktori i njohur i humorit.&nbsp;Nga k\u00ebqyrja e dokumenteve, rezulton se k\u00ebng\u00ebtarja Xhensila Myrtezaj ngre akuza t\u00eb r\u00ebnda ndaj Bes Kallakut, si motive p\u00ebr zgjidhjen e martes\u00ebs, por ende nuk dihen detaje nga dosja.&nbsp;<\/p>\n\n\n\n<p>Dyshohet se martesa e tyre prej koh\u00ebsh nuk funksionon m\u00eb dhe se jetojn\u00eb n\u00eb sht\u00ebpi t\u00eb ndara. Madje burime t\u00eb\u00a0TiranaLajm b\u00ebjn\u00eb me dije se k\u00ebng\u00ebtarja ka nisur q\u00eb t\u00eb k\u00ebrkoj\u00eb nj\u00eb banes\u00eb t\u00eb re p\u00ebr t\u00eb jetuar bashk\u00eb me f\u00ebmij\u00ebt e \u00e7iftit, e mesa duket aktori ka marr\u00eb pron\u00ebsin\u00eb e vil\u00ebs n\u00eb t\u00eb cil\u00ebn jetonin t\u00eb dy. Deri m\u00eb tani, zyrtarisht vet\u00ebm Kallaku ka pranuar ndarjen teksa u rr\u00ebfehej konkurrent\u00ebve t\u00eb &#8220;FermaVIP&#8221;, nd\u00ebrsa deri m\u00eb sot Xhensila ka zgjedhur q\u00eb t\u00eb hesht\u00eb.<\/p>\n\n\n\n<p>Madje aktori, pak koh\u00eb m\u00eb par\u00eb ai publikoi edhe nj\u00eb k\u00ebng\u00eb q\u00eb e titulloi \u201cMosmir\u00ebnjohje\u201d, ku mes vargjesh, t\u00eb shkruara prej tij, shkruhej:&nbsp;<em><strong>nga mosmir\u00ebnjohja ta ktheva shpin\u00ebn\u2026 A do mbash m\u00ebkatet, a do b\u00ebsh viktim\u00ebn?<\/strong><\/em><\/p>\n\n\n\n<p>P\u00ebrgjigjen ia dha edhe Xhensila me nj\u00eb poezi, por deri m\u00eb sot nuk ka dal\u00eb p\u00ebr t\u00eb komentuar asgj\u00eb q\u00eb thuhet p\u00ebr t\u00eb.<\/p>\n","protected":false},"excerpt":{"rendered":"<p>&#8220;Kur&nbsp;dashni nuk paska mo, kjo kurr\u00eb s&#8217;ka qen\u00eb dashni,&#8221;&#8211; k\u00ebto fjal\u00eb qartazi Besart Kallaku ia ka dedikuar asaj q\u00eb do t\u00eb b\u00ebhet ish-bashk\u00ebshortja e tij, Xhensila Myrtezaj. Ajo q\u00eb dukej fillimisht si nj\u00eb krisje e marr\u00ebdh\u00ebnies n\u00eb \u00e7ift mes aktorit Bes Kallaku dhe k\u00ebng\u00ebtares Xhensila Myrtezaj, duket se tashm\u00eb nuk ka m\u00eb kthim pas. \u00c7ifti [&hellip;]<\/p>\n","protected":false},"author":1,"featured_media":109,"comment_status":"open","ping_status":"open","sticky":false,"template":"","format":"standard","meta":{"footnotes":""},"categories":[5,3],"tags":[],"class_list":["post-108","post","type-post","status-publish","format-standard","has-post-thumbnail","hentry","category-ne-vemendje","category-rreth-vendit"],"yoast_head":"<!-- This site is optimized with the Yoast SEO plugin v27.4 - https:\/\/yoast.com\/product\/yoast-seo-wordpress\/ -->\n<title>&#039;Ka akuza t\u00eb r\u00ebnda&#039;\/ Tashm\u00eb \u00ebsht\u00eb zyrtare! Xhensila Myrtezaj dhe Bes Kallaku po ndahen!\u00a0 - Tirana Lajm<\/title>\n<meta name=\"robots\" content=\"index, follow, max-snippet:-1, max-image-preview:large, max-video-preview:-1\" \/>\n<link rel=\"canonical\" href=\"https:\/\/tiranalajm.com\/index.php\/2024\/05\/31\/ka-akuza-te-renda-tashme-eshte-zyrtare-xhensila-myrtezaj-dhe-bes-kallaku-po-ndahen\/\" \/>\n<meta property=\"og:locale\" content=\"en_US\" \/>\n<meta property=\"og:type\" content=\"article\" \/>\n<meta property=\"og:title\" content=\"&#039;Ka akuza t\u00eb r\u00ebnda&#039;\/ Tashm\u00eb \u00ebsht\u00eb zyrtare! Xhensila Myrtezaj dhe Bes Kallaku po ndahen!\u00a0 - Tirana Lajm\" \/>\n<meta property=\"og:description\" content=\"&#8220;Kur&nbsp;dashni nuk paska mo, kjo kurr\u00eb s&#8217;ka qen\u00eb dashni,&#8221;&#8211; k\u00ebto fjal\u00eb qartazi Besart Kallaku ia ka dedikuar asaj q\u00eb do t\u00eb b\u00ebhet ish-bashk\u00ebshortja e tij, Xhensila Myrtezaj. Ajo q\u00eb dukej fillimisht si nj\u00eb krisje e marr\u00ebdh\u00ebnies n\u00eb \u00e7ift mes aktorit Bes Kallaku dhe k\u00ebng\u00ebtares Xhensila Myrtezaj, duket se tashm\u00eb nuk ka m\u00eb kthim pas. \u00c7ifti [&hellip;]\" \/>\n<meta property=\"og:url\" content=\"https:\/\/tiranalajm.com\/index.php\/2024\/05\/31\/ka-akuza-te-renda-tashme-eshte-zyrtare-xhensila-myrtezaj-dhe-bes-kallaku-po-ndahen\/\" \/>\n<meta property=\"og:site_name\" content=\"Tirana Lajm\" \/>\n<meta property=\"article:published_time\" content=\"2024-05-31T19:22:37+00:00\" \/>\n<meta property=\"article:modified_time\" content=\"2024-05-31T19:22:38+00:00\" \/>\n<meta property=\"og:image\" content=\"http:\/\/tiranalajm.com\/wp-content\/uploads\/2024\/05\/900-0-1717178371xsd-2-758.png\" \/>\n\t<meta property=\"og:image:width\" content=\"900\" \/>\n\t<meta property=\"og:image:height\" content=\"510\" \/>\n\t<meta property=\"og:image:type\" content=\"image\/png\" \/>\n<meta name=\"author\" content=\"tiranalajm.com\" \/>\n<meta name=\"twitter:card\" content=\"summary_large_image\" \/>\n<meta name=\"twitter:label1\" content=\"Written by\" \/>\n\t<meta name=\"twitter:data1\" content=\"tiranalajm.com\" \/>\n\t<meta name=\"twitter:label2\" content=\"Est. reading time\" \/>\n\t<meta name=\"twitter:data2\" content=\"2 minutes\" \/>\n<script type=\"application\/ld+json\" class=\"yoast-schema-graph\">{\"@context\":\"https:\\\/\\\/schema.org\",\"@graph\":[{\"@type\":\"Article\",\"@id\":\"https:\\\/\\\/tiranalajm.com\\\/index.php\\\/2024\\\/05\\\/31\\\/ka-akuza-te-renda-tashme-eshte-zyrtare-xhensila-myrtezaj-dhe-bes-kallaku-po-ndahen\\\/#article\",\"isPartOf\":{\"@id\":\"https:\\\/\\\/tiranalajm.com\\\/index.php\\\/2024\\\/05\\\/31\\\/ka-akuza-te-renda-tashme-eshte-zyrtare-xhensila-myrtezaj-dhe-bes-kallaku-po-ndahen\\\/\"},\"author\":{\"name\":\"tiranalajm.com\",\"@id\":\"https:\\\/\\\/tiranalajm.com\\\/#\\\/schema\\\/person\\\/d62adf3f0d0ba38eb923c3c1f5152717\"},\"headline\":\"&#8216;Ka akuza t\u00eb r\u00ebnda&#8217;\\\/ Tashm\u00eb \u00ebsht\u00eb zyrtare! Xhensila Myrtezaj dhe Bes Kallaku po ndahen!\u00a0\",\"datePublished\":\"2024-05-31T19:22:37+00:00\",\"dateModified\":\"2024-05-31T19:22:38+00:00\",\"mainEntityOfPage\":{\"@id\":\"https:\\\/\\\/tiranalajm.com\\\/index.php\\\/2024\\\/05\\\/31\\\/ka-akuza-te-renda-tashme-eshte-zyrtare-xhensila-myrtezaj-dhe-bes-kallaku-po-ndahen\\\/\"},\"wordCount\":489,\"commentCount\":0,\"publisher\":{\"@id\":\"https:\\\/\\\/tiranalajm.com\\\/#organization\"},\"image\":{\"@id\":\"https:\\\/\\\/tiranalajm.com\\\/index.php\\\/2024\\\/05\\\/31\\\/ka-akuza-te-renda-tashme-eshte-zyrtare-xhensila-myrtezaj-dhe-bes-kallaku-po-ndahen\\\/#primaryimage\"},\"thumbnailUrl\":\"https:\\\/\\\/tiranalajm.com\\\/wp-content\\\/uploads\\\/2024\\\/05\\\/900-0-1717178371xsd-2-758.png\",\"articleSection\":[\"Ne vemendje\",\"Rreth vendit\"],\"inLanguage\":\"en-US\",\"potentialAction\":[{\"@type\":\"CommentAction\",\"name\":\"Comment\",\"target\":[\"https:\\\/\\\/tiranalajm.com\\\/index.php\\\/2024\\\/05\\\/31\\\/ka-akuza-te-renda-tashme-eshte-zyrtare-xhensila-myrtezaj-dhe-bes-kallaku-po-ndahen\\\/#respond\"]}]},{\"@type\":\"WebPage\",\"@id\":\"https:\\\/\\\/tiranalajm.com\\\/index.php\\\/2024\\\/05\\\/31\\\/ka-akuza-te-renda-tashme-eshte-zyrtare-xhensila-myrtezaj-dhe-bes-kallaku-po-ndahen\\\/\",\"url\":\"https:\\\/\\\/tiranalajm.com\\\/index.php\\\/2024\\\/05\\\/31\\\/ka-akuza-te-renda-tashme-eshte-zyrtare-xhensila-myrtezaj-dhe-bes-kallaku-po-ndahen\\\/\",\"name\":\"'Ka akuza t\u00eb r\u00ebnda'\\\/ Tashm\u00eb \u00ebsht\u00eb zyrtare! Xhensila Myrtezaj dhe Bes Kallaku po ndahen!\u00a0 - Tirana Lajm\",\"isPartOf\":{\"@id\":\"https:\\\/\\\/tiranalajm.com\\\/#website\"},\"primaryImageOfPage\":{\"@id\":\"https:\\\/\\\/tiranalajm.com\\\/index.php\\\/2024\\\/05\\\/31\\\/ka-akuza-te-renda-tashme-eshte-zyrtare-xhensila-myrtezaj-dhe-bes-kallaku-po-ndahen\\\/#primaryimage\"},\"image\":{\"@id\":\"https:\\\/\\\/tiranalajm.com\\\/index.php\\\/2024\\\/05\\\/31\\\/ka-akuza-te-renda-tashme-eshte-zyrtare-xhensila-myrtezaj-dhe-bes-kallaku-po-ndahen\\\/#primaryimage\"},\"thumbnailUrl\":\"https:\\\/\\\/tiranalajm.com\\\/wp-content\\\/uploads\\\/2024\\\/05\\\/900-0-1717178371xsd-2-758.png\",\"datePublished\":\"2024-05-31T19:22:37+00:00\",\"dateModified\":\"2024-05-31T19:22:38+00:00\",\"breadcrumb\":{\"@id\":\"https:\\\/\\\/tiranalajm.com\\\/index.php\\\/2024\\\/05\\\/31\\\/ka-akuza-te-renda-tashme-eshte-zyrtare-xhensila-myrtezaj-dhe-bes-kallaku-po-ndahen\\\/#breadcrumb\"},\"inLanguage\":\"en-US\",\"potentialAction\":[{\"@type\":\"ReadAction\",\"target\":[\"https:\\\/\\\/tiranalajm.com\\\/index.php\\\/2024\\\/05\\\/31\\\/ka-akuza-te-renda-tashme-eshte-zyrtare-xhensila-myrtezaj-dhe-bes-kallaku-po-ndahen\\\/\"]}]},{\"@type\":\"ImageObject\",\"inLanguage\":\"en-US\",\"@id\":\"https:\\\/\\\/tiranalajm.com\\\/index.php\\\/2024\\\/05\\\/31\\\/ka-akuza-te-renda-tashme-eshte-zyrtare-xhensila-myrtezaj-dhe-bes-kallaku-po-ndahen\\\/#primaryimage\",\"url\":\"https:\\\/\\\/tiranalajm.com\\\/wp-content\\\/uploads\\\/2024\\\/05\\\/900-0-1717178371xsd-2-758.png\",\"contentUrl\":\"https:\\\/\\\/tiranalajm.com\\\/wp-content\\\/uploads\\\/2024\\\/05\\\/900-0-1717178371xsd-2-758.png\",\"width\":900,\"height\":510},{\"@type\":\"BreadcrumbList\",\"@id\":\"https:\\\/\\\/tiranalajm.com\\\/index.php\\\/2024\\\/05\\\/31\\\/ka-akuza-te-renda-tashme-eshte-zyrtare-xhensila-myrtezaj-dhe-bes-kallaku-po-ndahen\\\/#breadcrumb\",\"itemListElement\":[{\"@type\":\"ListItem\",\"position\":1,\"name\":\"Home\",\"item\":\"https:\\\/\\\/tiranalajm.com\\\/\"},{\"@type\":\"ListItem\",\"position\":2,\"name\":\"&#8216;Ka akuza t\u00eb r\u00ebnda&#8217;\\\/ Tashm\u00eb \u00ebsht\u00eb zyrtare! Xhensila Myrtezaj dhe Bes Kallaku po ndahen!\u00a0\"}]},{\"@type\":\"WebSite\",\"@id\":\"https:\\\/\\\/tiranalajm.com\\\/#website\",\"url\":\"https:\\\/\\\/tiranalajm.com\\\/\",\"name\":\"Tirana Lajm\",\"description\":\"Tirana Lajm\",\"publisher\":{\"@id\":\"https:\\\/\\\/tiranalajm.com\\\/#organization\"},\"potentialAction\":[{\"@type\":\"SearchAction\",\"target\":{\"@type\":\"EntryPoint\",\"urlTemplate\":\"https:\\\/\\\/tiranalajm.com\\\/?s={search_term_string}\"},\"query-input\":{\"@type\":\"PropertyValueSpecification\",\"valueRequired\":true,\"valueName\":\"search_term_string\"}}],\"inLanguage\":\"en-US\"},{\"@type\":\"Organization\",\"@id\":\"https:\\\/\\\/tiranalajm.com\\\/#organization\",\"name\":\"Tirana Lajm\",\"url\":\"https:\\\/\\\/tiranalajm.com\\\/\",\"logo\":{\"@type\":\"ImageObject\",\"inLanguage\":\"en-US\",\"@id\":\"https:\\\/\\\/tiranalajm.com\\\/#\\\/schema\\\/logo\\\/image\\\/\",\"url\":\"https:\\\/\\\/tiranalajm.com\\\/wp-content\\\/uploads\\\/2023\\\/08\\\/logo-tirana-lajm.jpg\",\"contentUrl\":\"https:\\\/\\\/tiranalajm.com\\\/wp-content\\\/uploads\\\/2023\\\/08\\\/logo-tirana-lajm.jpg\",\"width\":600,\"height\":360,\"caption\":\"Tirana Lajm\"},\"image\":{\"@id\":\"https:\\\/\\\/tiranalajm.com\\\/#\\\/schema\\\/logo\\\/image\\\/\"}},{\"@type\":\"Person\",\"@id\":\"https:\\\/\\\/tiranalajm.com\\\/#\\\/schema\\\/person\\\/d62adf3f0d0ba38eb923c3c1f5152717\",\"name\":\"tiranalajm.com\",\"image\":{\"@type\":\"ImageObject\",\"inLanguage\":\"en-US\",\"@id\":\"https:\\\/\\\/secure.gravatar.com\\\/avatar\\\/70082bb8d030bb6b79327cd6e282b497e1b999934e601ba07a020bca96c4dbee?s=96&d=mm&r=g\",\"url\":\"https:\\\/\\\/secure.gravatar.com\\\/avatar\\\/70082bb8d030bb6b79327cd6e282b497e1b999934e601ba07a020bca96c4dbee?s=96&d=mm&r=g\",\"contentUrl\":\"https:\\\/\\\/secure.gravatar.com\\\/avatar\\\/70082bb8d030bb6b79327cd6e282b497e1b999934e601ba07a020bca96c4dbee?s=96&d=mm&r=g\",\"caption\":\"tiranalajm.com\"},\"sameAs\":[\"http:\\\/\\\/tiranalajm.com\"],\"url\":\"https:\\\/\\\/tiranalajm.com\\\/index.php\\\/author\\\/tiranalajm-com\\\/\"}]}<\/script>\n<!-- \/ Yoast SEO plugin. -->","yoast_head_json":{"title":"'Ka akuza t\u00eb r\u00ebnda'\/ Tashm\u00eb \u00ebsht\u00eb zyrtare! Xhensila Myrtezaj dhe Bes Kallaku po ndahen!\u00a0 - Tirana Lajm","robots":{"index":"index","follow":"follow","max-snippet":"max-snippet:-1","max-image-preview":"max-image-preview:large","max-video-preview":"max-video-preview:-1"},"canonical":"https:\/\/tiranalajm.com\/index.php\/2024\/05\/31\/ka-akuza-te-renda-tashme-eshte-zyrtare-xhensila-myrtezaj-dhe-bes-kallaku-po-ndahen\/","og_locale":"en_US","og_type":"article","og_title":"'Ka akuza t\u00eb r\u00ebnda'\/ Tashm\u00eb \u00ebsht\u00eb zyrtare! Xhensila Myrtezaj dhe Bes Kallaku po ndahen!\u00a0 - Tirana Lajm","og_description":"&#8220;Kur&nbsp;dashni nuk paska mo, kjo kurr\u00eb s&#8217;ka qen\u00eb dashni,&#8221;&#8211; k\u00ebto fjal\u00eb qartazi Besart Kallaku ia ka dedikuar asaj q\u00eb do t\u00eb b\u00ebhet ish-bashk\u00ebshortja e tij, Xhensila Myrtezaj. Ajo q\u00eb dukej fillimisht si nj\u00eb krisje e marr\u00ebdh\u00ebnies n\u00eb \u00e7ift mes aktorit Bes Kallaku dhe k\u00ebng\u00ebtares Xhensila Myrtezaj, duket se tashm\u00eb nuk ka m\u00eb kthim pas. \u00c7ifti [&hellip;]","og_url":"https:\/\/tiranalajm.com\/index.php\/2024\/05\/31\/ka-akuza-te-renda-tashme-eshte-zyrtare-xhensila-myrtezaj-dhe-bes-kallaku-po-ndahen\/","og_site_name":"Tirana Lajm","article_published_time":"2024-05-31T19:22:37+00:00","article_modified_time":"2024-05-31T19:22:38+00:00","og_image":[{"width":900,"height":510,"url":"http:\/\/tiranalajm.com\/wp-content\/uploads\/2024\/05\/900-0-1717178371xsd-2-758.png","type":"image\/png"}],"author":"tiranalajm.com","twitter_card":"summary_large_image","twitter_misc":{"Written by":"tiranalajm.com","Est. reading time":"2 minutes"},"schema":{"@context":"https:\/\/schema.org","@graph":[{"@type":"Article","@id":"https:\/\/tiranalajm.com\/index.php\/2024\/05\/31\/ka-akuza-te-renda-tashme-eshte-zyrtare-xhensila-myrtezaj-dhe-bes-kallaku-po-ndahen\/#article","isPartOf":{"@id":"https:\/\/tiranalajm.com\/index.php\/2024\/05\/31\/ka-akuza-te-renda-tashme-eshte-zyrtare-xhensila-myrtezaj-dhe-bes-kallaku-po-ndahen\/"},"author":{"name":"tiranalajm.com","@id":"https:\/\/tiranalajm.com\/#\/schema\/person\/d62adf3f0d0ba38eb923c3c1f5152717"},"headline":"&#8216;Ka akuza t\u00eb r\u00ebnda&#8217;\/ Tashm\u00eb \u00ebsht\u00eb zyrtare! Xhensila Myrtezaj dhe Bes Kallaku po ndahen!\u00a0","datePublished":"2024-05-31T19:22:37+00:00","dateModified":"2024-05-31T19:22:38+00:00","mainEntityOfPage":{"@id":"https:\/\/tiranalajm.com\/index.php\/2024\/05\/31\/ka-akuza-te-renda-tashme-eshte-zyrtare-xhensila-myrtezaj-dhe-bes-kallaku-po-ndahen\/"},"wordCount":489,"commentCount":0,"publisher":{"@id":"https:\/\/tiranalajm.com\/#organization"},"image":{"@id":"https:\/\/tiranalajm.com\/index.php\/2024\/05\/31\/ka-akuza-te-renda-tashme-eshte-zyrtare-xhensila-myrtezaj-dhe-bes-kallaku-po-ndahen\/#primaryimage"},"thumbnailUrl":"https:\/\/tiranalajm.com\/wp-content\/uploads\/2024\/05\/900-0-1717178371xsd-2-758.png","articleSection":["Ne vemendje","Rreth vendit"],"inLanguage":"en-US","potentialAction":[{"@type":"CommentAction","name":"Comment","target":["https:\/\/tiranalajm.com\/index.php\/2024\/05\/31\/ka-akuza-te-renda-tashme-eshte-zyrtare-xhensila-myrtezaj-dhe-bes-kallaku-po-ndahen\/#respond"]}]},{"@type":"WebPage","@id":"https:\/\/tiranalajm.com\/index.php\/2024\/05\/31\/ka-akuza-te-renda-tashme-eshte-zyrtare-xhensila-myrtezaj-dhe-bes-kallaku-po-ndahen\/","url":"https:\/\/tiranalajm.com\/index.php\/2024\/05\/31\/ka-akuza-te-renda-tashme-eshte-zyrtare-xhensila-myrtezaj-dhe-bes-kallaku-po-ndahen\/","name":"'Ka akuza t\u00eb r\u00ebnda'\/ Tashm\u00eb \u00ebsht\u00eb zyrtare! Xhensila Myrtezaj dhe Bes Kallaku po ndahen!\u00a0 - Tirana Lajm","isPartOf":{"@id":"https:\/\/tiranalajm.com\/#website"},"primaryImageOfPage":{"@id":"https:\/\/tiranalajm.com\/index.php\/2024\/05\/31\/ka-akuza-te-renda-tashme-eshte-zyrtare-xhensila-myrtezaj-dhe-bes-kallaku-po-ndahen\/#primaryimage"},"image":{"@id":"https:\/\/tiranalajm.com\/index.php\/2024\/05\/31\/ka-akuza-te-renda-tashme-eshte-zyrtare-xhensila-myrtezaj-dhe-bes-kallaku-po-ndahen\/#primaryimage"},"thumbnailUrl":"https:\/\/tiranalajm.com\/wp-content\/uploads\/2024\/05\/900-0-1717178371xsd-2-758.png","datePublished":"2024-05-31T19:22:37+00:00","dateModified":"2024-05-31T19:22:38+00:00","breadcrumb":{"@id":"https:\/\/tiranalajm.com\/index.php\/2024\/05\/31\/ka-akuza-te-renda-tashme-eshte-zyrtare-xhensila-myrtezaj-dhe-bes-kallaku-po-ndahen\/#breadcrumb"},"inLanguage":"en-US","potentialAction":[{"@type":"ReadAction","target":["https:\/\/tiranalajm.com\/index.php\/2024\/05\/31\/ka-akuza-te-renda-tashme-eshte-zyrtare-xhensila-myrtezaj-dhe-bes-kallaku-po-ndahen\/"]}]},{"@type":"ImageObject","inLanguage":"en-US","@id":"https:\/\/tiranalajm.com\/index.php\/2024\/05\/31\/ka-akuza-te-renda-tashme-eshte-zyrtare-xhensila-myrtezaj-dhe-bes-kallaku-po-ndahen\/#primaryimage","url":"https:\/\/tiranalajm.com\/wp-content\/uploads\/2024\/05\/900-0-1717178371xsd-2-758.png","contentUrl":"https:\/\/tiranalajm.com\/wp-content\/uploads\/2024\/05\/900-0-1717178371xsd-2-758.png","width":900,"height":510},{"@type":"BreadcrumbList","@id":"https:\/\/tiranalajm.com\/index.php\/2024\/05\/31\/ka-akuza-te-renda-tashme-eshte-zyrtare-xhensila-myrtezaj-dhe-bes-kallaku-po-ndahen\/#breadcrumb","itemListElement":[{"@type":"ListItem","position":1,"name":"Home","item":"https:\/\/tiranalajm.com\/"},{"@type":"ListItem","position":2,"name":"&#8216;Ka akuza t\u00eb r\u00ebnda&#8217;\/ Tashm\u00eb \u00ebsht\u00eb zyrtare! Xhensila Myrtezaj dhe Bes Kallaku po ndahen!\u00a0"}]},{"@type":"WebSite","@id":"https:\/\/tiranalajm.com\/#website","url":"https:\/\/tiranalajm.com\/","name":"Tirana Lajm","description":"Tirana Lajm","publisher":{"@id":"https:\/\/tiranalajm.com\/#organization"},"potentialAction":[{"@type":"SearchAction","target":{"@type":"EntryPoint","urlTemplate":"https:\/\/tiranalajm.com\/?s={search_term_string}"},"query-input":{"@type":"PropertyValueSpecification","valueRequired":true,"valueName":"search_term_string"}}],"inLanguage":"en-US"},{"@type":"Organization","@id":"https:\/\/tiranalajm.com\/#organization","name":"Tirana Lajm","url":"https:\/\/tiranalajm.com\/","logo":{"@type":"ImageObject","inLanguage":"en-US","@id":"https:\/\/tiranalajm.com\/#\/schema\/logo\/image\/","url":"https:\/\/tiranalajm.com\/wp-content\/uploads\/2023\/08\/logo-tirana-lajm.jpg","contentUrl":"https:\/\/tiranalajm.com\/wp-content\/uploads\/2023\/08\/logo-tirana-lajm.jpg","width":600,"height":360,"caption":"Tirana Lajm"},"image":{"@id":"https:\/\/tiranalajm.com\/#\/schema\/logo\/image\/"}},{"@type":"Person","@id":"https:\/\/tiranalajm.com\/#\/schema\/person\/d62adf3f0d0ba38eb923c3c1f5152717","name":"tiranalajm.com","image":{"@type":"ImageObject","inLanguage":"en-US","@id":"https:\/\/secure.gravatar.com\/avatar\/70082bb8d030bb6b79327cd6e282b497e1b999934e601ba07a020bca96c4dbee?s=96&d=mm&r=g","url":"https:\/\/secure.gravatar.com\/avatar\/70082bb8d030bb6b79327cd6e282b497e1b999934e601ba07a020bca96c4dbee?s=96&d=mm&r=g","contentUrl":"https:\/\/secure.gravatar.com\/avatar\/70082bb8d030bb6b79327cd6e282b497e1b999934e601ba07a020bca96c4dbee?s=96&d=mm&r=g","caption":"tiranalajm.com"},"sameAs":["http:\/\/tiranalajm.com"],"url":"https:\/\/tiranalajm.com\/index.php\/author\/tiranalajm-com\/"}]}},"_links":{"self":[{"href":"https:\/\/tiranalajm.com\/index.php\/wp-json\/wp\/v2\/posts\/108","targetHints":{"allow":["GET"]}}],"collection":[{"href":"https:\/\/tiranalajm.com\/index.php\/wp-json\/wp\/v2\/posts"}],"about":[{"href":"https:\/\/tiranalajm.com\/index.php\/wp-json\/wp\/v2\/types\/post"}],"author":[{"embeddable":true,"href":"https:\/\/tiranalajm.com\/index.php\/wp-json\/wp\/v2\/users\/1"}],"replies":[{"embeddable":true,"href":"https:\/\/tiranalajm.com\/index.php\/wp-json\/wp\/v2\/comments?post=108"}],"version-history":[{"count":1,"href":"https:\/\/tiranalajm.com\/index.php\/wp-json\/wp\/v2\/posts\/108\/revisions"}],"predecessor-version":[{"id":110,"href":"https:\/\/tiranalajm.com\/index.php\/wp-json\/wp\/v2\/posts\/108\/revisions\/110"}],"wp:featuredmedia":[{"embeddable":true,"href":"https:\/\/tiranalajm.com\/index.php\/wp-json\/wp\/v2\/media\/109"}],"wp:attachment":[{"href":"https:\/\/tiranalajm.com\/index.php\/wp-json\/wp\/v2\/media?parent=108"}],"wp:term":[{"taxonomy":"category","embeddable":true,"href":"https:\/\/tiranalajm.com\/index.php\/wp-json\/wp\/v2\/categories?post=108"},{"taxonomy":"post_tag","embeddable":true,"href":"https:\/\/tiranalajm.com\/index.php\/wp-json\/wp\/v2\/tags?post=108"}],"curies":[{"name":"wp","href":"https:\/\/api.w.org\/{rel}","templated":true}]}}