{"id":113,"date":"2024-06-12T12:58:54","date_gmt":"2024-06-12T11:58:54","guid":{"rendered":"https:\/\/tiranalajm.com\/?p=113"},"modified":"2024-06-12T12:58:54","modified_gmt":"2024-06-12T11:58:54","slug":"pjese-e-nje-grupi-kriminal-gjkko-jep-vendimin-ja-sa-denohet-nipi-nehat-kulles","status":"publish","type":"post","link":"https:\/\/tiranalajm.com\/index.php\/2024\/06\/12\/pjese-e-nje-grupi-kriminal-gjkko-jep-vendimin-ja-sa-denohet-nipi-nehat-kulles\/","title":{"rendered":"Pjes\u00eb e nj\u00eb grupi kriminal, GJKKO jep vendimin, ja sa d\u00ebnohet nipi Nehat Kull\u00ebs"},"content":{"rendered":"\n<p>1. Prokuroria e Posa\u00e7me kund\u00ebr Korrupsionit dhe Krimit t\u00eb Organizuar m\u00eb dat\u00eb 30.01.2024 ka paraqitur pran\u00eb Gjykat\u00ebs k\u00ebrkes\u00ebn me objekt: Gjykimin e \u00e7\u00ebshtjes penale n\u00eb ngarkim t\u00eb t\u00eb pandehurit Akil Kulla, akuzuar p\u00ebr kryerjen e veprave penale: \u201cMbajtja pa leje dhe prodhimi i arm\u00ebve, arm\u00ebve shp\u00ebrthyese dhe i municionit\u201d p\u00ebr<br>sigurimin, magazinimin, modifikimin dhe rregullimin me q\u00ebllim shitjen kundrejt fitimit t\u00eb arm\u00ebve dhe pjes\u00ebve t\u00eb tyre dhe gjetjes s\u00eb tyre n\u00eb sasi mjaft t\u00eb m\u00ebdha n\u00eb ambientet n\u00eb zot\u00ebrim t\u00eb tij dhe t\u00eb t\u00eb pandehurit Sokol Xhura, sipas paragraf\u00ebve 6, 7 dhe 8 t\u00eb nenit 278 t\u00eb Kodit Penal, t\u00eb kryer n\u00eb bashk\u00ebpunim n\u00eb form\u00ebn e \u201cGrupit t\u00eb<br>strukturuar kriminal\u201d me t\u00eb bashk\u00ebpandehurin Enver Jamaku dhe t\u00eb pandehurin Sokol Xhura, t\u00eb parashikuara nga nenet 278\/6, 278\/7 278\/8, 28\/4, 333\/a\/2 dhe 334\/1 t\u00eb Kodit Penal; -Prodhimi, mbajtja, blerja apo shitja pa leje e arm\u00ebve t\u00eb ftohta\u201d, parashikuar nga neni 279\/1 i Kodit Penal, p\u00ebr mbajtjen e dy thikave, t\u00eb cilat plot\u00ebsojn\u00eb kushtet e arm\u00ebve t\u00eb ftohta, prer\u00ebse me tel.<\/p>\n\n\n\n<p>2. N\u00eb p\u00ebrfundim t\u00eb shqyrtimit gjyq\u00ebsor, Gjykata e Posa\u00e7me e Shkall\u00ebs s\u00eb Par\u00eb p\u00ebr<br>Korrupsionin dhe Krimin e Organizuar, dhe me trup gjykues t\u00eb p\u00ebrb\u00ebr\u00eb nga gjyqtar\u00ebt<br>Atalanta Zeqiraj, Flora Hajredinaj dhe Rudina Palloj, me vendimin Nr. 36 dat\u00eb<br>12.06.2024, vendosi:<br>1. Deklarimin fajtor t\u00eb t\u00eb pandehurit Akil Kulla lidhur me vepr\u00ebn penale \u201cMbajtja<br>pa leje dhe prodhimi i arm\u00ebve, arm\u00ebve shp\u00ebrthyese dhe i municionit\u201d kryer n\u00eb<br>form\u00ebn e ve\u00e7ant\u00eb t\u00eb bashk\u00ebpunimit at\u00eb t\u00eb grupit t\u00eb strukturuar kriminal,<br>parashikuar nga neni 278\/6 n\u00eb lidhje me nenet 28\/4, 334 pika 1 t\u00eb Kodit Penal,<br>dhe d\u00ebnimin e tij me 10 (dhjet\u00eb) vjet burgim.<br>2. Deklarimin fajtor t\u00eb t\u00eb pandehurit Akil Kulla lidhur me vepr\u00ebn penale \u201cMbajtja<br>pa leje dhe prodhimi i arm\u00ebve, arm\u00ebve shp\u00ebrthyese dhe i municionit\u201d parashikuar<br>nga neni 278\/7 i Kodit Penal, kryer n\u00eb form\u00ebn e ve\u00e7ant\u00eb t\u00eb bashk\u00ebpunimit at\u00eb t\u00eb<br>Rruga \u201cJordan Misja\u201d Nr.1, 1057 Tiran\u00eb; tel\/fax&nbsp;<a href=\"tel:0035542231527\">0035542231527<\/a>; www.gjp.gov.al<br>grupit t\u00eb strukturuar kriminal, n\u00eb lidhje me nenet 28\/4, 334 pika 1 t\u00eb Kodit Penal,<br>dhe d\u00ebnimin e tij me 12 (dymb\u00ebdhjet\u00eb) vjet burgim.<br>3. Deklarimin fajtor t\u00eb t\u00eb pandehurit Akil Kulla lidhur me vepr\u00ebn penale \u201cMbajtja<br>pa leje dhe prodhimi i arm\u00ebve, arm\u00ebve shp\u00ebrthyese dhe i municionit\u201d, kryer n\u00eb<br>form\u00ebn e ve\u00e7ant\u00eb t\u00eb bashk\u00ebpunimit at\u00eb t\u00eb grupit t\u00eb strukturuar kriminal,<br>parashikuar nga neni 278\/8, n\u00eb lidhje me nenet 28\/4, 334 pika 1 i Kodit Penal, dhe<br>d\u00ebnimin e tij me 6 (gjasht\u00eb) vjet burgim.<br>4. Deklarimin fajtor t\u00eb t\u00eb pandehurit Akil Kulla lidhur me vepr\u00ebn penale \u201cGrup i<br>strukturuar kriminal\u201d parashikuar nga neni 333\/a\/2 i Kodit Penal, dhe d\u00ebnimin e<br>tij me 2 (dy) vjet burgim.<br>5. Deklarimin fajtor t\u00eb t\u00eb pandehurit Akil Kulla lidhur me vepr\u00ebn penale \u201cProdhimi,<br>mbajtja, blerja apo shitja pa leje e arm\u00ebve t\u00eb ftohta\u201d parashikuar nga neni 279\/1<br>i Kodit Penal dhe d\u00ebnimin e tij me 6 (gjasht\u00eb) muaj burgim.<br>6. N\u00eb aplikim t\u00eb nenit 55 t\u00eb Kodit Penal, bashkimin e d\u00ebnimeve n\u00eb nj\u00eb t\u00eb vet\u00ebm duke<br>u d\u00ebnuar i pandehuri Akil Kulla me 13 (tremb\u00ebdhjet\u00eb) vjet burgim.<br>7. N\u00eb aplikim t\u00eb nenit 406 pika 1 t\u00eb K.Pr.Penale, ulet 1\/3 e mas\u00ebs s\u00eb d\u00ebnimit duke u<br>d\u00ebnuar p\u00ebrfundimisht i pandehuri Akil Kulla me 8 (tet\u00eb) vjet e 8 (tet\u00eb) muaj<br>burgim.<br>8. Referuar ligjit nr.81\/2020 \u201cP\u00ebr t\u00eb drejtat dhe trajtimin e t\u00eb d\u00ebnuarve me burgim<br>dhe t\u00eb paraburgosurve\u201d, vuajta e d\u00ebnimit p\u00ebr t\u00eb pandehurin Akil Kulla fillon nga<br>dita e ekzekutimit e vendimit dhe do t\u00eb kryhet n\u00eb nj\u00eb burg t\u00eb siguris\u00eb s\u00eb lart\u00eb.<br>9. Shpenzimet gjat\u00eb faz\u00ebs s\u00eb hetimit paraprak dhe ato t\u00eb gjykimit t\u00eb kryera lidhur me<br>t\u00eb pandehurin Akil Kulla i ngarkohen atij.<br>10. Kund\u00ebr k\u00ebtij vendimi mund t\u00eb b\u00ebhet ankim n\u00eb Gjykat\u00ebn e Posa\u00e7me t\u00eb Apelit p\u00ebr<br>Korrupsionin dhe Krimin e Organizuar, brenda 15 (pes\u00ebmb\u00ebdhjet\u00eb) dit\u00ebve, nga e<br>nes\u00ebrmja e marrjes dijeni lidhur me vendimin e arsyetuar.<br>Tiran\u00eb, m\u00eb dat\u00eb 12.06.2024<\/p>\n","protected":false},"excerpt":{"rendered":"<p>1. Prokuroria e Posa\u00e7me kund\u00ebr Korrupsionit dhe Krimit t\u00eb Organizuar m\u00eb dat\u00eb 30.01.2024 ka paraqitur pran\u00eb Gjykat\u00ebs k\u00ebrkes\u00ebn me objekt: Gjykimin e \u00e7\u00ebshtjes penale n\u00eb ngarkim t\u00eb t\u00eb pandehurit Akil Kulla, akuzuar p\u00ebr kryerjen e veprave penale: \u201cMbajtja pa leje dhe prodhimi i arm\u00ebve, arm\u00ebve shp\u00ebrthyese dhe i municionit\u201d p\u00ebrsigurimin, magazinimin, modifikimin dhe rregullimin me [&hellip;]<\/p>\n","protected":false},"author":1,"featured_media":114,"comment_status":"open","ping_status":"open","sticky":false,"template":"","format":"standard","meta":{"footnotes":""},"categories":[4,5,3],"tags":[],"class_list":["post-113","post","type-post","status-publish","format-standard","has-post-thumbnail","hentry","category-kryesore","category-ne-vemendje","category-rreth-vendit"],"yoast_head":"<!-- This site is optimized with the Yoast SEO plugin v27.4 - https:\/\/yoast.com\/product\/yoast-seo-wordpress\/ -->\n<title>Pjes\u00eb e nj\u00eb grupi kriminal, GJKKO jep vendimin, ja sa d\u00ebnohet nipi Nehat Kull\u00ebs - Tirana Lajm<\/title>\n<meta name=\"robots\" content=\"index, follow, max-snippet:-1, max-image-preview:large, max-video-preview:-1\" \/>\n<link rel=\"canonical\" href=\"https:\/\/tiranalajm.com\/index.php\/2024\/06\/12\/pjese-e-nje-grupi-kriminal-gjkko-jep-vendimin-ja-sa-denohet-nipi-nehat-kulles\/\" \/>\n<meta property=\"og:locale\" content=\"en_US\" \/>\n<meta property=\"og:type\" content=\"article\" \/>\n<meta property=\"og:title\" content=\"Pjes\u00eb e nj\u00eb grupi kriminal, GJKKO jep vendimin, ja sa d\u00ebnohet nipi Nehat Kull\u00ebs - Tirana Lajm\" \/>\n<meta property=\"og:description\" content=\"1. Prokuroria e Posa\u00e7me kund\u00ebr Korrupsionit dhe Krimit t\u00eb Organizuar m\u00eb dat\u00eb 30.01.2024 ka paraqitur pran\u00eb Gjykat\u00ebs k\u00ebrkes\u00ebn me objekt: Gjykimin e \u00e7\u00ebshtjes penale n\u00eb ngarkim t\u00eb t\u00eb pandehurit Akil Kulla, akuzuar p\u00ebr kryerjen e veprave penale: \u201cMbajtja pa leje dhe prodhimi i arm\u00ebve, arm\u00ebve shp\u00ebrthyese dhe i municionit\u201d p\u00ebrsigurimin, magazinimin, modifikimin dhe rregullimin me [&hellip;]\" \/>\n<meta property=\"og:url\" content=\"https:\/\/tiranalajm.com\/index.php\/2024\/06\/12\/pjese-e-nje-grupi-kriminal-gjkko-jep-vendimin-ja-sa-denohet-nipi-nehat-kulles\/\" \/>\n<meta property=\"og:site_name\" content=\"Tirana Lajm\" \/>\n<meta property=\"article:published_time\" content=\"2024-06-12T11:58:54+00:00\" \/>\n<meta property=\"og:image\" content=\"http:\/\/tiranalajm.com\/wp-content\/uploads\/2024\/06\/IMG_3650.jpeg\" \/>\n\t<meta property=\"og:image:width\" content=\"797\" \/>\n\t<meta property=\"og:image:height\" content=\"480\" \/>\n\t<meta property=\"og:image:type\" content=\"image\/jpeg\" \/>\n<meta name=\"author\" content=\"tiranalajm.com\" \/>\n<meta name=\"twitter:card\" content=\"summary_large_image\" \/>\n<meta name=\"twitter:label1\" content=\"Written by\" \/>\n\t<meta name=\"twitter:data1\" content=\"tiranalajm.com\" \/>\n\t<meta name=\"twitter:label2\" content=\"Est. reading time\" \/>\n\t<meta name=\"twitter:data2\" content=\"3 minutes\" \/>\n<script type=\"application\/ld+json\" class=\"yoast-schema-graph\">{\"@context\":\"https:\\\/\\\/schema.org\",\"@graph\":[{\"@type\":\"Article\",\"@id\":\"https:\\\/\\\/tiranalajm.com\\\/index.php\\\/2024\\\/06\\\/12\\\/pjese-e-nje-grupi-kriminal-gjkko-jep-vendimin-ja-sa-denohet-nipi-nehat-kulles\\\/#article\",\"isPartOf\":{\"@id\":\"https:\\\/\\\/tiranalajm.com\\\/index.php\\\/2024\\\/06\\\/12\\\/pjese-e-nje-grupi-kriminal-gjkko-jep-vendimin-ja-sa-denohet-nipi-nehat-kulles\\\/\"},\"author\":{\"name\":\"tiranalajm.com\",\"@id\":\"https:\\\/\\\/tiranalajm.com\\\/#\\\/schema\\\/person\\\/d62adf3f0d0ba38eb923c3c1f5152717\"},\"headline\":\"Pjes\u00eb e nj\u00eb grupi kriminal, GJKKO jep vendimin, ja sa d\u00ebnohet nipi Nehat Kull\u00ebs\",\"datePublished\":\"2024-06-12T11:58:54+00:00\",\"mainEntityOfPage\":{\"@id\":\"https:\\\/\\\/tiranalajm.com\\\/index.php\\\/2024\\\/06\\\/12\\\/pjese-e-nje-grupi-kriminal-gjkko-jep-vendimin-ja-sa-denohet-nipi-nehat-kulles\\\/\"},\"wordCount\":675,\"commentCount\":0,\"publisher\":{\"@id\":\"https:\\\/\\\/tiranalajm.com\\\/#organization\"},\"image\":{\"@id\":\"https:\\\/\\\/tiranalajm.com\\\/index.php\\\/2024\\\/06\\\/12\\\/pjese-e-nje-grupi-kriminal-gjkko-jep-vendimin-ja-sa-denohet-nipi-nehat-kulles\\\/#primaryimage\"},\"thumbnailUrl\":\"https:\\\/\\\/tiranalajm.com\\\/wp-content\\\/uploads\\\/2024\\\/06\\\/IMG_3650.jpeg\",\"articleSection\":[\"Kryesore\",\"Ne vemendje\",\"Rreth vendit\"],\"inLanguage\":\"en-US\",\"potentialAction\":[{\"@type\":\"CommentAction\",\"name\":\"Comment\",\"target\":[\"https:\\\/\\\/tiranalajm.com\\\/index.php\\\/2024\\\/06\\\/12\\\/pjese-e-nje-grupi-kriminal-gjkko-jep-vendimin-ja-sa-denohet-nipi-nehat-kulles\\\/#respond\"]}]},{\"@type\":\"WebPage\",\"@id\":\"https:\\\/\\\/tiranalajm.com\\\/index.php\\\/2024\\\/06\\\/12\\\/pjese-e-nje-grupi-kriminal-gjkko-jep-vendimin-ja-sa-denohet-nipi-nehat-kulles\\\/\",\"url\":\"https:\\\/\\\/tiranalajm.com\\\/index.php\\\/2024\\\/06\\\/12\\\/pjese-e-nje-grupi-kriminal-gjkko-jep-vendimin-ja-sa-denohet-nipi-nehat-kulles\\\/\",\"name\":\"Pjes\u00eb e nj\u00eb grupi kriminal, GJKKO jep vendimin, ja sa d\u00ebnohet nipi Nehat Kull\u00ebs - Tirana Lajm\",\"isPartOf\":{\"@id\":\"https:\\\/\\\/tiranalajm.com\\\/#website\"},\"primaryImageOfPage\":{\"@id\":\"https:\\\/\\\/tiranalajm.com\\\/index.php\\\/2024\\\/06\\\/12\\\/pjese-e-nje-grupi-kriminal-gjkko-jep-vendimin-ja-sa-denohet-nipi-nehat-kulles\\\/#primaryimage\"},\"image\":{\"@id\":\"https:\\\/\\\/tiranalajm.com\\\/index.php\\\/2024\\\/06\\\/12\\\/pjese-e-nje-grupi-kriminal-gjkko-jep-vendimin-ja-sa-denohet-nipi-nehat-kulles\\\/#primaryimage\"},\"thumbnailUrl\":\"https:\\\/\\\/tiranalajm.com\\\/wp-content\\\/uploads\\\/2024\\\/06\\\/IMG_3650.jpeg\",\"datePublished\":\"2024-06-12T11:58:54+00:00\",\"breadcrumb\":{\"@id\":\"https:\\\/\\\/tiranalajm.com\\\/index.php\\\/2024\\\/06\\\/12\\\/pjese-e-nje-grupi-kriminal-gjkko-jep-vendimin-ja-sa-denohet-nipi-nehat-kulles\\\/#breadcrumb\"},\"inLanguage\":\"en-US\",\"potentialAction\":[{\"@type\":\"ReadAction\",\"target\":[\"https:\\\/\\\/tiranalajm.com\\\/index.php\\\/2024\\\/06\\\/12\\\/pjese-e-nje-grupi-kriminal-gjkko-jep-vendimin-ja-sa-denohet-nipi-nehat-kulles\\\/\"]}]},{\"@type\":\"ImageObject\",\"inLanguage\":\"en-US\",\"@id\":\"https:\\\/\\\/tiranalajm.com\\\/index.php\\\/2024\\\/06\\\/12\\\/pjese-e-nje-grupi-kriminal-gjkko-jep-vendimin-ja-sa-denohet-nipi-nehat-kulles\\\/#primaryimage\",\"url\":\"https:\\\/\\\/tiranalajm.com\\\/wp-content\\\/uploads\\\/2024\\\/06\\\/IMG_3650.jpeg\",\"contentUrl\":\"https:\\\/\\\/tiranalajm.com\\\/wp-content\\\/uploads\\\/2024\\\/06\\\/IMG_3650.jpeg\",\"width\":797,\"height\":480},{\"@type\":\"BreadcrumbList\",\"@id\":\"https:\\\/\\\/tiranalajm.com\\\/index.php\\\/2024\\\/06\\\/12\\\/pjese-e-nje-grupi-kriminal-gjkko-jep-vendimin-ja-sa-denohet-nipi-nehat-kulles\\\/#breadcrumb\",\"itemListElement\":[{\"@type\":\"ListItem\",\"position\":1,\"name\":\"Home\",\"item\":\"https:\\\/\\\/tiranalajm.com\\\/\"},{\"@type\":\"ListItem\",\"position\":2,\"name\":\"Pjes\u00eb e nj\u00eb grupi kriminal, GJKKO jep vendimin, ja sa d\u00ebnohet nipi Nehat Kull\u00ebs\"}]},{\"@type\":\"WebSite\",\"@id\":\"https:\\\/\\\/tiranalajm.com\\\/#website\",\"url\":\"https:\\\/\\\/tiranalajm.com\\\/\",\"name\":\"Tirana Lajm\",\"description\":\"Tirana Lajm\",\"publisher\":{\"@id\":\"https:\\\/\\\/tiranalajm.com\\\/#organization\"},\"potentialAction\":[{\"@type\":\"SearchAction\",\"target\":{\"@type\":\"EntryPoint\",\"urlTemplate\":\"https:\\\/\\\/tiranalajm.com\\\/?s={search_term_string}\"},\"query-input\":{\"@type\":\"PropertyValueSpecification\",\"valueRequired\":true,\"valueName\":\"search_term_string\"}}],\"inLanguage\":\"en-US\"},{\"@type\":\"Organization\",\"@id\":\"https:\\\/\\\/tiranalajm.com\\\/#organization\",\"name\":\"Tirana Lajm\",\"url\":\"https:\\\/\\\/tiranalajm.com\\\/\",\"logo\":{\"@type\":\"ImageObject\",\"inLanguage\":\"en-US\",\"@id\":\"https:\\\/\\\/tiranalajm.com\\\/#\\\/schema\\\/logo\\\/image\\\/\",\"url\":\"https:\\\/\\\/tiranalajm.com\\\/wp-content\\\/uploads\\\/2023\\\/08\\\/logo-tirana-lajm.jpg\",\"contentUrl\":\"https:\\\/\\\/tiranalajm.com\\\/wp-content\\\/uploads\\\/2023\\\/08\\\/logo-tirana-lajm.jpg\",\"width\":600,\"height\":360,\"caption\":\"Tirana Lajm\"},\"image\":{\"@id\":\"https:\\\/\\\/tiranalajm.com\\\/#\\\/schema\\\/logo\\\/image\\\/\"}},{\"@type\":\"Person\",\"@id\":\"https:\\\/\\\/tiranalajm.com\\\/#\\\/schema\\\/person\\\/d62adf3f0d0ba38eb923c3c1f5152717\",\"name\":\"tiranalajm.com\",\"image\":{\"@type\":\"ImageObject\",\"inLanguage\":\"en-US\",\"@id\":\"https:\\\/\\\/secure.gravatar.com\\\/avatar\\\/70082bb8d030bb6b79327cd6e282b497e1b999934e601ba07a020bca96c4dbee?s=96&d=mm&r=g\",\"url\":\"https:\\\/\\\/secure.gravatar.com\\\/avatar\\\/70082bb8d030bb6b79327cd6e282b497e1b999934e601ba07a020bca96c4dbee?s=96&d=mm&r=g\",\"contentUrl\":\"https:\\\/\\\/secure.gravatar.com\\\/avatar\\\/70082bb8d030bb6b79327cd6e282b497e1b999934e601ba07a020bca96c4dbee?s=96&d=mm&r=g\",\"caption\":\"tiranalajm.com\"},\"sameAs\":[\"http:\\\/\\\/tiranalajm.com\"],\"url\":\"https:\\\/\\\/tiranalajm.com\\\/index.php\\\/author\\\/tiranalajm-com\\\/\"}]}<\/script>\n<!-- \/ Yoast SEO plugin. -->","yoast_head_json":{"title":"Pjes\u00eb e nj\u00eb grupi kriminal, GJKKO jep vendimin, ja sa d\u00ebnohet nipi Nehat Kull\u00ebs - Tirana Lajm","robots":{"index":"index","follow":"follow","max-snippet":"max-snippet:-1","max-image-preview":"max-image-preview:large","max-video-preview":"max-video-preview:-1"},"canonical":"https:\/\/tiranalajm.com\/index.php\/2024\/06\/12\/pjese-e-nje-grupi-kriminal-gjkko-jep-vendimin-ja-sa-denohet-nipi-nehat-kulles\/","og_locale":"en_US","og_type":"article","og_title":"Pjes\u00eb e nj\u00eb grupi kriminal, GJKKO jep vendimin, ja sa d\u00ebnohet nipi Nehat Kull\u00ebs - Tirana Lajm","og_description":"1. Prokuroria e Posa\u00e7me kund\u00ebr Korrupsionit dhe Krimit t\u00eb Organizuar m\u00eb dat\u00eb 30.01.2024 ka paraqitur pran\u00eb Gjykat\u00ebs k\u00ebrkes\u00ebn me objekt: Gjykimin e \u00e7\u00ebshtjes penale n\u00eb ngarkim t\u00eb t\u00eb pandehurit Akil Kulla, akuzuar p\u00ebr kryerjen e veprave penale: \u201cMbajtja pa leje dhe prodhimi i arm\u00ebve, arm\u00ebve shp\u00ebrthyese dhe i municionit\u201d p\u00ebrsigurimin, magazinimin, modifikimin dhe rregullimin me [&hellip;]","og_url":"https:\/\/tiranalajm.com\/index.php\/2024\/06\/12\/pjese-e-nje-grupi-kriminal-gjkko-jep-vendimin-ja-sa-denohet-nipi-nehat-kulles\/","og_site_name":"Tirana Lajm","article_published_time":"2024-06-12T11:58:54+00:00","og_image":[{"width":797,"height":480,"url":"http:\/\/tiranalajm.com\/wp-content\/uploads\/2024\/06\/IMG_3650.jpeg","type":"image\/jpeg"}],"author":"tiranalajm.com","twitter_card":"summary_large_image","twitter_misc":{"Written by":"tiranalajm.com","Est. reading time":"3 minutes"},"schema":{"@context":"https:\/\/schema.org","@graph":[{"@type":"Article","@id":"https:\/\/tiranalajm.com\/index.php\/2024\/06\/12\/pjese-e-nje-grupi-kriminal-gjkko-jep-vendimin-ja-sa-denohet-nipi-nehat-kulles\/#article","isPartOf":{"@id":"https:\/\/tiranalajm.com\/index.php\/2024\/06\/12\/pjese-e-nje-grupi-kriminal-gjkko-jep-vendimin-ja-sa-denohet-nipi-nehat-kulles\/"},"author":{"name":"tiranalajm.com","@id":"https:\/\/tiranalajm.com\/#\/schema\/person\/d62adf3f0d0ba38eb923c3c1f5152717"},"headline":"Pjes\u00eb e nj\u00eb grupi kriminal, GJKKO jep vendimin, ja sa d\u00ebnohet nipi Nehat Kull\u00ebs","datePublished":"2024-06-12T11:58:54+00:00","mainEntityOfPage":{"@id":"https:\/\/tiranalajm.com\/index.php\/2024\/06\/12\/pjese-e-nje-grupi-kriminal-gjkko-jep-vendimin-ja-sa-denohet-nipi-nehat-kulles\/"},"wordCount":675,"commentCount":0,"publisher":{"@id":"https:\/\/tiranalajm.com\/#organization"},"image":{"@id":"https:\/\/tiranalajm.com\/index.php\/2024\/06\/12\/pjese-e-nje-grupi-kriminal-gjkko-jep-vendimin-ja-sa-denohet-nipi-nehat-kulles\/#primaryimage"},"thumbnailUrl":"https:\/\/tiranalajm.com\/wp-content\/uploads\/2024\/06\/IMG_3650.jpeg","articleSection":["Kryesore","Ne vemendje","Rreth vendit"],"inLanguage":"en-US","potentialAction":[{"@type":"CommentAction","name":"Comment","target":["https:\/\/tiranalajm.com\/index.php\/2024\/06\/12\/pjese-e-nje-grupi-kriminal-gjkko-jep-vendimin-ja-sa-denohet-nipi-nehat-kulles\/#respond"]}]},{"@type":"WebPage","@id":"https:\/\/tiranalajm.com\/index.php\/2024\/06\/12\/pjese-e-nje-grupi-kriminal-gjkko-jep-vendimin-ja-sa-denohet-nipi-nehat-kulles\/","url":"https:\/\/tiranalajm.com\/index.php\/2024\/06\/12\/pjese-e-nje-grupi-kriminal-gjkko-jep-vendimin-ja-sa-denohet-nipi-nehat-kulles\/","name":"Pjes\u00eb e nj\u00eb grupi kriminal, GJKKO jep vendimin, ja sa d\u00ebnohet nipi Nehat Kull\u00ebs - Tirana Lajm","isPartOf":{"@id":"https:\/\/tiranalajm.com\/#website"},"primaryImageOfPage":{"@id":"https:\/\/tiranalajm.com\/index.php\/2024\/06\/12\/pjese-e-nje-grupi-kriminal-gjkko-jep-vendimin-ja-sa-denohet-nipi-nehat-kulles\/#primaryimage"},"image":{"@id":"https:\/\/tiranalajm.com\/index.php\/2024\/06\/12\/pjese-e-nje-grupi-kriminal-gjkko-jep-vendimin-ja-sa-denohet-nipi-nehat-kulles\/#primaryimage"},"thumbnailUrl":"https:\/\/tiranalajm.com\/wp-content\/uploads\/2024\/06\/IMG_3650.jpeg","datePublished":"2024-06-12T11:58:54+00:00","breadcrumb":{"@id":"https:\/\/tiranalajm.com\/index.php\/2024\/06\/12\/pjese-e-nje-grupi-kriminal-gjkko-jep-vendimin-ja-sa-denohet-nipi-nehat-kulles\/#breadcrumb"},"inLanguage":"en-US","potentialAction":[{"@type":"ReadAction","target":["https:\/\/tiranalajm.com\/index.php\/2024\/06\/12\/pjese-e-nje-grupi-kriminal-gjkko-jep-vendimin-ja-sa-denohet-nipi-nehat-kulles\/"]}]},{"@type":"ImageObject","inLanguage":"en-US","@id":"https:\/\/tiranalajm.com\/index.php\/2024\/06\/12\/pjese-e-nje-grupi-kriminal-gjkko-jep-vendimin-ja-sa-denohet-nipi-nehat-kulles\/#primaryimage","url":"https:\/\/tiranalajm.com\/wp-content\/uploads\/2024\/06\/IMG_3650.jpeg","contentUrl":"https:\/\/tiranalajm.com\/wp-content\/uploads\/2024\/06\/IMG_3650.jpeg","width":797,"height":480},{"@type":"BreadcrumbList","@id":"https:\/\/tiranalajm.com\/index.php\/2024\/06\/12\/pjese-e-nje-grupi-kriminal-gjkko-jep-vendimin-ja-sa-denohet-nipi-nehat-kulles\/#breadcrumb","itemListElement":[{"@type":"ListItem","position":1,"name":"Home","item":"https:\/\/tiranalajm.com\/"},{"@type":"ListItem","position":2,"name":"Pjes\u00eb e nj\u00eb grupi kriminal, GJKKO jep vendimin, ja sa d\u00ebnohet nipi Nehat Kull\u00ebs"}]},{"@type":"WebSite","@id":"https:\/\/tiranalajm.com\/#website","url":"https:\/\/tiranalajm.com\/","name":"Tirana Lajm","description":"Tirana Lajm","publisher":{"@id":"https:\/\/tiranalajm.com\/#organization"},"potentialAction":[{"@type":"SearchAction","target":{"@type":"EntryPoint","urlTemplate":"https:\/\/tiranalajm.com\/?s={search_term_string}"},"query-input":{"@type":"PropertyValueSpecification","valueRequired":true,"valueName":"search_term_string"}}],"inLanguage":"en-US"},{"@type":"Organization","@id":"https:\/\/tiranalajm.com\/#organization","name":"Tirana Lajm","url":"https:\/\/tiranalajm.com\/","logo":{"@type":"ImageObject","inLanguage":"en-US","@id":"https:\/\/tiranalajm.com\/#\/schema\/logo\/image\/","url":"https:\/\/tiranalajm.com\/wp-content\/uploads\/2023\/08\/logo-tirana-lajm.jpg","contentUrl":"https:\/\/tiranalajm.com\/wp-content\/uploads\/2023\/08\/logo-tirana-lajm.jpg","width":600,"height":360,"caption":"Tirana Lajm"},"image":{"@id":"https:\/\/tiranalajm.com\/#\/schema\/logo\/image\/"}},{"@type":"Person","@id":"https:\/\/tiranalajm.com\/#\/schema\/person\/d62adf3f0d0ba38eb923c3c1f5152717","name":"tiranalajm.com","image":{"@type":"ImageObject","inLanguage":"en-US","@id":"https:\/\/secure.gravatar.com\/avatar\/70082bb8d030bb6b79327cd6e282b497e1b999934e601ba07a020bca96c4dbee?s=96&d=mm&r=g","url":"https:\/\/secure.gravatar.com\/avatar\/70082bb8d030bb6b79327cd6e282b497e1b999934e601ba07a020bca96c4dbee?s=96&d=mm&r=g","contentUrl":"https:\/\/secure.gravatar.com\/avatar\/70082bb8d030bb6b79327cd6e282b497e1b999934e601ba07a020bca96c4dbee?s=96&d=mm&r=g","caption":"tiranalajm.com"},"sameAs":["http:\/\/tiranalajm.com"],"url":"https:\/\/tiranalajm.com\/index.php\/author\/tiranalajm-com\/"}]}},"_links":{"self":[{"href":"https:\/\/tiranalajm.com\/index.php\/wp-json\/wp\/v2\/posts\/113","targetHints":{"allow":["GET"]}}],"collection":[{"href":"https:\/\/tiranalajm.com\/index.php\/wp-json\/wp\/v2\/posts"}],"about":[{"href":"https:\/\/tiranalajm.com\/index.php\/wp-json\/wp\/v2\/types\/post"}],"author":[{"embeddable":true,"href":"https:\/\/tiranalajm.com\/index.php\/wp-json\/wp\/v2\/users\/1"}],"replies":[{"embeddable":true,"href":"https:\/\/tiranalajm.com\/index.php\/wp-json\/wp\/v2\/comments?post=113"}],"version-history":[{"count":1,"href":"https:\/\/tiranalajm.com\/index.php\/wp-json\/wp\/v2\/posts\/113\/revisions"}],"predecessor-version":[{"id":115,"href":"https:\/\/tiranalajm.com\/index.php\/wp-json\/wp\/v2\/posts\/113\/revisions\/115"}],"wp:featuredmedia":[{"embeddable":true,"href":"https:\/\/tiranalajm.com\/index.php\/wp-json\/wp\/v2\/media\/114"}],"wp:attachment":[{"href":"https:\/\/tiranalajm.com\/index.php\/wp-json\/wp\/v2\/media?parent=113"}],"wp:term":[{"taxonomy":"category","embeddable":true,"href":"https:\/\/tiranalajm.com\/index.php\/wp-json\/wp\/v2\/categories?post=113"},{"taxonomy":"post_tag","embeddable":true,"href":"https:\/\/tiranalajm.com\/index.php\/wp-json\/wp\/v2\/tags?post=113"}],"curies":[{"name":"wp","href":"https:\/\/api.w.org\/{rel}","templated":true}]}}