{"id":116,"date":"2024-06-12T13:01:55","date_gmt":"2024-06-12T12:01:55","guid":{"rendered":"https:\/\/tiranalajm.com\/?p=116"},"modified":"2024-06-12T13:01:56","modified_gmt":"2024-06-12T12:01:56","slug":"shkolla-e-magjistratures-i-pergjigjet-klp-akuza-te-paverteta-dhe-keqdashese","status":"publish","type":"post","link":"https:\/\/tiranalajm.com\/index.php\/2024\/06\/12\/shkolla-e-magjistratures-i-pergjigjet-klp-akuza-te-paverteta-dhe-keqdashese\/","title":{"rendered":"Shkolla e &#8220;Magjistratur\u00ebs&#8221; i p\u00ebrgjigjet KLP: Akuza t\u00eb pav\u00ebrteta dhe keqdash\u00ebse!"},"content":{"rendered":"\n<p>Shkolla e Magjistratur\u00ebs i konsideron akuza t\u00eb pav\u00ebrteta dhe cenim i r\u00ebnd\u00eb p\u00ebr veprimtarin\u00eb e tyre deklaratat e b\u00ebra gjat\u00eb mbledhjes s\u00eb KLP.<\/p>\n\n\n\n<p>Mbledhja\u00a0n\u00ebn drejtimin e kryetares s\u00eb re\u00a0<strong>Mirela Bogdani<\/strong>\u00a0nisi me debate t\u00eb forta mes an\u00ebtar\u00ebve.<\/p>\n\n\n\n<p>Gjith\u00e7ka nisi pasi Bogdani lexoi rendin e dit\u00ebs, ku p\u00ebrfshihej verifikimi i pasuris\u00eb s\u00eb disa kandidat\u00ebve t\u00eb dal\u00eb fitues nga provimi i fundit i Magjistratur\u00ebs, gati p\u00ebr t\u2019u em\u00ebruar prokuror\u00eb.<\/p>\n\n\n\n<p>Zv.kryetari i KLP-s\u00eb, Bazaj tha se procedura e verifikimit duhet t\u00eb shtyhet p\u00ebr shkak se n\u00eb SPAK ka nj\u00eb kall\u00ebzim penal ndaj Shkoll\u00ebs s\u00eb Magjistratur\u00ebs dhe BKH-ja ka nisur hetimet. Por kund\u00ebr k\u00ebrkes\u00ebs s\u00eb tij doli fillimisht&nbsp;<strong>Arta Mandro<\/strong>&nbsp;e m\u00eb pas shumica e an\u00ebtar\u00ebve t\u00eb KLP-s\u00eb, duke e rr\u00ebzuar k\u00ebrkes\u00ebn e tij.<\/p>\n\n\n\n<p>N\u00eb deklarat\u00ebn p\u00ebr mediat ata shprehen se akuzat personale t\u00eb b\u00ebra ndaj Drejtorit t\u00eb Shkoll\u00ebs s\u00eb Magjistratur\u00ebs, n\u00eb mbledhjen e K\u00ebshillit t\u00eb Lart\u00eb t\u00eb Prokuroris\u00eb, paraqesin nj\u00eb shqet\u00ebsim serioz p\u00ebr funksionimin e organeve m\u00eb t\u00eb larta t\u00eb sistemit t\u00eb drejt\u00ebsis\u00eb dhe p\u00ebr mbrojtjen dhe respektimin e dinjitetit njer\u00ebzor.&nbsp;<\/p>\n\n\n\n<p><strong>Deklarata e shkoll\u00ebs s\u00eb&nbsp;\u201cMagjistratur\u00ebs\u201d:<\/strong><\/p>\n\n\n\n<p>Shkolla e Magjistratur\u00ebs shpreh shqet\u00ebsimin se deklaratat dhe akuzat e pav\u00ebrteta t\u00eb b\u00ebra ne mbledhjen plenare t\u00eb K\u00ebshillit t\u00eb Lart\u00eb t\u00eb Prokuroris\u00eb, ndaj procesit t\u00eb rekrutimit t\u00eb zhvilluar n\u00eb muajin prill 2024, jan\u00eb nj\u00eb cenim i r\u00ebnd\u00eb p\u00ebr veprimtarin\u00eb e Shkoll\u00ebs se Magjistratur\u00ebs, sulm ndaj pavar\u00ebsis\u00eb s\u00eb saj, nj\u00eb p\u00ebrpjekje p\u00ebr denigrim t\u00eb autoritet t\u00eb saj, p\u00ebr te shkaktuar pasoj\u00ebn e drejtp\u00ebrdrejt\u00eb t\u00eb hedhjes balt\u00eb mbi konkurrent\u00ebt, magjistrat\u00eb t\u00eb ardhsh\u00ebm, q\u00eb me merit\u00ebn e tyre jan\u00eb shpallur fitues n\u00eb k\u00ebt\u00eb konkurrim.<\/p>\n\n\n\n<p>Shkolla e Magjistratur\u00ebs garanton se procesi i rekrutimit t\u00eb kandidat\u00ebve p\u00ebr magjistrat\u00eb ka qen\u00eb p\u00ebr nj\u00eb proces i bazuar t\u00ebr\u00ebsisht n\u00eb merit\u00eb, i pavarur dhe n\u00eb p\u00ebrputhje t\u00eb plot\u00eb me ligjin. Shkolla ka marr\u00eb t\u00eb gjitha masat p\u00ebr t\u00eb njohur e vler\u00ebsuar merit\u00ebn e konkurrent\u00ebve vet\u00ebm dhe permbi bazen e njohurive dhe aftesive te tyre profesionale. Fituesit vleresohen t\u00eb till\u00eb nga Komision i pavarur q\u00eb \u00ebsht\u00eb sjell\u00eb e do t\u00eb sillet p\u00ebrher\u00eb n\u00eb m\u00ebnyr\u00eb profesionale.<\/p>\n\n\n\n<p>Pjes\u00ebmarr\u00ebsit n\u00eb konkurrim g\u00ebzojn\u00eb dhe ushtrojn\u00eb &nbsp;t\u00eb gjitha t\u00eb drejtat e njohura nga ligji dhe Rregullorja e Shkoll\u00ebs s\u00eb Magjistratur\u00ebs.<\/p>\n\n\n\n<p>K\u00ebt\u00eb proces merit\u00eb dhe transparent ne e vler\u00ebsojm\u00eb thelb\u00ebsor p\u00ebr edukimin e pavar\u00ebsis\u00eb dhe integritetit s\u00eb gjyqtar\u00ebve dhe prokuror\u00ebve t\u00eb ardhsh\u00ebm, ndaj ka mbetur e do mbese i till\u00eb. Ky element p\u00ebrb\u00ebn themelin e sistemit t\u00eb ardhsh\u00ebm gjyq\u00ebsor.<\/p>\n\n\n\n<p>Shkolla do t\u00eb vazhdoje t\u00eb nxis\u00eb me p\u00ebrgjegj\u00ebsi q\u00ebndrueshm\u00ebrin\u00eb dhe integritetin e sistemit t\u00eb p\u00ebrzgjedhjes s\u00eb gjyqtar\u00ebve e prokuror\u00ebve t\u00eb ardhsh\u00ebm, p\u00ebr shkak se besojm\u00eb thelb\u00ebsisht n\u00eb barazin\u00eb e shanseve t\u00eb kandidat\u00ebve pjes\u00ebmarr\u00ebs si parim themeltar i sistemit demokratik.<\/p>\n\n\n\n<p>Aludimet me keqdashje p\u00ebr parregullsi apo p\u00ebr shpallje fitues t\u00eb konkurrent\u00ebve pa merit\u00eb nuk kan\u00eb asnj\u00eb mb\u00ebshtetje ligjore apo faktike, por jan\u00eb p\u00ebrpjekje p\u00ebr t\u00eb d\u00ebmtuar Shkoll\u00ebn e Magjistratur\u00ebs, sistemin e drejt\u00ebsis\u00eb dhe p\u00ebr t\u00eb c\u00ebnuar besimin e publikut n\u00eb drejt\u00ebsi.<\/p>\n\n\n\n<p>Sulme t\u00eb vazhdueshme jan\u00eb organizuar p\u00ebrgjat\u00eb gjith\u00eb viteve t\u00eb veprimtaris\u00eb s\u00eb Shkoll\u00ebs s\u00eb Magjistratur\u00ebs, si shfaqe zakoni e p\u00ebrpjekjeve q\u00eb synojne mbajtjen e sistemit gjyq\u00ebsor dhe an\u00ebtar\u00ebve t\u00eb saj, t\u00eb p\u00ebrgojuar, p\u00ebrdhosur e n\u00ebshtruar. K\u00ebto p\u00ebrpjekje kan\u00eb marr\u00eb p\u00ebrgjigje me vendosm\u00ebrin\u00eb, paan\u00ebsin\u00eb, integritetin dhe profesionalizmin e treguar nga Shkolla.<\/p>\n\n\n\n<p>Shkolla e Magjistratures ka kontribuar, p\u00ebrkrahur e mb\u00ebshtetur Reformen n\u00eb Drejt\u00ebsi, ka b\u00ebr\u00eb p\u00ebrpjekje te lavderueshme\u00ebr t\u00eb leht\u00ebsuar e furnizuar sherbimin gjyqsor p\u00ebrgjat\u00eb viteve t\u00eb zbatimit n\u00ebn p\u00ebrgjegj\u00ebsin\u00eb qytetare dhe profesionale p\u00ebr suksesin e saj. Dhe, do t\u00eb vazhdoj\u00eb ta b\u00ebj\u00eb duke pasqyruar p\u00ebr gjith\u00eb sistemin gjyqsor shembullin e pavaresis\u00eb, dinjitetit dhe profesionalizmit. Ne mendojm\u00eb se thelbi i Reformes n\u00eb Drejt\u00ebsi ka qendruar pik\u00ebrisht n\u00eb k\u00ebto elemente par\u00ebsore t\u00eb cilat synohen t\u00eb ushqehen tek an\u00ebtaret tan\u00eb t\u00eb sistemit qe nis nga merita n\u00eb p\u00ebrzgjedhjen e tyre.<\/p>\n\n\n\n<p>Shkolla e Magjistratur\u00ebs do t\u00eb vazhdoj\u00eb t\u00eb kontriboj\u00eb n\u00eb projektet madhore profesionale dhe ligjore q\u00eb vendi ka nevoj\u00eb, sic \u00ebsht\u00eb edhe kontributi vendimtar n\u00eb hartimin e projektit t\u00eb ri t\u00eb Kodit Penal t\u00eb Republik\u00ebs s\u00eb Shqip\u00ebris\u00eb. Ne urojm\u00eb q\u00eb projekti i arrire, paraqitur n\u00eb Ministrin\u00eb e Drejt\u00ebsis\u00eb t\u00eb gjej\u00eb sa m\u00eb par\u00eb rrug\u00ebn ligjore t\u00eb diskutimit t\u00eb tij per dobine e sistemit te drejtesise penale te Shqiperise.<\/p>\n\n\n\n<p>&nbsp;Akuzat personale t\u00eb b\u00ebra ndaj Drejtorit t\u00eb Shkoll\u00ebs s\u00eb Magjistratur\u00ebs, n\u00eb mbledhjen e K\u00ebshillit t\u00eb Lart\u00eb t\u00eb Prokuroris\u00eb, paraqesin nj\u00eb shqet\u00ebsim serioz p\u00ebr funksionimin e organeve m\u00eb t\u00eb larta t\u00eb sistemit t\u00eb drejt\u00ebsis\u00eb dhe p\u00ebr mbrojtjen dhe respektimin e dinjitetit njer\u00ebzor. Ato shfaqin munges\u00ebs s\u00eb respektit ndaj institucioneve m\u00eb t\u00eb r\u00ebnd\u00ebsishme t\u00eb shtetit shqiptar, kan\u00eb synim t\u00eb intimidojn\u00eb k\u00ebdo q\u00eb me p\u00ebrgjegj\u00ebsi dhe profesionaliz\u00ebm nuk b\u00ebhet pjes\u00eb e paligjshm\u00ebris\u00eb, por k\u00ebrkon dhe jep drejt\u00ebsi me pun\u00ebn e tij.<\/p>\n\n\n\n<p>Shqet\u00ebsues p\u00ebr \u00e7do an\u00ebtar t\u00eb sistemit t\u00eb drejt\u00ebsis\u00eb, p\u00ebrfshi edhe drejtesine kushtetuese, eshte paraqitja kokeposhte, c\u00ebnuese dhe joetike e faktit juridik t\u00eb shkarkimit nga detyra t\u00eb Prokurorit t\u00eb P\u00ebrgjithsh\u00ebm, sot drejtor i Shkoll\u00ebs s\u00eb Magjistratur\u00ebs. Institucioni i sotem Qeveris\u00ebs i Prokuroris\u00eb pranon n\u00eb tavolin\u00ebn e tij zyrtare, trajtimin keqdashes te ngjarjes juridike, nder me te rendat n\u00eb historin\u00eb e parlamentarizmit shqiptar, ate te shkeljes se Kushtetues se Republikes se Shqiperise, konfirmuar nga Gjykata Kushtetuese e koh\u00ebs.<\/p>\n\n\n\n<p>Mosnjohja, padijenia apo keqp\u00ebrdorimi i atij fakti juridik, rendon cilindo q\u00eb b\u00ebn pjes\u00eb n\u00eb qeverisjen e Prokuroris\u00eb s\u00eb sotme. Organi Qeveris\u00ebs i Prokuroris\u00eb sipas ligjit ka detyr\u00eb t\u00eb mbroj\u00eb pavar\u00ebsin\u00eb, integritetin, apo dinjitetin p\u00ebrgjat\u00eb kryerjes s\u00eb detyr\u00ebs, t\u00eb respektoj\u00eb sistemin Kushtetues dhe ligjor t\u00eb normave dhe, hierarkin\u00eb Kushtetuese apo gjyq\u00ebsore t\u00eb organeve dhe, te mos lejoje dhe te distancohet nga rr\u00ebnimi moral, kulturor, professional apo logjiko-emocional te kujdo qe mund te ndikojn\u00eb ne qeverisjen e sistemit. Moskuptimi t\u00ebr\u00ebsor i faktit, edhe kur \u00ebsht\u00eb hedhur qarte e zeza mbi te bardhe, \u00ebsht\u00eb i pajustifikuesh\u00ebm p\u00ebr \u00e7do praktikant, edhe fillestar, t\u00eb ligjit, qoft\u00eb kur kan\u00eb synime politike p\u00ebr t\u00eb p\u00ebrmbushur, synime karriere apo edhe thjesht, personale.<\/p>\n\n\n\n<p>Shkolla e Magjistratur\u00ebs do t\u00eb vijoj\u00eb t\u00eb mb\u00ebshtes\u00eb K\u00ebshillin e Lart\u00eb t\u00eb Prokuroris\u00eb dhe Prokurorin\u00eb e Shtetit shqiptar p\u00ebr t\u00eb arritur synimet e veprimit t\u00eb saj t\u00eb pavarur, ligjor dhe t\u00eb barabart\u00eb p\u00ebr t\u00eb gjith\u00eb, thuhet n\u00eb deklarat\u00ebn e siguruar nga&nbsp;<strong>VoxNews<\/strong><\/p>\n","protected":false},"excerpt":{"rendered":"<p>Shkolla e Magjistratur\u00ebs i konsideron akuza t\u00eb pav\u00ebrteta dhe cenim i r\u00ebnd\u00eb p\u00ebr veprimtarin\u00eb e tyre deklaratat e b\u00ebra gjat\u00eb mbledhjes s\u00eb KLP. Mbledhja\u00a0n\u00ebn drejtimin e kryetares s\u00eb re\u00a0Mirela Bogdani\u00a0nisi me debate t\u00eb forta mes an\u00ebtar\u00ebve. Gjith\u00e7ka nisi pasi Bogdani lexoi rendin e dit\u00ebs, ku p\u00ebrfshihej verifikimi i pasuris\u00eb s\u00eb disa kandidat\u00ebve t\u00eb dal\u00eb fitues [&hellip;]<\/p>\n","protected":false},"author":1,"featured_media":117,"comment_status":"open","ping_status":"open","sticky":false,"template":"","format":"standard","meta":{"footnotes":""},"categories":[4,3],"tags":[],"class_list":["post-116","post","type-post","status-publish","format-standard","has-post-thumbnail","hentry","category-kryesore","category-rreth-vendit"],"yoast_head":"<!-- This site is optimized with the Yoast SEO plugin v27.4 - https:\/\/yoast.com\/product\/yoast-seo-wordpress\/ -->\n<title>Shkolla e &quot;Magjistratur\u00ebs&quot; i p\u00ebrgjigjet KLP: Akuza t\u00eb pav\u00ebrteta dhe keqdash\u00ebse! - Tirana Lajm<\/title>\n<meta name=\"robots\" content=\"index, follow, max-snippet:-1, max-image-preview:large, max-video-preview:-1\" \/>\n<link rel=\"canonical\" href=\"https:\/\/tiranalajm.com\/index.php\/2024\/06\/12\/shkolla-e-magjistratures-i-pergjigjet-klp-akuza-te-paverteta-dhe-keqdashese\/\" \/>\n<meta property=\"og:locale\" content=\"en_US\" \/>\n<meta property=\"og:type\" content=\"article\" \/>\n<meta property=\"og:title\" content=\"Shkolla e &quot;Magjistratur\u00ebs&quot; i p\u00ebrgjigjet KLP: Akuza t\u00eb pav\u00ebrteta dhe keqdash\u00ebse! - Tirana Lajm\" \/>\n<meta property=\"og:description\" content=\"Shkolla e Magjistratur\u00ebs i konsideron akuza t\u00eb pav\u00ebrteta dhe cenim i r\u00ebnd\u00eb p\u00ebr veprimtarin\u00eb e tyre deklaratat e b\u00ebra gjat\u00eb mbledhjes s\u00eb KLP. Mbledhja\u00a0n\u00ebn drejtimin e kryetares s\u00eb re\u00a0Mirela Bogdani\u00a0nisi me debate t\u00eb forta mes an\u00ebtar\u00ebve. Gjith\u00e7ka nisi pasi Bogdani lexoi rendin e dit\u00ebs, ku p\u00ebrfshihej verifikimi i pasuris\u00eb s\u00eb disa kandidat\u00ebve t\u00eb dal\u00eb fitues [&hellip;]\" \/>\n<meta property=\"og:url\" content=\"https:\/\/tiranalajm.com\/index.php\/2024\/06\/12\/shkolla-e-magjistratures-i-pergjigjet-klp-akuza-te-paverteta-dhe-keqdashese\/\" \/>\n<meta property=\"og:site_name\" content=\"Tirana Lajm\" \/>\n<meta property=\"article:published_time\" content=\"2024-06-12T12:01:55+00:00\" \/>\n<meta property=\"article:modified_time\" content=\"2024-06-12T12:01:56+00:00\" \/>\n<meta property=\"og:image\" content=\"http:\/\/tiranalajm.com\/wp-content\/uploads\/2024\/06\/IMG_3652.png\" \/>\n\t<meta property=\"og:image:width\" content=\"640\" \/>\n\t<meta property=\"og:image:height\" content=\"410\" \/>\n\t<meta property=\"og:image:type\" content=\"image\/png\" \/>\n<meta name=\"author\" content=\"tiranalajm.com\" \/>\n<meta name=\"twitter:card\" content=\"summary_large_image\" \/>\n<meta name=\"twitter:label1\" content=\"Written by\" \/>\n\t<meta name=\"twitter:data1\" content=\"tiranalajm.com\" \/>\n\t<meta name=\"twitter:label2\" content=\"Est. reading time\" \/>\n\t<meta name=\"twitter:data2\" content=\"5 minutes\" \/>\n<script type=\"application\/ld+json\" class=\"yoast-schema-graph\">{\"@context\":\"https:\\\/\\\/schema.org\",\"@graph\":[{\"@type\":\"Article\",\"@id\":\"https:\\\/\\\/tiranalajm.com\\\/index.php\\\/2024\\\/06\\\/12\\\/shkolla-e-magjistratures-i-pergjigjet-klp-akuza-te-paverteta-dhe-keqdashese\\\/#article\",\"isPartOf\":{\"@id\":\"https:\\\/\\\/tiranalajm.com\\\/index.php\\\/2024\\\/06\\\/12\\\/shkolla-e-magjistratures-i-pergjigjet-klp-akuza-te-paverteta-dhe-keqdashese\\\/\"},\"author\":{\"name\":\"tiranalajm.com\",\"@id\":\"https:\\\/\\\/tiranalajm.com\\\/#\\\/schema\\\/person\\\/d62adf3f0d0ba38eb923c3c1f5152717\"},\"headline\":\"Shkolla e &#8220;Magjistratur\u00ebs&#8221; i p\u00ebrgjigjet KLP: Akuza t\u00eb pav\u00ebrteta dhe keqdash\u00ebse!\",\"datePublished\":\"2024-06-12T12:01:55+00:00\",\"dateModified\":\"2024-06-12T12:01:56+00:00\",\"mainEntityOfPage\":{\"@id\":\"https:\\\/\\\/tiranalajm.com\\\/index.php\\\/2024\\\/06\\\/12\\\/shkolla-e-magjistratures-i-pergjigjet-klp-akuza-te-paverteta-dhe-keqdashese\\\/\"},\"wordCount\":1214,\"commentCount\":0,\"publisher\":{\"@id\":\"https:\\\/\\\/tiranalajm.com\\\/#organization\"},\"image\":{\"@id\":\"https:\\\/\\\/tiranalajm.com\\\/index.php\\\/2024\\\/06\\\/12\\\/shkolla-e-magjistratures-i-pergjigjet-klp-akuza-te-paverteta-dhe-keqdashese\\\/#primaryimage\"},\"thumbnailUrl\":\"https:\\\/\\\/tiranalajm.com\\\/wp-content\\\/uploads\\\/2024\\\/06\\\/IMG_3652.png\",\"articleSection\":[\"Kryesore\",\"Rreth vendit\"],\"inLanguage\":\"en-US\",\"potentialAction\":[{\"@type\":\"CommentAction\",\"name\":\"Comment\",\"target\":[\"https:\\\/\\\/tiranalajm.com\\\/index.php\\\/2024\\\/06\\\/12\\\/shkolla-e-magjistratures-i-pergjigjet-klp-akuza-te-paverteta-dhe-keqdashese\\\/#respond\"]}]},{\"@type\":\"WebPage\",\"@id\":\"https:\\\/\\\/tiranalajm.com\\\/index.php\\\/2024\\\/06\\\/12\\\/shkolla-e-magjistratures-i-pergjigjet-klp-akuza-te-paverteta-dhe-keqdashese\\\/\",\"url\":\"https:\\\/\\\/tiranalajm.com\\\/index.php\\\/2024\\\/06\\\/12\\\/shkolla-e-magjistratures-i-pergjigjet-klp-akuza-te-paverteta-dhe-keqdashese\\\/\",\"name\":\"Shkolla e \\\"Magjistratur\u00ebs\\\" i p\u00ebrgjigjet KLP: Akuza t\u00eb pav\u00ebrteta dhe keqdash\u00ebse! - Tirana Lajm\",\"isPartOf\":{\"@id\":\"https:\\\/\\\/tiranalajm.com\\\/#website\"},\"primaryImageOfPage\":{\"@id\":\"https:\\\/\\\/tiranalajm.com\\\/index.php\\\/2024\\\/06\\\/12\\\/shkolla-e-magjistratures-i-pergjigjet-klp-akuza-te-paverteta-dhe-keqdashese\\\/#primaryimage\"},\"image\":{\"@id\":\"https:\\\/\\\/tiranalajm.com\\\/index.php\\\/2024\\\/06\\\/12\\\/shkolla-e-magjistratures-i-pergjigjet-klp-akuza-te-paverteta-dhe-keqdashese\\\/#primaryimage\"},\"thumbnailUrl\":\"https:\\\/\\\/tiranalajm.com\\\/wp-content\\\/uploads\\\/2024\\\/06\\\/IMG_3652.png\",\"datePublished\":\"2024-06-12T12:01:55+00:00\",\"dateModified\":\"2024-06-12T12:01:56+00:00\",\"breadcrumb\":{\"@id\":\"https:\\\/\\\/tiranalajm.com\\\/index.php\\\/2024\\\/06\\\/12\\\/shkolla-e-magjistratures-i-pergjigjet-klp-akuza-te-paverteta-dhe-keqdashese\\\/#breadcrumb\"},\"inLanguage\":\"en-US\",\"potentialAction\":[{\"@type\":\"ReadAction\",\"target\":[\"https:\\\/\\\/tiranalajm.com\\\/index.php\\\/2024\\\/06\\\/12\\\/shkolla-e-magjistratures-i-pergjigjet-klp-akuza-te-paverteta-dhe-keqdashese\\\/\"]}]},{\"@type\":\"ImageObject\",\"inLanguage\":\"en-US\",\"@id\":\"https:\\\/\\\/tiranalajm.com\\\/index.php\\\/2024\\\/06\\\/12\\\/shkolla-e-magjistratures-i-pergjigjet-klp-akuza-te-paverteta-dhe-keqdashese\\\/#primaryimage\",\"url\":\"https:\\\/\\\/tiranalajm.com\\\/wp-content\\\/uploads\\\/2024\\\/06\\\/IMG_3652.png\",\"contentUrl\":\"https:\\\/\\\/tiranalajm.com\\\/wp-content\\\/uploads\\\/2024\\\/06\\\/IMG_3652.png\",\"width\":640,\"height\":410},{\"@type\":\"BreadcrumbList\",\"@id\":\"https:\\\/\\\/tiranalajm.com\\\/index.php\\\/2024\\\/06\\\/12\\\/shkolla-e-magjistratures-i-pergjigjet-klp-akuza-te-paverteta-dhe-keqdashese\\\/#breadcrumb\",\"itemListElement\":[{\"@type\":\"ListItem\",\"position\":1,\"name\":\"Home\",\"item\":\"https:\\\/\\\/tiranalajm.com\\\/\"},{\"@type\":\"ListItem\",\"position\":2,\"name\":\"Shkolla e &#8220;Magjistratur\u00ebs&#8221; i p\u00ebrgjigjet KLP: Akuza t\u00eb pav\u00ebrteta dhe keqdash\u00ebse!\"}]},{\"@type\":\"WebSite\",\"@id\":\"https:\\\/\\\/tiranalajm.com\\\/#website\",\"url\":\"https:\\\/\\\/tiranalajm.com\\\/\",\"name\":\"Tirana Lajm\",\"description\":\"Tirana Lajm\",\"publisher\":{\"@id\":\"https:\\\/\\\/tiranalajm.com\\\/#organization\"},\"potentialAction\":[{\"@type\":\"SearchAction\",\"target\":{\"@type\":\"EntryPoint\",\"urlTemplate\":\"https:\\\/\\\/tiranalajm.com\\\/?s={search_term_string}\"},\"query-input\":{\"@type\":\"PropertyValueSpecification\",\"valueRequired\":true,\"valueName\":\"search_term_string\"}}],\"inLanguage\":\"en-US\"},{\"@type\":\"Organization\",\"@id\":\"https:\\\/\\\/tiranalajm.com\\\/#organization\",\"name\":\"Tirana Lajm\",\"url\":\"https:\\\/\\\/tiranalajm.com\\\/\",\"logo\":{\"@type\":\"ImageObject\",\"inLanguage\":\"en-US\",\"@id\":\"https:\\\/\\\/tiranalajm.com\\\/#\\\/schema\\\/logo\\\/image\\\/\",\"url\":\"https:\\\/\\\/tiranalajm.com\\\/wp-content\\\/uploads\\\/2023\\\/08\\\/logo-tirana-lajm.jpg\",\"contentUrl\":\"https:\\\/\\\/tiranalajm.com\\\/wp-content\\\/uploads\\\/2023\\\/08\\\/logo-tirana-lajm.jpg\",\"width\":600,\"height\":360,\"caption\":\"Tirana Lajm\"},\"image\":{\"@id\":\"https:\\\/\\\/tiranalajm.com\\\/#\\\/schema\\\/logo\\\/image\\\/\"}},{\"@type\":\"Person\",\"@id\":\"https:\\\/\\\/tiranalajm.com\\\/#\\\/schema\\\/person\\\/d62adf3f0d0ba38eb923c3c1f5152717\",\"name\":\"tiranalajm.com\",\"image\":{\"@type\":\"ImageObject\",\"inLanguage\":\"en-US\",\"@id\":\"https:\\\/\\\/secure.gravatar.com\\\/avatar\\\/70082bb8d030bb6b79327cd6e282b497e1b999934e601ba07a020bca96c4dbee?s=96&d=mm&r=g\",\"url\":\"https:\\\/\\\/secure.gravatar.com\\\/avatar\\\/70082bb8d030bb6b79327cd6e282b497e1b999934e601ba07a020bca96c4dbee?s=96&d=mm&r=g\",\"contentUrl\":\"https:\\\/\\\/secure.gravatar.com\\\/avatar\\\/70082bb8d030bb6b79327cd6e282b497e1b999934e601ba07a020bca96c4dbee?s=96&d=mm&r=g\",\"caption\":\"tiranalajm.com\"},\"sameAs\":[\"http:\\\/\\\/tiranalajm.com\"],\"url\":\"https:\\\/\\\/tiranalajm.com\\\/index.php\\\/author\\\/tiranalajm-com\\\/\"}]}<\/script>\n<!-- \/ Yoast SEO plugin. -->","yoast_head_json":{"title":"Shkolla e \"Magjistratur\u00ebs\" i p\u00ebrgjigjet KLP: Akuza t\u00eb pav\u00ebrteta dhe keqdash\u00ebse! - Tirana Lajm","robots":{"index":"index","follow":"follow","max-snippet":"max-snippet:-1","max-image-preview":"max-image-preview:large","max-video-preview":"max-video-preview:-1"},"canonical":"https:\/\/tiranalajm.com\/index.php\/2024\/06\/12\/shkolla-e-magjistratures-i-pergjigjet-klp-akuza-te-paverteta-dhe-keqdashese\/","og_locale":"en_US","og_type":"article","og_title":"Shkolla e \"Magjistratur\u00ebs\" i p\u00ebrgjigjet KLP: Akuza t\u00eb pav\u00ebrteta dhe keqdash\u00ebse! - Tirana Lajm","og_description":"Shkolla e Magjistratur\u00ebs i konsideron akuza t\u00eb pav\u00ebrteta dhe cenim i r\u00ebnd\u00eb p\u00ebr veprimtarin\u00eb e tyre deklaratat e b\u00ebra gjat\u00eb mbledhjes s\u00eb KLP. Mbledhja\u00a0n\u00ebn drejtimin e kryetares s\u00eb re\u00a0Mirela Bogdani\u00a0nisi me debate t\u00eb forta mes an\u00ebtar\u00ebve. Gjith\u00e7ka nisi pasi Bogdani lexoi rendin e dit\u00ebs, ku p\u00ebrfshihej verifikimi i pasuris\u00eb s\u00eb disa kandidat\u00ebve t\u00eb dal\u00eb fitues [&hellip;]","og_url":"https:\/\/tiranalajm.com\/index.php\/2024\/06\/12\/shkolla-e-magjistratures-i-pergjigjet-klp-akuza-te-paverteta-dhe-keqdashese\/","og_site_name":"Tirana Lajm","article_published_time":"2024-06-12T12:01:55+00:00","article_modified_time":"2024-06-12T12:01:56+00:00","og_image":[{"width":640,"height":410,"url":"http:\/\/tiranalajm.com\/wp-content\/uploads\/2024\/06\/IMG_3652.png","type":"image\/png"}],"author":"tiranalajm.com","twitter_card":"summary_large_image","twitter_misc":{"Written by":"tiranalajm.com","Est. reading time":"5 minutes"},"schema":{"@context":"https:\/\/schema.org","@graph":[{"@type":"Article","@id":"https:\/\/tiranalajm.com\/index.php\/2024\/06\/12\/shkolla-e-magjistratures-i-pergjigjet-klp-akuza-te-paverteta-dhe-keqdashese\/#article","isPartOf":{"@id":"https:\/\/tiranalajm.com\/index.php\/2024\/06\/12\/shkolla-e-magjistratures-i-pergjigjet-klp-akuza-te-paverteta-dhe-keqdashese\/"},"author":{"name":"tiranalajm.com","@id":"https:\/\/tiranalajm.com\/#\/schema\/person\/d62adf3f0d0ba38eb923c3c1f5152717"},"headline":"Shkolla e &#8220;Magjistratur\u00ebs&#8221; i p\u00ebrgjigjet KLP: Akuza t\u00eb pav\u00ebrteta dhe keqdash\u00ebse!","datePublished":"2024-06-12T12:01:55+00:00","dateModified":"2024-06-12T12:01:56+00:00","mainEntityOfPage":{"@id":"https:\/\/tiranalajm.com\/index.php\/2024\/06\/12\/shkolla-e-magjistratures-i-pergjigjet-klp-akuza-te-paverteta-dhe-keqdashese\/"},"wordCount":1214,"commentCount":0,"publisher":{"@id":"https:\/\/tiranalajm.com\/#organization"},"image":{"@id":"https:\/\/tiranalajm.com\/index.php\/2024\/06\/12\/shkolla-e-magjistratures-i-pergjigjet-klp-akuza-te-paverteta-dhe-keqdashese\/#primaryimage"},"thumbnailUrl":"https:\/\/tiranalajm.com\/wp-content\/uploads\/2024\/06\/IMG_3652.png","articleSection":["Kryesore","Rreth vendit"],"inLanguage":"en-US","potentialAction":[{"@type":"CommentAction","name":"Comment","target":["https:\/\/tiranalajm.com\/index.php\/2024\/06\/12\/shkolla-e-magjistratures-i-pergjigjet-klp-akuza-te-paverteta-dhe-keqdashese\/#respond"]}]},{"@type":"WebPage","@id":"https:\/\/tiranalajm.com\/index.php\/2024\/06\/12\/shkolla-e-magjistratures-i-pergjigjet-klp-akuza-te-paverteta-dhe-keqdashese\/","url":"https:\/\/tiranalajm.com\/index.php\/2024\/06\/12\/shkolla-e-magjistratures-i-pergjigjet-klp-akuza-te-paverteta-dhe-keqdashese\/","name":"Shkolla e \"Magjistratur\u00ebs\" i p\u00ebrgjigjet KLP: Akuza t\u00eb pav\u00ebrteta dhe keqdash\u00ebse! - Tirana Lajm","isPartOf":{"@id":"https:\/\/tiranalajm.com\/#website"},"primaryImageOfPage":{"@id":"https:\/\/tiranalajm.com\/index.php\/2024\/06\/12\/shkolla-e-magjistratures-i-pergjigjet-klp-akuza-te-paverteta-dhe-keqdashese\/#primaryimage"},"image":{"@id":"https:\/\/tiranalajm.com\/index.php\/2024\/06\/12\/shkolla-e-magjistratures-i-pergjigjet-klp-akuza-te-paverteta-dhe-keqdashese\/#primaryimage"},"thumbnailUrl":"https:\/\/tiranalajm.com\/wp-content\/uploads\/2024\/06\/IMG_3652.png","datePublished":"2024-06-12T12:01:55+00:00","dateModified":"2024-06-12T12:01:56+00:00","breadcrumb":{"@id":"https:\/\/tiranalajm.com\/index.php\/2024\/06\/12\/shkolla-e-magjistratures-i-pergjigjet-klp-akuza-te-paverteta-dhe-keqdashese\/#breadcrumb"},"inLanguage":"en-US","potentialAction":[{"@type":"ReadAction","target":["https:\/\/tiranalajm.com\/index.php\/2024\/06\/12\/shkolla-e-magjistratures-i-pergjigjet-klp-akuza-te-paverteta-dhe-keqdashese\/"]}]},{"@type":"ImageObject","inLanguage":"en-US","@id":"https:\/\/tiranalajm.com\/index.php\/2024\/06\/12\/shkolla-e-magjistratures-i-pergjigjet-klp-akuza-te-paverteta-dhe-keqdashese\/#primaryimage","url":"https:\/\/tiranalajm.com\/wp-content\/uploads\/2024\/06\/IMG_3652.png","contentUrl":"https:\/\/tiranalajm.com\/wp-content\/uploads\/2024\/06\/IMG_3652.png","width":640,"height":410},{"@type":"BreadcrumbList","@id":"https:\/\/tiranalajm.com\/index.php\/2024\/06\/12\/shkolla-e-magjistratures-i-pergjigjet-klp-akuza-te-paverteta-dhe-keqdashese\/#breadcrumb","itemListElement":[{"@type":"ListItem","position":1,"name":"Home","item":"https:\/\/tiranalajm.com\/"},{"@type":"ListItem","position":2,"name":"Shkolla e &#8220;Magjistratur\u00ebs&#8221; i p\u00ebrgjigjet KLP: Akuza t\u00eb pav\u00ebrteta dhe keqdash\u00ebse!"}]},{"@type":"WebSite","@id":"https:\/\/tiranalajm.com\/#website","url":"https:\/\/tiranalajm.com\/","name":"Tirana Lajm","description":"Tirana Lajm","publisher":{"@id":"https:\/\/tiranalajm.com\/#organization"},"potentialAction":[{"@type":"SearchAction","target":{"@type":"EntryPoint","urlTemplate":"https:\/\/tiranalajm.com\/?s={search_term_string}"},"query-input":{"@type":"PropertyValueSpecification","valueRequired":true,"valueName":"search_term_string"}}],"inLanguage":"en-US"},{"@type":"Organization","@id":"https:\/\/tiranalajm.com\/#organization","name":"Tirana Lajm","url":"https:\/\/tiranalajm.com\/","logo":{"@type":"ImageObject","inLanguage":"en-US","@id":"https:\/\/tiranalajm.com\/#\/schema\/logo\/image\/","url":"https:\/\/tiranalajm.com\/wp-content\/uploads\/2023\/08\/logo-tirana-lajm.jpg","contentUrl":"https:\/\/tiranalajm.com\/wp-content\/uploads\/2023\/08\/logo-tirana-lajm.jpg","width":600,"height":360,"caption":"Tirana Lajm"},"image":{"@id":"https:\/\/tiranalajm.com\/#\/schema\/logo\/image\/"}},{"@type":"Person","@id":"https:\/\/tiranalajm.com\/#\/schema\/person\/d62adf3f0d0ba38eb923c3c1f5152717","name":"tiranalajm.com","image":{"@type":"ImageObject","inLanguage":"en-US","@id":"https:\/\/secure.gravatar.com\/avatar\/70082bb8d030bb6b79327cd6e282b497e1b999934e601ba07a020bca96c4dbee?s=96&d=mm&r=g","url":"https:\/\/secure.gravatar.com\/avatar\/70082bb8d030bb6b79327cd6e282b497e1b999934e601ba07a020bca96c4dbee?s=96&d=mm&r=g","contentUrl":"https:\/\/secure.gravatar.com\/avatar\/70082bb8d030bb6b79327cd6e282b497e1b999934e601ba07a020bca96c4dbee?s=96&d=mm&r=g","caption":"tiranalajm.com"},"sameAs":["http:\/\/tiranalajm.com"],"url":"https:\/\/tiranalajm.com\/index.php\/author\/tiranalajm-com\/"}]}},"_links":{"self":[{"href":"https:\/\/tiranalajm.com\/index.php\/wp-json\/wp\/v2\/posts\/116","targetHints":{"allow":["GET"]}}],"collection":[{"href":"https:\/\/tiranalajm.com\/index.php\/wp-json\/wp\/v2\/posts"}],"about":[{"href":"https:\/\/tiranalajm.com\/index.php\/wp-json\/wp\/v2\/types\/post"}],"author":[{"embeddable":true,"href":"https:\/\/tiranalajm.com\/index.php\/wp-json\/wp\/v2\/users\/1"}],"replies":[{"embeddable":true,"href":"https:\/\/tiranalajm.com\/index.php\/wp-json\/wp\/v2\/comments?post=116"}],"version-history":[{"count":1,"href":"https:\/\/tiranalajm.com\/index.php\/wp-json\/wp\/v2\/posts\/116\/revisions"}],"predecessor-version":[{"id":118,"href":"https:\/\/tiranalajm.com\/index.php\/wp-json\/wp\/v2\/posts\/116\/revisions\/118"}],"wp:featuredmedia":[{"embeddable":true,"href":"https:\/\/tiranalajm.com\/index.php\/wp-json\/wp\/v2\/media\/117"}],"wp:attachment":[{"href":"https:\/\/tiranalajm.com\/index.php\/wp-json\/wp\/v2\/media?parent=116"}],"wp:term":[{"taxonomy":"category","embeddable":true,"href":"https:\/\/tiranalajm.com\/index.php\/wp-json\/wp\/v2\/categories?post=116"},{"taxonomy":"post_tag","embeddable":true,"href":"https:\/\/tiranalajm.com\/index.php\/wp-json\/wp\/v2\/tags?post=116"}],"curies":[{"name":"wp","href":"https:\/\/api.w.org\/{rel}","templated":true}]}}