{"id":124,"date":"2024-06-14T19:04:06","date_gmt":"2024-06-14T18:04:06","guid":{"rendered":"https:\/\/tiranalajm.com\/?p=124"},"modified":"2024-06-14T19:04:06","modified_gmt":"2024-06-14T18:04:06","slug":"po-vjen-fundi-i-botes-lind-bualli-i-bardhe-cfare-tregon-profecia-2-mije-vite-me-pare","status":"publish","type":"post","link":"https:\/\/tiranalajm.com\/index.php\/2024\/06\/14\/po-vjen-fundi-i-botes-lind-bualli-i-bardhe-cfare-tregon-profecia-2-mije-vite-me-pare\/","title":{"rendered":"Po vjen fundi i bot\u00ebs? Lind bualli i bardh\u00eb, \u00e7far\u00eb tregon profecia: 2 mij\u00eb vite m\u00eb par\u00eb\u2026"},"content":{"rendered":"\n<p>Nj\u00eb buall i rrall\u00eb i bardh\u00eb thuhet se ka lindur n\u00eb Parkun Komb\u00ebtar Yellowstone, duke p\u00ebrmbushur nj\u00eb profeci t\u00eb indian\u00ebve amerikan\u00eb q\u00eb \u00ebsht\u00eb sinonim i Ardhjes s\u00eb Dyt\u00eb t\u00eb Jezu Krishtit .<\/p>\n\n\n\n<p>Bualli i porsalindur u identifikua nga nj\u00eb familje e cila vuri re nj\u00eb krijes\u00eb t\u00eb bardh\u00eb mes nj\u00eb tuf\u00eb buall\u00ebsh pran\u00eb lumit Lamar n\u00eb 4 qershor.<\/p>\n\n\n\n<p>Shefi Arvol Looking Horse, i cili \u00ebsht\u00eb udh\u00ebheq\u00ebs shpirt\u00ebror i Lakota, Dakota dhe Nakota Oyate, tha se lindja e buallit t\u00eb bardh\u00eb \u00ebsht\u00eb si Ardhja e Dyt\u00eb p\u00ebr popullin e tij.<\/p>\n\n\n\n<p>Sipas legjend\u00ebs s\u00eb Lakot\u00ebs, para 2 mij\u00eb vitesh m\u00eb par\u00eb kur ushqimi po mbaronte dhe buall\u00ebt po zhdukeshin, u shfaq nj\u00eb grua e cila i dha nj\u00eb an\u00ebtari t\u00eb fisit nj\u00eb tas dhe nj\u00eb trup dhe i shpjegoi si t\u00eb lutej dhe t\u00eb p\u00ebrdorte tubin p\u00ebr t\u00eb t\u00ebrhequr buallin p\u00ebr ushqim. M\u00eb pas ajo i shnd\u00ebrrua n\u00eb nj\u00eb buall i bardh\u00eb.<\/p>\n\n\n\n<p>Sipas legjend\u00ebs thuhet: Dhe nj\u00eb dit\u00eb, kur koh\u00ebt t\u00eb jen\u00eb p\u00ebrs\u00ebri t\u00eb v\u00ebshtira, do kthehem dhe do t\u00eb q\u00ebndroj mbi tok\u00eb si nj\u00eb buall i bardh\u00eb, me hund\u00eb t\u00eb zez\u00eb, sy t\u00eb zinj dhe thundra t\u00eb zeza.<\/p>\n\n\n\n<p>Bazuar n\u00eb fotot e Braaten, buall i bardh\u00eb \u00ebsht\u00eb me hund\u00eb t\u00eb zez\u00eb, thundra t\u00eb zeza dhe sy t\u00eb err\u00ebt, sepse nj\u00eb buall albino do t\u00eb kishte sy roz\u00eb.<\/p>\n\n\n\n<p>Nuk \u00ebsht\u00eb buallit i par\u00eb i bardh\u00eb q\u00eb shihet nga njer\u00ebzit \u2013 nj\u00eb i till\u00eb ka lindur n\u00eb vitin 1994 n\u00eb \u00cbisconsin dhe \u00ebsht\u00eb quajtur Miracle, tha Looking Horse.<\/p>\n\n\n\n<p><em>\u201cShum\u00eb fise kan\u00eb historin\u00eb e tyre se pse bualli i bardh\u00eb \u00ebsht\u00eb kaq i r\u00ebnd\u00ebsish\u00ebm,\u201d<\/em>&nbsp;tha Heinert.&nbsp;<em>\u201cT\u00eb gjitha historit\u00eb kthehen tek ato duke qen\u00eb shum\u00eb t\u00eb shenjta.\u201d<\/em><\/p>\n","protected":false},"excerpt":{"rendered":"<p>Nj\u00eb buall i rrall\u00eb i bardh\u00eb thuhet se ka lindur n\u00eb Parkun Komb\u00ebtar Yellowstone, duke p\u00ebrmbushur nj\u00eb profeci t\u00eb indian\u00ebve amerikan\u00eb q\u00eb \u00ebsht\u00eb sinonim i Ardhjes s\u00eb Dyt\u00eb t\u00eb Jezu Krishtit . Bualli i porsalindur u identifikua nga nj\u00eb familje e cila vuri re nj\u00eb krijes\u00eb t\u00eb bardh\u00eb mes nj\u00eb tuf\u00eb buall\u00ebsh pran\u00eb lumit Lamar [&hellip;]<\/p>\n","protected":false},"author":1,"featured_media":125,"comment_status":"open","ping_status":"open","sticky":false,"template":"","format":"standard","meta":{"footnotes":""},"categories":[2],"tags":[],"class_list":["post-124","post","type-post","status-publish","format-standard","has-post-thumbnail","hentry","category-rreth-botes"],"yoast_head":"<!-- This site is optimized with the Yoast SEO plugin v27.4 - https:\/\/yoast.com\/product\/yoast-seo-wordpress\/ -->\n<title>Po vjen fundi i bot\u00ebs? Lind bualli i bardh\u00eb, \u00e7far\u00eb tregon profecia: 2 mij\u00eb vite m\u00eb par\u00eb\u2026 - Tirana Lajm<\/title>\n<meta name=\"robots\" content=\"index, follow, max-snippet:-1, max-image-preview:large, max-video-preview:-1\" \/>\n<link rel=\"canonical\" href=\"https:\/\/tiranalajm.com\/index.php\/2024\/06\/14\/po-vjen-fundi-i-botes-lind-bualli-i-bardhe-cfare-tregon-profecia-2-mije-vite-me-pare\/\" \/>\n<meta property=\"og:locale\" content=\"en_US\" \/>\n<meta property=\"og:type\" content=\"article\" \/>\n<meta property=\"og:title\" content=\"Po vjen fundi i bot\u00ebs? Lind bualli i bardh\u00eb, \u00e7far\u00eb tregon profecia: 2 mij\u00eb vite m\u00eb par\u00eb\u2026 - Tirana Lajm\" \/>\n<meta property=\"og:description\" content=\"Nj\u00eb buall i rrall\u00eb i bardh\u00eb thuhet se ka lindur n\u00eb Parkun Komb\u00ebtar Yellowstone, duke p\u00ebrmbushur nj\u00eb profeci t\u00eb indian\u00ebve amerikan\u00eb q\u00eb \u00ebsht\u00eb sinonim i Ardhjes s\u00eb Dyt\u00eb t\u00eb Jezu Krishtit . Bualli i porsalindur u identifikua nga nj\u00eb familje e cila vuri re nj\u00eb krijes\u00eb t\u00eb bardh\u00eb mes nj\u00eb tuf\u00eb buall\u00ebsh pran\u00eb lumit Lamar [&hellip;]\" \/>\n<meta property=\"og:url\" content=\"https:\/\/tiranalajm.com\/index.php\/2024\/06\/14\/po-vjen-fundi-i-botes-lind-bualli-i-bardhe-cfare-tregon-profecia-2-mije-vite-me-pare\/\" \/>\n<meta property=\"og:site_name\" content=\"Tirana Lajm\" \/>\n<meta property=\"article:published_time\" content=\"2024-06-14T18:04:06+00:00\" \/>\n<meta property=\"og:image\" content=\"http:\/\/tiranalajm.com\/wp-content\/uploads\/2024\/06\/11_sd-3.webp\" \/>\n\t<meta property=\"og:image:width\" content=\"1280\" \/>\n\t<meta property=\"og:image:height\" content=\"720\" \/>\n\t<meta property=\"og:image:type\" content=\"image\/webp\" \/>\n<meta name=\"author\" content=\"tiranalajm.com\" \/>\n<meta name=\"twitter:card\" content=\"summary_large_image\" \/>\n<meta name=\"twitter:label1\" content=\"Written by\" \/>\n\t<meta name=\"twitter:data1\" content=\"tiranalajm.com\" \/>\n\t<meta name=\"twitter:label2\" content=\"Est. reading time\" \/>\n\t<meta name=\"twitter:data2\" content=\"2 minutes\" \/>\n<script type=\"application\/ld+json\" class=\"yoast-schema-graph\">{\"@context\":\"https:\\\/\\\/schema.org\",\"@graph\":[{\"@type\":\"Article\",\"@id\":\"https:\\\/\\\/tiranalajm.com\\\/index.php\\\/2024\\\/06\\\/14\\\/po-vjen-fundi-i-botes-lind-bualli-i-bardhe-cfare-tregon-profecia-2-mije-vite-me-pare\\\/#article\",\"isPartOf\":{\"@id\":\"https:\\\/\\\/tiranalajm.com\\\/index.php\\\/2024\\\/06\\\/14\\\/po-vjen-fundi-i-botes-lind-bualli-i-bardhe-cfare-tregon-profecia-2-mije-vite-me-pare\\\/\"},\"author\":{\"name\":\"tiranalajm.com\",\"@id\":\"https:\\\/\\\/tiranalajm.com\\\/#\\\/schema\\\/person\\\/d62adf3f0d0ba38eb923c3c1f5152717\"},\"headline\":\"Po vjen fundi i bot\u00ebs? Lind bualli i bardh\u00eb, \u00e7far\u00eb tregon profecia: 2 mij\u00eb vite m\u00eb par\u00eb\u2026\",\"datePublished\":\"2024-06-14T18:04:06+00:00\",\"mainEntityOfPage\":{\"@id\":\"https:\\\/\\\/tiranalajm.com\\\/index.php\\\/2024\\\/06\\\/14\\\/po-vjen-fundi-i-botes-lind-bualli-i-bardhe-cfare-tregon-profecia-2-mije-vite-me-pare\\\/\"},\"wordCount\":315,\"commentCount\":0,\"publisher\":{\"@id\":\"https:\\\/\\\/tiranalajm.com\\\/#organization\"},\"image\":{\"@id\":\"https:\\\/\\\/tiranalajm.com\\\/index.php\\\/2024\\\/06\\\/14\\\/po-vjen-fundi-i-botes-lind-bualli-i-bardhe-cfare-tregon-profecia-2-mije-vite-me-pare\\\/#primaryimage\"},\"thumbnailUrl\":\"https:\\\/\\\/tiranalajm.com\\\/wp-content\\\/uploads\\\/2024\\\/06\\\/11_sd-3.webp\",\"articleSection\":[\"Rreth botes\"],\"inLanguage\":\"en-US\",\"potentialAction\":[{\"@type\":\"CommentAction\",\"name\":\"Comment\",\"target\":[\"https:\\\/\\\/tiranalajm.com\\\/index.php\\\/2024\\\/06\\\/14\\\/po-vjen-fundi-i-botes-lind-bualli-i-bardhe-cfare-tregon-profecia-2-mije-vite-me-pare\\\/#respond\"]}]},{\"@type\":\"WebPage\",\"@id\":\"https:\\\/\\\/tiranalajm.com\\\/index.php\\\/2024\\\/06\\\/14\\\/po-vjen-fundi-i-botes-lind-bualli-i-bardhe-cfare-tregon-profecia-2-mije-vite-me-pare\\\/\",\"url\":\"https:\\\/\\\/tiranalajm.com\\\/index.php\\\/2024\\\/06\\\/14\\\/po-vjen-fundi-i-botes-lind-bualli-i-bardhe-cfare-tregon-profecia-2-mije-vite-me-pare\\\/\",\"name\":\"Po vjen fundi i bot\u00ebs? Lind bualli i bardh\u00eb, \u00e7far\u00eb tregon profecia: 2 mij\u00eb vite m\u00eb par\u00eb\u2026 - Tirana Lajm\",\"isPartOf\":{\"@id\":\"https:\\\/\\\/tiranalajm.com\\\/#website\"},\"primaryImageOfPage\":{\"@id\":\"https:\\\/\\\/tiranalajm.com\\\/index.php\\\/2024\\\/06\\\/14\\\/po-vjen-fundi-i-botes-lind-bualli-i-bardhe-cfare-tregon-profecia-2-mije-vite-me-pare\\\/#primaryimage\"},\"image\":{\"@id\":\"https:\\\/\\\/tiranalajm.com\\\/index.php\\\/2024\\\/06\\\/14\\\/po-vjen-fundi-i-botes-lind-bualli-i-bardhe-cfare-tregon-profecia-2-mije-vite-me-pare\\\/#primaryimage\"},\"thumbnailUrl\":\"https:\\\/\\\/tiranalajm.com\\\/wp-content\\\/uploads\\\/2024\\\/06\\\/11_sd-3.webp\",\"datePublished\":\"2024-06-14T18:04:06+00:00\",\"breadcrumb\":{\"@id\":\"https:\\\/\\\/tiranalajm.com\\\/index.php\\\/2024\\\/06\\\/14\\\/po-vjen-fundi-i-botes-lind-bualli-i-bardhe-cfare-tregon-profecia-2-mije-vite-me-pare\\\/#breadcrumb\"},\"inLanguage\":\"en-US\",\"potentialAction\":[{\"@type\":\"ReadAction\",\"target\":[\"https:\\\/\\\/tiranalajm.com\\\/index.php\\\/2024\\\/06\\\/14\\\/po-vjen-fundi-i-botes-lind-bualli-i-bardhe-cfare-tregon-profecia-2-mije-vite-me-pare\\\/\"]}]},{\"@type\":\"ImageObject\",\"inLanguage\":\"en-US\",\"@id\":\"https:\\\/\\\/tiranalajm.com\\\/index.php\\\/2024\\\/06\\\/14\\\/po-vjen-fundi-i-botes-lind-bualli-i-bardhe-cfare-tregon-profecia-2-mije-vite-me-pare\\\/#primaryimage\",\"url\":\"https:\\\/\\\/tiranalajm.com\\\/wp-content\\\/uploads\\\/2024\\\/06\\\/11_sd-3.webp\",\"contentUrl\":\"https:\\\/\\\/tiranalajm.com\\\/wp-content\\\/uploads\\\/2024\\\/06\\\/11_sd-3.webp\",\"width\":1280,\"height\":720},{\"@type\":\"BreadcrumbList\",\"@id\":\"https:\\\/\\\/tiranalajm.com\\\/index.php\\\/2024\\\/06\\\/14\\\/po-vjen-fundi-i-botes-lind-bualli-i-bardhe-cfare-tregon-profecia-2-mije-vite-me-pare\\\/#breadcrumb\",\"itemListElement\":[{\"@type\":\"ListItem\",\"position\":1,\"name\":\"Home\",\"item\":\"https:\\\/\\\/tiranalajm.com\\\/\"},{\"@type\":\"ListItem\",\"position\":2,\"name\":\"Po vjen fundi i bot\u00ebs? Lind bualli i bardh\u00eb, \u00e7far\u00eb tregon profecia: 2 mij\u00eb vite m\u00eb par\u00eb\u2026\"}]},{\"@type\":\"WebSite\",\"@id\":\"https:\\\/\\\/tiranalajm.com\\\/#website\",\"url\":\"https:\\\/\\\/tiranalajm.com\\\/\",\"name\":\"Tirana Lajm\",\"description\":\"Tirana Lajm\",\"publisher\":{\"@id\":\"https:\\\/\\\/tiranalajm.com\\\/#organization\"},\"potentialAction\":[{\"@type\":\"SearchAction\",\"target\":{\"@type\":\"EntryPoint\",\"urlTemplate\":\"https:\\\/\\\/tiranalajm.com\\\/?s={search_term_string}\"},\"query-input\":{\"@type\":\"PropertyValueSpecification\",\"valueRequired\":true,\"valueName\":\"search_term_string\"}}],\"inLanguage\":\"en-US\"},{\"@type\":\"Organization\",\"@id\":\"https:\\\/\\\/tiranalajm.com\\\/#organization\",\"name\":\"Tirana Lajm\",\"url\":\"https:\\\/\\\/tiranalajm.com\\\/\",\"logo\":{\"@type\":\"ImageObject\",\"inLanguage\":\"en-US\",\"@id\":\"https:\\\/\\\/tiranalajm.com\\\/#\\\/schema\\\/logo\\\/image\\\/\",\"url\":\"https:\\\/\\\/tiranalajm.com\\\/wp-content\\\/uploads\\\/2023\\\/08\\\/logo-tirana-lajm.jpg\",\"contentUrl\":\"https:\\\/\\\/tiranalajm.com\\\/wp-content\\\/uploads\\\/2023\\\/08\\\/logo-tirana-lajm.jpg\",\"width\":600,\"height\":360,\"caption\":\"Tirana Lajm\"},\"image\":{\"@id\":\"https:\\\/\\\/tiranalajm.com\\\/#\\\/schema\\\/logo\\\/image\\\/\"}},{\"@type\":\"Person\",\"@id\":\"https:\\\/\\\/tiranalajm.com\\\/#\\\/schema\\\/person\\\/d62adf3f0d0ba38eb923c3c1f5152717\",\"name\":\"tiranalajm.com\",\"image\":{\"@type\":\"ImageObject\",\"inLanguage\":\"en-US\",\"@id\":\"https:\\\/\\\/secure.gravatar.com\\\/avatar\\\/70082bb8d030bb6b79327cd6e282b497e1b999934e601ba07a020bca96c4dbee?s=96&d=mm&r=g\",\"url\":\"https:\\\/\\\/secure.gravatar.com\\\/avatar\\\/70082bb8d030bb6b79327cd6e282b497e1b999934e601ba07a020bca96c4dbee?s=96&d=mm&r=g\",\"contentUrl\":\"https:\\\/\\\/secure.gravatar.com\\\/avatar\\\/70082bb8d030bb6b79327cd6e282b497e1b999934e601ba07a020bca96c4dbee?s=96&d=mm&r=g\",\"caption\":\"tiranalajm.com\"},\"sameAs\":[\"http:\\\/\\\/tiranalajm.com\"],\"url\":\"https:\\\/\\\/tiranalajm.com\\\/index.php\\\/author\\\/tiranalajm-com\\\/\"}]}<\/script>\n<!-- \/ Yoast SEO plugin. -->","yoast_head_json":{"title":"Po vjen fundi i bot\u00ebs? Lind bualli i bardh\u00eb, \u00e7far\u00eb tregon profecia: 2 mij\u00eb vite m\u00eb par\u00eb\u2026 - Tirana Lajm","robots":{"index":"index","follow":"follow","max-snippet":"max-snippet:-1","max-image-preview":"max-image-preview:large","max-video-preview":"max-video-preview:-1"},"canonical":"https:\/\/tiranalajm.com\/index.php\/2024\/06\/14\/po-vjen-fundi-i-botes-lind-bualli-i-bardhe-cfare-tregon-profecia-2-mije-vite-me-pare\/","og_locale":"en_US","og_type":"article","og_title":"Po vjen fundi i bot\u00ebs? Lind bualli i bardh\u00eb, \u00e7far\u00eb tregon profecia: 2 mij\u00eb vite m\u00eb par\u00eb\u2026 - Tirana Lajm","og_description":"Nj\u00eb buall i rrall\u00eb i bardh\u00eb thuhet se ka lindur n\u00eb Parkun Komb\u00ebtar Yellowstone, duke p\u00ebrmbushur nj\u00eb profeci t\u00eb indian\u00ebve amerikan\u00eb q\u00eb \u00ebsht\u00eb sinonim i Ardhjes s\u00eb Dyt\u00eb t\u00eb Jezu Krishtit . Bualli i porsalindur u identifikua nga nj\u00eb familje e cila vuri re nj\u00eb krijes\u00eb t\u00eb bardh\u00eb mes nj\u00eb tuf\u00eb buall\u00ebsh pran\u00eb lumit Lamar [&hellip;]","og_url":"https:\/\/tiranalajm.com\/index.php\/2024\/06\/14\/po-vjen-fundi-i-botes-lind-bualli-i-bardhe-cfare-tregon-profecia-2-mije-vite-me-pare\/","og_site_name":"Tirana Lajm","article_published_time":"2024-06-14T18:04:06+00:00","og_image":[{"width":1280,"height":720,"url":"http:\/\/tiranalajm.com\/wp-content\/uploads\/2024\/06\/11_sd-3.webp","type":"image\/webp"}],"author":"tiranalajm.com","twitter_card":"summary_large_image","twitter_misc":{"Written by":"tiranalajm.com","Est. reading time":"2 minutes"},"schema":{"@context":"https:\/\/schema.org","@graph":[{"@type":"Article","@id":"https:\/\/tiranalajm.com\/index.php\/2024\/06\/14\/po-vjen-fundi-i-botes-lind-bualli-i-bardhe-cfare-tregon-profecia-2-mije-vite-me-pare\/#article","isPartOf":{"@id":"https:\/\/tiranalajm.com\/index.php\/2024\/06\/14\/po-vjen-fundi-i-botes-lind-bualli-i-bardhe-cfare-tregon-profecia-2-mije-vite-me-pare\/"},"author":{"name":"tiranalajm.com","@id":"https:\/\/tiranalajm.com\/#\/schema\/person\/d62adf3f0d0ba38eb923c3c1f5152717"},"headline":"Po vjen fundi i bot\u00ebs? Lind bualli i bardh\u00eb, \u00e7far\u00eb tregon profecia: 2 mij\u00eb vite m\u00eb par\u00eb\u2026","datePublished":"2024-06-14T18:04:06+00:00","mainEntityOfPage":{"@id":"https:\/\/tiranalajm.com\/index.php\/2024\/06\/14\/po-vjen-fundi-i-botes-lind-bualli-i-bardhe-cfare-tregon-profecia-2-mije-vite-me-pare\/"},"wordCount":315,"commentCount":0,"publisher":{"@id":"https:\/\/tiranalajm.com\/#organization"},"image":{"@id":"https:\/\/tiranalajm.com\/index.php\/2024\/06\/14\/po-vjen-fundi-i-botes-lind-bualli-i-bardhe-cfare-tregon-profecia-2-mije-vite-me-pare\/#primaryimage"},"thumbnailUrl":"https:\/\/tiranalajm.com\/wp-content\/uploads\/2024\/06\/11_sd-3.webp","articleSection":["Rreth botes"],"inLanguage":"en-US","potentialAction":[{"@type":"CommentAction","name":"Comment","target":["https:\/\/tiranalajm.com\/index.php\/2024\/06\/14\/po-vjen-fundi-i-botes-lind-bualli-i-bardhe-cfare-tregon-profecia-2-mije-vite-me-pare\/#respond"]}]},{"@type":"WebPage","@id":"https:\/\/tiranalajm.com\/index.php\/2024\/06\/14\/po-vjen-fundi-i-botes-lind-bualli-i-bardhe-cfare-tregon-profecia-2-mije-vite-me-pare\/","url":"https:\/\/tiranalajm.com\/index.php\/2024\/06\/14\/po-vjen-fundi-i-botes-lind-bualli-i-bardhe-cfare-tregon-profecia-2-mije-vite-me-pare\/","name":"Po vjen fundi i bot\u00ebs? Lind bualli i bardh\u00eb, \u00e7far\u00eb tregon profecia: 2 mij\u00eb vite m\u00eb par\u00eb\u2026 - Tirana Lajm","isPartOf":{"@id":"https:\/\/tiranalajm.com\/#website"},"primaryImageOfPage":{"@id":"https:\/\/tiranalajm.com\/index.php\/2024\/06\/14\/po-vjen-fundi-i-botes-lind-bualli-i-bardhe-cfare-tregon-profecia-2-mije-vite-me-pare\/#primaryimage"},"image":{"@id":"https:\/\/tiranalajm.com\/index.php\/2024\/06\/14\/po-vjen-fundi-i-botes-lind-bualli-i-bardhe-cfare-tregon-profecia-2-mije-vite-me-pare\/#primaryimage"},"thumbnailUrl":"https:\/\/tiranalajm.com\/wp-content\/uploads\/2024\/06\/11_sd-3.webp","datePublished":"2024-06-14T18:04:06+00:00","breadcrumb":{"@id":"https:\/\/tiranalajm.com\/index.php\/2024\/06\/14\/po-vjen-fundi-i-botes-lind-bualli-i-bardhe-cfare-tregon-profecia-2-mije-vite-me-pare\/#breadcrumb"},"inLanguage":"en-US","potentialAction":[{"@type":"ReadAction","target":["https:\/\/tiranalajm.com\/index.php\/2024\/06\/14\/po-vjen-fundi-i-botes-lind-bualli-i-bardhe-cfare-tregon-profecia-2-mije-vite-me-pare\/"]}]},{"@type":"ImageObject","inLanguage":"en-US","@id":"https:\/\/tiranalajm.com\/index.php\/2024\/06\/14\/po-vjen-fundi-i-botes-lind-bualli-i-bardhe-cfare-tregon-profecia-2-mije-vite-me-pare\/#primaryimage","url":"https:\/\/tiranalajm.com\/wp-content\/uploads\/2024\/06\/11_sd-3.webp","contentUrl":"https:\/\/tiranalajm.com\/wp-content\/uploads\/2024\/06\/11_sd-3.webp","width":1280,"height":720},{"@type":"BreadcrumbList","@id":"https:\/\/tiranalajm.com\/index.php\/2024\/06\/14\/po-vjen-fundi-i-botes-lind-bualli-i-bardhe-cfare-tregon-profecia-2-mije-vite-me-pare\/#breadcrumb","itemListElement":[{"@type":"ListItem","position":1,"name":"Home","item":"https:\/\/tiranalajm.com\/"},{"@type":"ListItem","position":2,"name":"Po vjen fundi i bot\u00ebs? Lind bualli i bardh\u00eb, \u00e7far\u00eb tregon profecia: 2 mij\u00eb vite m\u00eb par\u00eb\u2026"}]},{"@type":"WebSite","@id":"https:\/\/tiranalajm.com\/#website","url":"https:\/\/tiranalajm.com\/","name":"Tirana Lajm","description":"Tirana Lajm","publisher":{"@id":"https:\/\/tiranalajm.com\/#organization"},"potentialAction":[{"@type":"SearchAction","target":{"@type":"EntryPoint","urlTemplate":"https:\/\/tiranalajm.com\/?s={search_term_string}"},"query-input":{"@type":"PropertyValueSpecification","valueRequired":true,"valueName":"search_term_string"}}],"inLanguage":"en-US"},{"@type":"Organization","@id":"https:\/\/tiranalajm.com\/#organization","name":"Tirana Lajm","url":"https:\/\/tiranalajm.com\/","logo":{"@type":"ImageObject","inLanguage":"en-US","@id":"https:\/\/tiranalajm.com\/#\/schema\/logo\/image\/","url":"https:\/\/tiranalajm.com\/wp-content\/uploads\/2023\/08\/logo-tirana-lajm.jpg","contentUrl":"https:\/\/tiranalajm.com\/wp-content\/uploads\/2023\/08\/logo-tirana-lajm.jpg","width":600,"height":360,"caption":"Tirana Lajm"},"image":{"@id":"https:\/\/tiranalajm.com\/#\/schema\/logo\/image\/"}},{"@type":"Person","@id":"https:\/\/tiranalajm.com\/#\/schema\/person\/d62adf3f0d0ba38eb923c3c1f5152717","name":"tiranalajm.com","image":{"@type":"ImageObject","inLanguage":"en-US","@id":"https:\/\/secure.gravatar.com\/avatar\/70082bb8d030bb6b79327cd6e282b497e1b999934e601ba07a020bca96c4dbee?s=96&d=mm&r=g","url":"https:\/\/secure.gravatar.com\/avatar\/70082bb8d030bb6b79327cd6e282b497e1b999934e601ba07a020bca96c4dbee?s=96&d=mm&r=g","contentUrl":"https:\/\/secure.gravatar.com\/avatar\/70082bb8d030bb6b79327cd6e282b497e1b999934e601ba07a020bca96c4dbee?s=96&d=mm&r=g","caption":"tiranalajm.com"},"sameAs":["http:\/\/tiranalajm.com"],"url":"https:\/\/tiranalajm.com\/index.php\/author\/tiranalajm-com\/"}]}},"_links":{"self":[{"href":"https:\/\/tiranalajm.com\/index.php\/wp-json\/wp\/v2\/posts\/124","targetHints":{"allow":["GET"]}}],"collection":[{"href":"https:\/\/tiranalajm.com\/index.php\/wp-json\/wp\/v2\/posts"}],"about":[{"href":"https:\/\/tiranalajm.com\/index.php\/wp-json\/wp\/v2\/types\/post"}],"author":[{"embeddable":true,"href":"https:\/\/tiranalajm.com\/index.php\/wp-json\/wp\/v2\/users\/1"}],"replies":[{"embeddable":true,"href":"https:\/\/tiranalajm.com\/index.php\/wp-json\/wp\/v2\/comments?post=124"}],"version-history":[{"count":1,"href":"https:\/\/tiranalajm.com\/index.php\/wp-json\/wp\/v2\/posts\/124\/revisions"}],"predecessor-version":[{"id":126,"href":"https:\/\/tiranalajm.com\/index.php\/wp-json\/wp\/v2\/posts\/124\/revisions\/126"}],"wp:featuredmedia":[{"embeddable":true,"href":"https:\/\/tiranalajm.com\/index.php\/wp-json\/wp\/v2\/media\/125"}],"wp:attachment":[{"href":"https:\/\/tiranalajm.com\/index.php\/wp-json\/wp\/v2\/media?parent=124"}],"wp:term":[{"taxonomy":"category","embeddable":true,"href":"https:\/\/tiranalajm.com\/index.php\/wp-json\/wp\/v2\/categories?post=124"},{"taxonomy":"post_tag","embeddable":true,"href":"https:\/\/tiranalajm.com\/index.php\/wp-json\/wp\/v2\/tags?post=124"}],"curies":[{"name":"wp","href":"https:\/\/api.w.org\/{rel}","templated":true}]}}