{"id":132,"date":"2024-08-15T13:21:42","date_gmt":"2024-08-15T12:21:42","guid":{"rendered":"https:\/\/tiranalajm.com\/?p=132"},"modified":"2024-08-15T13:45:30","modified_gmt":"2024-08-15T12:45:30","slug":"nis-verifikimi-nga-spak-pronari-i-bankes-credins-qe-ndertoi-7-kate-pa-leje-pastrim-masiv-parash-cfare-denoncoi-kellici","status":"publish","type":"post","link":"https:\/\/tiranalajm.com\/index.php\/2024\/08\/15\/nis-verifikimi-nga-spak-pronari-i-bankes-credins-qe-ndertoi-7-kate-pa-leje-pastrim-masiv-parash-cfare-denoncoi-kellici\/","title":{"rendered":"Nis verifikimi nga SPAK, pronari i Bank\u00ebs Credins q\u00eb nd\u00ebrtoi 7 kate pa leje, pastrim masiv parash? \u00c7far\u00eb denoncoi K\u00ebllici\u00a0"},"content":{"rendered":"\n<p><\/p>\n\n\n\n<p>Belind K\u00eblli\u00e7i b\u00ebri deklarata t\u00eb forta sot nga podium para Bashkis\u00eb s\u00eb Tiran\u00ebs duke t\u00ebrhequr edhe nj\u00ebher\u00eb v\u00ebmendjen nga binomi pastrim parash-pushtet n\u00ebp\u00ebrmjet emrit t\u00eb Armand Lilos.&nbsp;<\/p>\n\n\n\n<p>Duke iu referuar parave q\u00eb hidhen n\u00eb media p\u00ebr t\u00eb sulmuar opozit\u00ebn si edhe mbi lidhjet e personazheve me t\u00eb shkuar t\u00eb err\u00ebt dhe lidhjeve politike, K\u00eblli\u00e7i mori shembullin e Armand Lilos q\u00eb ka nd\u00ebrtuar shtat\u00eb kate pa leje n\u00eb mes t\u00eb Tiran\u00ebs, p\u00ebrmes kull\u00ebs Eye Of Tirana, e cila \u00ebsht\u00eb produkt i nj\u00eb rrjeti kompanish n\u00eb pron\u00ebsi t\u00eb Lilos, p\u00ebrfshi edhe nj\u00eb bank\u00eb.&nbsp;<\/p>\n\n\n\n<p>B\u00ebhet fjal\u00eb p\u00ebr <a href=\"https:\/\/tiranalajm.com\/index.php\/2024\/06\/12\/oficeri-i-kredise-te-banka-credins-mashtron-qytetaren-dhe-i-zhvat-108-mije-euro\/\">Bank\u00ebn Credins<\/a>, ku Armand Lilo \u00ebsht\u00eb nj\u00eb nd\u00ebr aksioner\u00ebt kryesor\u00eb p\u00ebrmes kompanis\u00eb <a href=\"https:\/\/opencorporates.al\/sq\/nipt\/M01517007J\">ARMAAR Group <\/a>duke e p\u00ebrdorur si kamuflim p\u00ebr veprimet financiare, t\u00eb cilat duhet t\u00eb jen\u00eb objekt i nj\u00eb hetimi t\u00eb thellluar p\u00ebr pastrim parash. Sa i p\u00ebrket shtat\u00eb kateve pa leje t\u00eb Lilos n\u00eb qend\u00ebr t\u00eb Tiran\u00ebs dhe b\u00ebmave t\u00eb tjera me bank\u00ebn, K\u00eblli\u00e7i theksoi se k\u00ebto afera jan\u00eb marr\u00eb n\u00ebn hetim nga SPAK.&nbsp;<\/p>\n\n\n\n<figure class=\"wp-block-image size-full\"><img loading=\"lazy\" decoding=\"async\" width=\"858\" height=\"860\" src=\"https:\/\/tiranalajm.com\/wp-content\/uploads\/2024\/08\/Screenshot-2024-08-15-at-2.07.23\u202fPM.png\" alt=\"\" class=\"wp-image-142\" srcset=\"https:\/\/tiranalajm.com\/wp-content\/uploads\/2024\/08\/Screenshot-2024-08-15-at-2.07.23\u202fPM.png 858w, https:\/\/tiranalajm.com\/wp-content\/uploads\/2024\/08\/Screenshot-2024-08-15-at-2.07.23\u202fPM-300x300.png 300w, https:\/\/tiranalajm.com\/wp-content\/uploads\/2024\/08\/Screenshot-2024-08-15-at-2.07.23\u202fPM-150x150.png 150w, https:\/\/tiranalajm.com\/wp-content\/uploads\/2024\/08\/Screenshot-2024-08-15-at-2.07.23\u202fPM-768x770.png 768w\" sizes=\"auto, (max-width: 858px) 100vw, 858px\" \/><figcaption class=\"wp-element-caption\">Kompanit\u00eb n\u00eb pron\u00ebsi t\u00eb Armand Lilos, ai rezulton pronar edhe i Bank\u00ebs Credins mes t\u00eb tjerave <\/figcaption><\/figure>\n\n\n\n<p>B\u00ebhet fjal\u00eb p\u00ebr nj\u00eb nd\u00ebr bizneset q\u00eb figuron me flamur t\u00eb kuq n\u00eb agjencit\u00eb nd\u00ebrkomb\u00ebtare me fokus Shqip\u00ebrin\u00eb dhe institucionet p\u00ebrgjegj\u00ebse p\u00ebr parandalimin e pastrimit t\u00eb parave. <\/p>\n\n\n\n<figure class=\"wp-block-embed is-type-wp-embed is-provider-embed wp-block-embed-embed\"><div class=\"wp-block-embed__wrapper\">\n<blockquote class=\"wp-embedded-content\" data-secret=\"jM5QW1xpXq\"><a href=\"https:\/\/tiranalajm.com\/index.php\/2024\/06\/12\/oficeri-i-kredise-te-banka-credins-mashtron-qytetaren-dhe-i-zhvat-108-mije-euro\/\">Oficeri i kredis\u00eb te Banka Credins mashtron qytetaren dhe i zhvat 108 mij\u00eb euro<\/a><\/blockquote><iframe loading=\"lazy\" class=\"wp-embedded-content\" sandbox=\"allow-scripts\" security=\"restricted\" style=\"position: absolute; clip: rect(1px, 1px, 1px, 1px);\" title=\"&#8220;Oficeri i kredis\u00eb te Banka Credins mashtron qytetaren dhe i zhvat 108 mij\u00eb euro&#8221; &#8212; \" src=\"https:\/\/tiranalajm.com\/index.php\/2024\/06\/12\/oficeri-i-kredise-te-banka-credins-mashtron-qytetaren-dhe-i-zhvat-108-mije-euro\/embed\/#?secret=bIzqqStKvq#?secret=jM5QW1xpXq\" data-secret=\"jM5QW1xpXq\" width=\"600\" height=\"338\" frameborder=\"0\" marginwidth=\"0\" marginheight=\"0\" scrolling=\"no\"><\/iframe>\n<\/div><\/figure>\n\n\n\n<p>Krahas bank\u00ebs, Lilo zot\u00ebron nj\u00eb num\u00ebr t\u00eb madh biznesesh t\u00eb tjera si Arlis Nd\u00ebrtim; Arlis Administrim; Sharp Energy; Arsol, etj.&nbsp;<\/p>\n\n\n\n<p>Por kush \u00ebsht\u00eb Armand Lilo, e shkuara e tij&nbsp;dhe cilat jan\u00eb lidhjet e tij me politik\u00ebn?<\/p>\n\n\n\n<p>Kush \u00ebsht\u00eb Armand Lilo?<\/p>\n\n\n\n<p><em>Sipas mediave,&nbsp;Arman Lilo \u00ebsht\u00eb nj\u00eb em\u00ebr jo pak i njohur. Njihet si kunati i ish-ministrit t\u00eb Brendsh\u00ebm, Fatmir Xhafaj.Vjesht\u00ebn e 2019-s, emri i tij u lakua p\u00ebr lidhjen me ish-prokurorin Besnik Mu\u00e7i, i zgjedhur edhe an\u00ebtar i Gjykat\u00ebs Kushtetuese, por i shkarkuar nga vettingu.<\/em><\/p>\n\n\n\n<figure class=\"wp-block-embed is-type-wp-embed is-provider-embed wp-block-embed-embed\"><div class=\"wp-block-embed__wrapper\">\n<blockquote class=\"wp-embedded-content\" data-secret=\"CmNswhq3cq\"><a href=\"https:\/\/tiranalajm.com\/index.php\/2024\/04\/23\/dokumenti-banka-credins-pjese-e-skemes-se-zhavtjes-se-pronave-te-shqiptareve-spak-hesht-bsh-nuk-reagon-klsh-fshihet-si-struci\/\">DOKUMENTI\u2013 Banka Credins pjes\u00eb e skem\u00ebs s\u00eb zhavtjes s\u00eb pronave t\u00eb shqiptar\u00ebve, SPAK hesht, BSH bashk\u00ebpunon, KLSH fshihet si struci\u00a0<\/a><\/blockquote><iframe loading=\"lazy\" class=\"wp-embedded-content\" sandbox=\"allow-scripts\" security=\"restricted\" style=\"position: absolute; clip: rect(1px, 1px, 1px, 1px);\" title=\"&#8220;DOKUMENTI\u2013 Banka Credins pjes\u00eb e skem\u00ebs s\u00eb zhavtjes s\u00eb pronave t\u00eb shqiptar\u00ebve, SPAK hesht, BSH bashk\u00ebpunon, KLSH fshihet si struci\u00a0&#8221; &#8212; \" src=\"https:\/\/tiranalajm.com\/index.php\/2024\/04\/23\/dokumenti-banka-credins-pjese-e-skemes-se-zhavtjes-se-pronave-te-shqiptareve-spak-hesht-bsh-nuk-reagon-klsh-fshihet-si-struci\/embed\/#?secret=yv83lp9OgP#?secret=CmNswhq3cq\" data-secret=\"CmNswhq3cq\" width=\"600\" height=\"338\" frameborder=\"0\" marginwidth=\"0\" marginheight=\"0\" scrolling=\"no\"><\/iframe>\n<\/div><\/figure>\n\n\n\n<p><em>Arsyeja e shkarkimit t\u00eb tij ishte kontakti me biznesmenin Armand Lilo, q\u00eb nga organet e vettingut u cil\u00ebsua si \u201ckontakt i pap\u00ebrshtatsh\u00ebm\u201d.<\/em><\/p>\n\n\n\n<p>Ligji p\u00ebr vettingun konsideron&nbsp;kontakt t\u00eb pap\u00ebrshtatsh\u00ebm persona t\u00eb dyshuar, akuzuar, hetuar apo d\u00ebnuar p\u00ebr lidhje me krimin e organizuar, pjes\u00ebmarrje n\u00eb trafiqe apo krime t\u00eb tjera t\u00eb r\u00ebnda.&nbsp;Lilo \u00ebsht\u00eb nj\u00eb i till\u00eb sipas organeve t\u00eb vettingut.<\/p>\n\n\n\n<p>P\u00ebrfitimet e Armand Lilos me pronat e shtetit<\/p>\n\n\n\n<p>M\u00eb her\u00ebt,&nbsp;<em>i<\/em><em>sh deputeti Belind K\u00eblli\u00e7i b\u00ebri me dije se ka komunikime dhe fakte q\u00eb tregojn\u00eb se Lilo \u00ebsht\u00eb i favorizuar dhe i p\u00ebrk\u00ebdhelur nga Bashkia Tiran\u00eb dhe kryebashkiaku Veliaj.<\/em><\/p>\n\n\n\n<p>K\u00eblli\u00e7i ilustroi me raste konkrete se si lidhet kompania \u201cArlis Nd\u00ebrtim\u201d i Armand Lilos me Veliajn.<\/p>\n\n\n\n<figure class=\"wp-block-embed is-type-wp-embed is-provider-embed wp-block-embed-embed\"><div class=\"wp-block-embed__wrapper\">\n<blockquote class=\"wp-embedded-content\" data-secret=\"M5RX8J3shN\"><a href=\"https:\/\/tiranalajm.com\/index.php\/2024\/03\/29\/akuzat-pronari-i-credins-bank-u-dha-makinen-ne-perdorim-trafikanteve-a-ka-hyre-paraja-e-droges-ne-sistemin-bankar-shqiptar\/\">AKUZAT\/ Pronari i Credins Bank u dha makin\u00ebn n\u00eb p\u00ebrdorim trafikant\u00ebve, a ka hyr\u00eb paraja e drog\u00ebs n\u00eb sistemin bankar shqiptar ?!\u00a0<\/a><\/blockquote><iframe loading=\"lazy\" class=\"wp-embedded-content\" sandbox=\"allow-scripts\" security=\"restricted\" style=\"position: absolute; clip: rect(1px, 1px, 1px, 1px);\" title=\"&#8220;AKUZAT\/ Pronari i Credins Bank u dha makin\u00ebn n\u00eb p\u00ebrdorim trafikant\u00ebve, a ka hyr\u00eb paraja e drog\u00ebs n\u00eb sistemin bankar shqiptar ?!\u00a0&#8221; &#8212; \" src=\"https:\/\/tiranalajm.com\/index.php\/2024\/03\/29\/akuzat-pronari-i-credins-bank-u-dha-makinen-ne-perdorim-trafikanteve-a-ka-hyre-paraja-e-droges-ne-sistemin-bankar-shqiptar\/embed\/#?secret=BqxWlkyrkU#?secret=M5RX8J3shN\" data-secret=\"M5RX8J3shN\" width=\"600\" height=\"338\" frameborder=\"0\" marginwidth=\"0\" marginheight=\"0\" scrolling=\"no\"><\/iframe>\n<\/div><\/figure>\n\n\n\n<p><em>\u201cM\u00eb 21.09.2017, Erion Veliaj i jep k\u00ebsaj kompanie nj\u00eb leje nd\u00ebrtimi p\u00ebr projektin famoz n\u00eb rrug\u00ebn e Kavajes SQUARE 21, pron\u00eb mbi t\u00eb cil\u00ebn jan\u00eb t\u00eb regjistruara disa nd\u00ebrtesa n\u00eb pron\u00ebsi t\u00eb shtetit.<\/em><\/p>\n\n\n\n<p>P\u00ebr t\u00eb mbuluar lejen q\u00eb Veliaj jep p\u00ebr Arlis-Nd\u00ebrtim mbi godinat shtet\u00ebrore dhe p\u00ebr t\u00eb shtuar fitimet e Armand Lilos, disa muaj m\u00eb von\u00eb, me propozim t\u00eb Ministrit t\u00eb Brendsh\u00ebm Fatmir Xhafaj, miratohet VKM Nr. 285, dat\u00eb 21.05.2018, q\u00eb kalon n\u00eb pron\u00ebsi t\u00eb Bashkis\u00eb Tiran\u00eb 13 prona dhe nd\u00ebrtesat mbi to, p\u00ebr zhvillim ekonomik.<\/p>\n\n\n\n<p><em>5 muaj m\u00eb von\u00eb, me an\u00eb t\u00eb vendimit t\u00eb K\u00ebshillit Bashkiak Nr. 146, dat\u00eb 15.11.2018, Bashkia Tiran\u00eb dhe \u201cArlis Nd\u00ebrtim\u201d nisin negocimin p\u00ebr nd\u00ebrtimin e nj\u00eb godine disakat\u00ebshe n\u00eb funksion dhe favor t\u00eb Bashkis\u00eb Tiran\u00eb, dhe n\u00eb k\u00ebmbim Bashkia do t\u2019i jepte kompanis\u00eb \u201cArlis Nd\u00ebrtim\u201d trojet e lartp\u00ebrmendura, si dhe do t\u00eb miratonte prishjen e t\u00eb gjitha godinave t\u00eb kaluara me VKM n\u00eb pron\u00ebsi t\u00eb saj.<\/em><\/p>\n\n\n\n<p><em>B\u00ebhet fjal\u00eb p\u00ebr pasurin\u00eb truall 6399.78 m2 dhe 5903.39 m2 nd\u00ebrtesa mbi t\u00eb, por q\u00eb m\u00eb pas, bashkia i deklaron t\u00eb shembura totalisht.<\/em><\/p>\n\n\n\n<p>Bashkia Tiran\u00eb do t\u00eb miratonte dhe shembjen e godinave t\u00eb administrat\u00ebs s\u00eb Bashkis\u00eb Tiran\u00eb, me drejtorin\u00eb e taksave dhe Policin\u00eb Bashkiake.<\/p>\n\n\n\n<p><em>Nga ana tjet\u00ebr, \u201cArlis Nd\u00ebrtim\u201d do t\u00eb nd\u00ebrtonte p\u00ebr llogari t\u00eb Bashkis\u00eb Tiran\u00eb nj\u00eb godin\u00eb 5-kat\u00ebshe, me sip\u00ebrfaqe 4400 m2.<\/em><\/p>\n\n\n\n<p>Historia vijon me disa vendime t\u00eb tjera t\u00eb K\u00ebshillit Bashkiak, n\u00eb koh\u00ebn kur ishte e gjitha n\u00eb duart e socialist\u00ebve, t\u00eb cilat shtojn\u00eb sip\u00ebrfaqen e truallit, dhe zvog\u00eblojn\u00eb sip\u00ebrfaqen e godinave mbi t\u00eb.<\/p>\n\n\n\n<p><em>Pra, Erion Veliaj dhe favoret e tij ndaj kompanis\u00eb \u201cArlis Nd\u00ebrtim\u201d e Armand Lilos, jan\u00eb t\u00eb shtrira n\u00eb pazare financiare t\u00eb pastra, por p\u00ebr k\u00ebto pazare kryebashkiaku do t\u00eb duhet t\u00eb jap\u00eb sqarime p\u00ebrpara drejt\u00ebsis\u00eb.&nbsp;&nbsp;&nbsp;<\/em><\/p>\n\n\n\n<p>Belind K\u00eblli\u00e7i b\u00ebri me dije se k\u00ebto fakte do t\u00eb d\u00ebrgohen n\u00eb SPAK n\u00eb duart e kreut t\u00eb Prokurroris\u00eb s\u00eb Posa\u00e7me, Altin Dumani.<\/p>\n\n\n\n<p><em>Armand Lilo, pronari i kompanis\u00eb \u201cArlis Nd\u00ebrtim\u201d, lejohet t\u00eb nd\u00ebrtoj\u00eb n\u00eb mes t\u00eb kryeqytetit nj\u00eb pallat 7 kat\u00ebsh pa leje dhe Bashkia nuk e shikon. P\u00ebrfiton prona shtet\u00ebrore dhe s\u00ebrish askush nuk vepron dhe e lejon t\u00eb vazhdoj\u00eb aktivitetin e tij, i cili p\u00ebrb\u00ebn shkelje t\u00eb vepr\u00ebs penale, pasi t\u00eb nd\u00ebrtosh pa leje \u00ebsht\u00eb nj\u00eb vep\u00ebr penale dhe ka sanksione.<\/em><\/p>\n\n\n\n<p>Nj\u00eb qytetar i thjesht\u00eb do t\u00eb b\u00ebnte burg ose do d\u00ebnohej n\u00eb nj\u00eb form\u00eb tjet\u00ebr n\u00ebse do t\u00eb nd\u00ebrtonte pa leje ashtu si\u00e7 ka ndodhur n\u00eb raste q\u00eb jan\u00eb raportuar m\u00eb her\u00ebt, nd\u00ebrsa p\u00ebr Armand Lilo jo vet\u00ebm q\u00eb nuk merret asnj\u00eb veprim, por lejohet q\u00eb t\u00eb&nbsp;blej\u00eb edhe aksionet e Credins Bank, duke futur duart n\u00eb nj\u00eb prej sektor\u00ebve strategjik dhe tep\u00ebr delikat t\u00eb vendit.&nbsp;\/TiranaLajm<\/p>\n","protected":false},"excerpt":{"rendered":"<p>Belind K\u00eblli\u00e7i b\u00ebri deklarata t\u00eb forta sot nga podium para Bashkis\u00eb s\u00eb Tiran\u00ebs duke t\u00ebrhequr edhe nj\u00ebher\u00eb v\u00ebmendjen nga binomi pastrim parash-pushtet n\u00ebp\u00ebrmjet emrit t\u00eb Armand Lilos.&nbsp; Duke iu referuar parave q\u00eb hidhen n\u00eb media p\u00ebr t\u00eb sulmuar opozit\u00ebn si edhe mbi lidhjet e personazheve me t\u00eb shkuar t\u00eb err\u00ebt dhe lidhjeve politike, K\u00eblli\u00e7i mori [&hellip;]<\/p>\n","protected":false},"author":1,"featured_media":133,"comment_status":"open","ping_status":"open","sticky":false,"template":"","format":"standard","meta":{"footnotes":""},"categories":[4,5,3],"tags":[23,21,13,22,10,24],"class_list":["post-132","post","type-post","status-publish","format-standard","has-post-thumbnail","hentry","category-kryesore","category-ne-vemendje","category-rreth-vendit","tag-armaar-group","tag-armand-lilo","tag-banka-credins","tag-belind-kellici","tag-credins-bank","tag-eye-of-tirana"],"yoast_head":"<!-- This site is optimized with the Yoast SEO plugin v27.4 - https:\/\/yoast.com\/product\/yoast-seo-wordpress\/ -->\n<title>Nis verifikimi nga SPAK, pronari i Bank\u00ebs Credins q\u00eb nd\u00ebrtoi 7 kate pa leje, pastrim masiv parash? \u00c7far\u00eb denoncoi K\u00ebllici\u00a0 - Tirana Lajm<\/title>\n<meta name=\"description\" content=\"Nis verifikimi nga SPAK, pronari i Bank\u00ebs Credins q\u00eb nd\u00ebrtoi 7 kate pa leje, pastrim masiv parash? \u00c7far\u00eb denoncoi K\u00ebllici\u00a0\" \/>\n<meta name=\"robots\" content=\"index, follow, max-snippet:-1, max-image-preview:large, max-video-preview:-1\" \/>\n<link rel=\"canonical\" href=\"https:\/\/tiranalajm.com\/index.php\/2024\/08\/15\/nis-verifikimi-nga-spak-pronari-i-bankes-credins-qe-ndertoi-7-kate-pa-leje-pastrim-masiv-parash-cfare-denoncoi-kellici\/\" \/>\n<meta property=\"og:locale\" content=\"en_US\" \/>\n<meta property=\"og:type\" content=\"article\" \/>\n<meta property=\"og:title\" content=\"Nis verifikimi nga SPAK, pronari i Bank\u00ebs Credins q\u00eb nd\u00ebrtoi 7 kate pa leje, pastrim masiv parash? \u00c7far\u00eb denoncoi K\u00ebllici\u00a0 - Tirana Lajm\" \/>\n<meta property=\"og:description\" content=\"Nis verifikimi nga SPAK, pronari i Bank\u00ebs Credins q\u00eb nd\u00ebrtoi 7 kate pa leje, pastrim masiv parash? \u00c7far\u00eb denoncoi K\u00ebllici\u00a0\" \/>\n<meta property=\"og:url\" content=\"https:\/\/tiranalajm.com\/index.php\/2024\/08\/15\/nis-verifikimi-nga-spak-pronari-i-bankes-credins-qe-ndertoi-7-kate-pa-leje-pastrim-masiv-parash-cfare-denoncoi-kellici\/\" \/>\n<meta property=\"og:site_name\" content=\"Tirana Lajm\" \/>\n<meta property=\"article:published_time\" content=\"2024-08-15T12:21:42+00:00\" \/>\n<meta property=\"article:modified_time\" content=\"2024-08-15T12:45:30+00:00\" \/>\n<meta property=\"og:image\" content=\"http:\/\/tiranalajm.com\/wp-content\/uploads\/2024\/08\/armand-lilo-credins-.jpeg\" \/>\n\t<meta property=\"og:image:width\" content=\"1200\" \/>\n\t<meta property=\"og:image:height\" content=\"630\" \/>\n\t<meta property=\"og:image:type\" content=\"image\/jpeg\" \/>\n<meta name=\"author\" content=\"tiranalajm.com\" \/>\n<meta name=\"twitter:card\" content=\"summary_large_image\" \/>\n<meta name=\"twitter:label1\" content=\"Written by\" \/>\n\t<meta name=\"twitter:data1\" content=\"tiranalajm.com\" \/>\n\t<meta name=\"twitter:label2\" content=\"Est. reading time\" \/>\n\t<meta name=\"twitter:data2\" content=\"5 minutes\" \/>\n<script type=\"application\/ld+json\" class=\"yoast-schema-graph\">{\"@context\":\"https:\\\/\\\/schema.org\",\"@graph\":[{\"@type\":\"Article\",\"@id\":\"https:\\\/\\\/tiranalajm.com\\\/index.php\\\/2024\\\/08\\\/15\\\/nis-verifikimi-nga-spak-pronari-i-bankes-credins-qe-ndertoi-7-kate-pa-leje-pastrim-masiv-parash-cfare-denoncoi-kellici\\\/#article\",\"isPartOf\":{\"@id\":\"https:\\\/\\\/tiranalajm.com\\\/index.php\\\/2024\\\/08\\\/15\\\/nis-verifikimi-nga-spak-pronari-i-bankes-credins-qe-ndertoi-7-kate-pa-leje-pastrim-masiv-parash-cfare-denoncoi-kellici\\\/\"},\"author\":{\"name\":\"tiranalajm.com\",\"@id\":\"https:\\\/\\\/tiranalajm.com\\\/#\\\/schema\\\/person\\\/d62adf3f0d0ba38eb923c3c1f5152717\"},\"headline\":\"Nis verifikimi nga SPAK, pronari i Bank\u00ebs Credins q\u00eb nd\u00ebrtoi 7 kate pa leje, pastrim masiv parash? \u00c7far\u00eb denoncoi K\u00ebllici\u00a0\",\"datePublished\":\"2024-08-15T12:21:42+00:00\",\"dateModified\":\"2024-08-15T12:45:30+00:00\",\"mainEntityOfPage\":{\"@id\":\"https:\\\/\\\/tiranalajm.com\\\/index.php\\\/2024\\\/08\\\/15\\\/nis-verifikimi-nga-spak-pronari-i-bankes-credins-qe-ndertoi-7-kate-pa-leje-pastrim-masiv-parash-cfare-denoncoi-kellici\\\/\"},\"wordCount\":1039,\"commentCount\":0,\"publisher\":{\"@id\":\"https:\\\/\\\/tiranalajm.com\\\/#organization\"},\"image\":{\"@id\":\"https:\\\/\\\/tiranalajm.com\\\/index.php\\\/2024\\\/08\\\/15\\\/nis-verifikimi-nga-spak-pronari-i-bankes-credins-qe-ndertoi-7-kate-pa-leje-pastrim-masiv-parash-cfare-denoncoi-kellici\\\/#primaryimage\"},\"thumbnailUrl\":\"https:\\\/\\\/tiranalajm.com\\\/wp-content\\\/uploads\\\/2024\\\/08\\\/armand-lilo-credins-.jpeg\",\"keywords\":[\"armaar group\",\"armand lilo\",\"banka credins\",\"belind kellici\",\"credins bank\",\"eye of tirana\"],\"articleSection\":[\"Kryesore\",\"Ne vemendje\",\"Rreth vendit\"],\"inLanguage\":\"en-US\",\"potentialAction\":[{\"@type\":\"CommentAction\",\"name\":\"Comment\",\"target\":[\"https:\\\/\\\/tiranalajm.com\\\/index.php\\\/2024\\\/08\\\/15\\\/nis-verifikimi-nga-spak-pronari-i-bankes-credins-qe-ndertoi-7-kate-pa-leje-pastrim-masiv-parash-cfare-denoncoi-kellici\\\/#respond\"]}]},{\"@type\":\"WebPage\",\"@id\":\"https:\\\/\\\/tiranalajm.com\\\/index.php\\\/2024\\\/08\\\/15\\\/nis-verifikimi-nga-spak-pronari-i-bankes-credins-qe-ndertoi-7-kate-pa-leje-pastrim-masiv-parash-cfare-denoncoi-kellici\\\/\",\"url\":\"https:\\\/\\\/tiranalajm.com\\\/index.php\\\/2024\\\/08\\\/15\\\/nis-verifikimi-nga-spak-pronari-i-bankes-credins-qe-ndertoi-7-kate-pa-leje-pastrim-masiv-parash-cfare-denoncoi-kellici\\\/\",\"name\":\"Nis verifikimi nga SPAK, pronari i Bank\u00ebs Credins q\u00eb nd\u00ebrtoi 7 kate pa leje, pastrim masiv parash? \u00c7far\u00eb denoncoi K\u00ebllici\u00a0 - Tirana Lajm\",\"isPartOf\":{\"@id\":\"https:\\\/\\\/tiranalajm.com\\\/#website\"},\"primaryImageOfPage\":{\"@id\":\"https:\\\/\\\/tiranalajm.com\\\/index.php\\\/2024\\\/08\\\/15\\\/nis-verifikimi-nga-spak-pronari-i-bankes-credins-qe-ndertoi-7-kate-pa-leje-pastrim-masiv-parash-cfare-denoncoi-kellici\\\/#primaryimage\"},\"image\":{\"@id\":\"https:\\\/\\\/tiranalajm.com\\\/index.php\\\/2024\\\/08\\\/15\\\/nis-verifikimi-nga-spak-pronari-i-bankes-credins-qe-ndertoi-7-kate-pa-leje-pastrim-masiv-parash-cfare-denoncoi-kellici\\\/#primaryimage\"},\"thumbnailUrl\":\"https:\\\/\\\/tiranalajm.com\\\/wp-content\\\/uploads\\\/2024\\\/08\\\/armand-lilo-credins-.jpeg\",\"datePublished\":\"2024-08-15T12:21:42+00:00\",\"dateModified\":\"2024-08-15T12:45:30+00:00\",\"description\":\"Nis verifikimi nga SPAK, pronari i Bank\u00ebs Credins q\u00eb nd\u00ebrtoi 7 kate pa leje, pastrim masiv parash? \u00c7far\u00eb denoncoi K\u00ebllici\u00a0\",\"breadcrumb\":{\"@id\":\"https:\\\/\\\/tiranalajm.com\\\/index.php\\\/2024\\\/08\\\/15\\\/nis-verifikimi-nga-spak-pronari-i-bankes-credins-qe-ndertoi-7-kate-pa-leje-pastrim-masiv-parash-cfare-denoncoi-kellici\\\/#breadcrumb\"},\"inLanguage\":\"en-US\",\"potentialAction\":[{\"@type\":\"ReadAction\",\"target\":[\"https:\\\/\\\/tiranalajm.com\\\/index.php\\\/2024\\\/08\\\/15\\\/nis-verifikimi-nga-spak-pronari-i-bankes-credins-qe-ndertoi-7-kate-pa-leje-pastrim-masiv-parash-cfare-denoncoi-kellici\\\/\"]}]},{\"@type\":\"ImageObject\",\"inLanguage\":\"en-US\",\"@id\":\"https:\\\/\\\/tiranalajm.com\\\/index.php\\\/2024\\\/08\\\/15\\\/nis-verifikimi-nga-spak-pronari-i-bankes-credins-qe-ndertoi-7-kate-pa-leje-pastrim-masiv-parash-cfare-denoncoi-kellici\\\/#primaryimage\",\"url\":\"https:\\\/\\\/tiranalajm.com\\\/wp-content\\\/uploads\\\/2024\\\/08\\\/armand-lilo-credins-.jpeg\",\"contentUrl\":\"https:\\\/\\\/tiranalajm.com\\\/wp-content\\\/uploads\\\/2024\\\/08\\\/armand-lilo-credins-.jpeg\",\"width\":1200,\"height\":630},{\"@type\":\"BreadcrumbList\",\"@id\":\"https:\\\/\\\/tiranalajm.com\\\/index.php\\\/2024\\\/08\\\/15\\\/nis-verifikimi-nga-spak-pronari-i-bankes-credins-qe-ndertoi-7-kate-pa-leje-pastrim-masiv-parash-cfare-denoncoi-kellici\\\/#breadcrumb\",\"itemListElement\":[{\"@type\":\"ListItem\",\"position\":1,\"name\":\"Home\",\"item\":\"https:\\\/\\\/tiranalajm.com\\\/\"},{\"@type\":\"ListItem\",\"position\":2,\"name\":\"Nis verifikimi nga SPAK, pronari i Bank\u00ebs Credins q\u00eb nd\u00ebrtoi 7 kate pa leje, pastrim masiv parash? \u00c7far\u00eb denoncoi K\u00ebllici\u00a0\"}]},{\"@type\":\"WebSite\",\"@id\":\"https:\\\/\\\/tiranalajm.com\\\/#website\",\"url\":\"https:\\\/\\\/tiranalajm.com\\\/\",\"name\":\"Tirana Lajm\",\"description\":\"Tirana Lajm\",\"publisher\":{\"@id\":\"https:\\\/\\\/tiranalajm.com\\\/#organization\"},\"potentialAction\":[{\"@type\":\"SearchAction\",\"target\":{\"@type\":\"EntryPoint\",\"urlTemplate\":\"https:\\\/\\\/tiranalajm.com\\\/?s={search_term_string}\"},\"query-input\":{\"@type\":\"PropertyValueSpecification\",\"valueRequired\":true,\"valueName\":\"search_term_string\"}}],\"inLanguage\":\"en-US\"},{\"@type\":\"Organization\",\"@id\":\"https:\\\/\\\/tiranalajm.com\\\/#organization\",\"name\":\"Tirana Lajm\",\"url\":\"https:\\\/\\\/tiranalajm.com\\\/\",\"logo\":{\"@type\":\"ImageObject\",\"inLanguage\":\"en-US\",\"@id\":\"https:\\\/\\\/tiranalajm.com\\\/#\\\/schema\\\/logo\\\/image\\\/\",\"url\":\"https:\\\/\\\/tiranalajm.com\\\/wp-content\\\/uploads\\\/2023\\\/08\\\/logo-tirana-lajm.jpg\",\"contentUrl\":\"https:\\\/\\\/tiranalajm.com\\\/wp-content\\\/uploads\\\/2023\\\/08\\\/logo-tirana-lajm.jpg\",\"width\":600,\"height\":360,\"caption\":\"Tirana Lajm\"},\"image\":{\"@id\":\"https:\\\/\\\/tiranalajm.com\\\/#\\\/schema\\\/logo\\\/image\\\/\"}},{\"@type\":\"Person\",\"@id\":\"https:\\\/\\\/tiranalajm.com\\\/#\\\/schema\\\/person\\\/d62adf3f0d0ba38eb923c3c1f5152717\",\"name\":\"tiranalajm.com\",\"image\":{\"@type\":\"ImageObject\",\"inLanguage\":\"en-US\",\"@id\":\"https:\\\/\\\/secure.gravatar.com\\\/avatar\\\/70082bb8d030bb6b79327cd6e282b497e1b999934e601ba07a020bca96c4dbee?s=96&d=mm&r=g\",\"url\":\"https:\\\/\\\/secure.gravatar.com\\\/avatar\\\/70082bb8d030bb6b79327cd6e282b497e1b999934e601ba07a020bca96c4dbee?s=96&d=mm&r=g\",\"contentUrl\":\"https:\\\/\\\/secure.gravatar.com\\\/avatar\\\/70082bb8d030bb6b79327cd6e282b497e1b999934e601ba07a020bca96c4dbee?s=96&d=mm&r=g\",\"caption\":\"tiranalajm.com\"},\"sameAs\":[\"http:\\\/\\\/tiranalajm.com\"],\"url\":\"https:\\\/\\\/tiranalajm.com\\\/index.php\\\/author\\\/tiranalajm-com\\\/\"}]}<\/script>\n<!-- \/ Yoast SEO plugin. -->","yoast_head_json":{"title":"Nis verifikimi nga SPAK, pronari i Bank\u00ebs Credins q\u00eb nd\u00ebrtoi 7 kate pa leje, pastrim masiv parash? \u00c7far\u00eb denoncoi K\u00ebllici\u00a0 - Tirana Lajm","description":"Nis verifikimi nga SPAK, pronari i Bank\u00ebs Credins q\u00eb nd\u00ebrtoi 7 kate pa leje, pastrim masiv parash? \u00c7far\u00eb denoncoi K\u00ebllici\u00a0","robots":{"index":"index","follow":"follow","max-snippet":"max-snippet:-1","max-image-preview":"max-image-preview:large","max-video-preview":"max-video-preview:-1"},"canonical":"https:\/\/tiranalajm.com\/index.php\/2024\/08\/15\/nis-verifikimi-nga-spak-pronari-i-bankes-credins-qe-ndertoi-7-kate-pa-leje-pastrim-masiv-parash-cfare-denoncoi-kellici\/","og_locale":"en_US","og_type":"article","og_title":"Nis verifikimi nga SPAK, pronari i Bank\u00ebs Credins q\u00eb nd\u00ebrtoi 7 kate pa leje, pastrim masiv parash? \u00c7far\u00eb denoncoi K\u00ebllici\u00a0 - Tirana Lajm","og_description":"Nis verifikimi nga SPAK, pronari i Bank\u00ebs Credins q\u00eb nd\u00ebrtoi 7 kate pa leje, pastrim masiv parash? \u00c7far\u00eb denoncoi K\u00ebllici\u00a0","og_url":"https:\/\/tiranalajm.com\/index.php\/2024\/08\/15\/nis-verifikimi-nga-spak-pronari-i-bankes-credins-qe-ndertoi-7-kate-pa-leje-pastrim-masiv-parash-cfare-denoncoi-kellici\/","og_site_name":"Tirana Lajm","article_published_time":"2024-08-15T12:21:42+00:00","article_modified_time":"2024-08-15T12:45:30+00:00","og_image":[{"width":1200,"height":630,"url":"http:\/\/tiranalajm.com\/wp-content\/uploads\/2024\/08\/armand-lilo-credins-.jpeg","type":"image\/jpeg"}],"author":"tiranalajm.com","twitter_card":"summary_large_image","twitter_misc":{"Written by":"tiranalajm.com","Est. reading time":"5 minutes"},"schema":{"@context":"https:\/\/schema.org","@graph":[{"@type":"Article","@id":"https:\/\/tiranalajm.com\/index.php\/2024\/08\/15\/nis-verifikimi-nga-spak-pronari-i-bankes-credins-qe-ndertoi-7-kate-pa-leje-pastrim-masiv-parash-cfare-denoncoi-kellici\/#article","isPartOf":{"@id":"https:\/\/tiranalajm.com\/index.php\/2024\/08\/15\/nis-verifikimi-nga-spak-pronari-i-bankes-credins-qe-ndertoi-7-kate-pa-leje-pastrim-masiv-parash-cfare-denoncoi-kellici\/"},"author":{"name":"tiranalajm.com","@id":"https:\/\/tiranalajm.com\/#\/schema\/person\/d62adf3f0d0ba38eb923c3c1f5152717"},"headline":"Nis verifikimi nga SPAK, pronari i Bank\u00ebs Credins q\u00eb nd\u00ebrtoi 7 kate pa leje, pastrim masiv parash? \u00c7far\u00eb denoncoi K\u00ebllici\u00a0","datePublished":"2024-08-15T12:21:42+00:00","dateModified":"2024-08-15T12:45:30+00:00","mainEntityOfPage":{"@id":"https:\/\/tiranalajm.com\/index.php\/2024\/08\/15\/nis-verifikimi-nga-spak-pronari-i-bankes-credins-qe-ndertoi-7-kate-pa-leje-pastrim-masiv-parash-cfare-denoncoi-kellici\/"},"wordCount":1039,"commentCount":0,"publisher":{"@id":"https:\/\/tiranalajm.com\/#organization"},"image":{"@id":"https:\/\/tiranalajm.com\/index.php\/2024\/08\/15\/nis-verifikimi-nga-spak-pronari-i-bankes-credins-qe-ndertoi-7-kate-pa-leje-pastrim-masiv-parash-cfare-denoncoi-kellici\/#primaryimage"},"thumbnailUrl":"https:\/\/tiranalajm.com\/wp-content\/uploads\/2024\/08\/armand-lilo-credins-.jpeg","keywords":["armaar group","armand lilo","banka credins","belind kellici","credins bank","eye of tirana"],"articleSection":["Kryesore","Ne vemendje","Rreth vendit"],"inLanguage":"en-US","potentialAction":[{"@type":"CommentAction","name":"Comment","target":["https:\/\/tiranalajm.com\/index.php\/2024\/08\/15\/nis-verifikimi-nga-spak-pronari-i-bankes-credins-qe-ndertoi-7-kate-pa-leje-pastrim-masiv-parash-cfare-denoncoi-kellici\/#respond"]}]},{"@type":"WebPage","@id":"https:\/\/tiranalajm.com\/index.php\/2024\/08\/15\/nis-verifikimi-nga-spak-pronari-i-bankes-credins-qe-ndertoi-7-kate-pa-leje-pastrim-masiv-parash-cfare-denoncoi-kellici\/","url":"https:\/\/tiranalajm.com\/index.php\/2024\/08\/15\/nis-verifikimi-nga-spak-pronari-i-bankes-credins-qe-ndertoi-7-kate-pa-leje-pastrim-masiv-parash-cfare-denoncoi-kellici\/","name":"Nis verifikimi nga SPAK, pronari i Bank\u00ebs Credins q\u00eb nd\u00ebrtoi 7 kate pa leje, pastrim masiv parash? \u00c7far\u00eb denoncoi K\u00ebllici\u00a0 - Tirana Lajm","isPartOf":{"@id":"https:\/\/tiranalajm.com\/#website"},"primaryImageOfPage":{"@id":"https:\/\/tiranalajm.com\/index.php\/2024\/08\/15\/nis-verifikimi-nga-spak-pronari-i-bankes-credins-qe-ndertoi-7-kate-pa-leje-pastrim-masiv-parash-cfare-denoncoi-kellici\/#primaryimage"},"image":{"@id":"https:\/\/tiranalajm.com\/index.php\/2024\/08\/15\/nis-verifikimi-nga-spak-pronari-i-bankes-credins-qe-ndertoi-7-kate-pa-leje-pastrim-masiv-parash-cfare-denoncoi-kellici\/#primaryimage"},"thumbnailUrl":"https:\/\/tiranalajm.com\/wp-content\/uploads\/2024\/08\/armand-lilo-credins-.jpeg","datePublished":"2024-08-15T12:21:42+00:00","dateModified":"2024-08-15T12:45:30+00:00","description":"Nis verifikimi nga SPAK, pronari i Bank\u00ebs Credins q\u00eb nd\u00ebrtoi 7 kate pa leje, pastrim masiv parash? \u00c7far\u00eb denoncoi K\u00ebllici\u00a0","breadcrumb":{"@id":"https:\/\/tiranalajm.com\/index.php\/2024\/08\/15\/nis-verifikimi-nga-spak-pronari-i-bankes-credins-qe-ndertoi-7-kate-pa-leje-pastrim-masiv-parash-cfare-denoncoi-kellici\/#breadcrumb"},"inLanguage":"en-US","potentialAction":[{"@type":"ReadAction","target":["https:\/\/tiranalajm.com\/index.php\/2024\/08\/15\/nis-verifikimi-nga-spak-pronari-i-bankes-credins-qe-ndertoi-7-kate-pa-leje-pastrim-masiv-parash-cfare-denoncoi-kellici\/"]}]},{"@type":"ImageObject","inLanguage":"en-US","@id":"https:\/\/tiranalajm.com\/index.php\/2024\/08\/15\/nis-verifikimi-nga-spak-pronari-i-bankes-credins-qe-ndertoi-7-kate-pa-leje-pastrim-masiv-parash-cfare-denoncoi-kellici\/#primaryimage","url":"https:\/\/tiranalajm.com\/wp-content\/uploads\/2024\/08\/armand-lilo-credins-.jpeg","contentUrl":"https:\/\/tiranalajm.com\/wp-content\/uploads\/2024\/08\/armand-lilo-credins-.jpeg","width":1200,"height":630},{"@type":"BreadcrumbList","@id":"https:\/\/tiranalajm.com\/index.php\/2024\/08\/15\/nis-verifikimi-nga-spak-pronari-i-bankes-credins-qe-ndertoi-7-kate-pa-leje-pastrim-masiv-parash-cfare-denoncoi-kellici\/#breadcrumb","itemListElement":[{"@type":"ListItem","position":1,"name":"Home","item":"https:\/\/tiranalajm.com\/"},{"@type":"ListItem","position":2,"name":"Nis verifikimi nga SPAK, pronari i Bank\u00ebs Credins q\u00eb nd\u00ebrtoi 7 kate pa leje, pastrim masiv parash? \u00c7far\u00eb denoncoi K\u00ebllici\u00a0"}]},{"@type":"WebSite","@id":"https:\/\/tiranalajm.com\/#website","url":"https:\/\/tiranalajm.com\/","name":"Tirana Lajm","description":"Tirana Lajm","publisher":{"@id":"https:\/\/tiranalajm.com\/#organization"},"potentialAction":[{"@type":"SearchAction","target":{"@type":"EntryPoint","urlTemplate":"https:\/\/tiranalajm.com\/?s={search_term_string}"},"query-input":{"@type":"PropertyValueSpecification","valueRequired":true,"valueName":"search_term_string"}}],"inLanguage":"en-US"},{"@type":"Organization","@id":"https:\/\/tiranalajm.com\/#organization","name":"Tirana Lajm","url":"https:\/\/tiranalajm.com\/","logo":{"@type":"ImageObject","inLanguage":"en-US","@id":"https:\/\/tiranalajm.com\/#\/schema\/logo\/image\/","url":"https:\/\/tiranalajm.com\/wp-content\/uploads\/2023\/08\/logo-tirana-lajm.jpg","contentUrl":"https:\/\/tiranalajm.com\/wp-content\/uploads\/2023\/08\/logo-tirana-lajm.jpg","width":600,"height":360,"caption":"Tirana Lajm"},"image":{"@id":"https:\/\/tiranalajm.com\/#\/schema\/logo\/image\/"}},{"@type":"Person","@id":"https:\/\/tiranalajm.com\/#\/schema\/person\/d62adf3f0d0ba38eb923c3c1f5152717","name":"tiranalajm.com","image":{"@type":"ImageObject","inLanguage":"en-US","@id":"https:\/\/secure.gravatar.com\/avatar\/70082bb8d030bb6b79327cd6e282b497e1b999934e601ba07a020bca96c4dbee?s=96&d=mm&r=g","url":"https:\/\/secure.gravatar.com\/avatar\/70082bb8d030bb6b79327cd6e282b497e1b999934e601ba07a020bca96c4dbee?s=96&d=mm&r=g","contentUrl":"https:\/\/secure.gravatar.com\/avatar\/70082bb8d030bb6b79327cd6e282b497e1b999934e601ba07a020bca96c4dbee?s=96&d=mm&r=g","caption":"tiranalajm.com"},"sameAs":["http:\/\/tiranalajm.com"],"url":"https:\/\/tiranalajm.com\/index.php\/author\/tiranalajm-com\/"}]}},"_links":{"self":[{"href":"https:\/\/tiranalajm.com\/index.php\/wp-json\/wp\/v2\/posts\/132","targetHints":{"allow":["GET"]}}],"collection":[{"href":"https:\/\/tiranalajm.com\/index.php\/wp-json\/wp\/v2\/posts"}],"about":[{"href":"https:\/\/tiranalajm.com\/index.php\/wp-json\/wp\/v2\/types\/post"}],"author":[{"embeddable":true,"href":"https:\/\/tiranalajm.com\/index.php\/wp-json\/wp\/v2\/users\/1"}],"replies":[{"embeddable":true,"href":"https:\/\/tiranalajm.com\/index.php\/wp-json\/wp\/v2\/comments?post=132"}],"version-history":[{"count":5,"href":"https:\/\/tiranalajm.com\/index.php\/wp-json\/wp\/v2\/posts\/132\/revisions"}],"predecessor-version":[{"id":154,"href":"https:\/\/tiranalajm.com\/index.php\/wp-json\/wp\/v2\/posts\/132\/revisions\/154"}],"wp:featuredmedia":[{"embeddable":true,"href":"https:\/\/tiranalajm.com\/index.php\/wp-json\/wp\/v2\/media\/133"}],"wp:attachment":[{"href":"https:\/\/tiranalajm.com\/index.php\/wp-json\/wp\/v2\/media?parent=132"}],"wp:term":[{"taxonomy":"category","embeddable":true,"href":"https:\/\/tiranalajm.com\/index.php\/wp-json\/wp\/v2\/categories?post=132"},{"taxonomy":"post_tag","embeddable":true,"href":"https:\/\/tiranalajm.com\/index.php\/wp-json\/wp\/v2\/tags?post=132"}],"curies":[{"name":"wp","href":"https:\/\/api.w.org\/{rel}","templated":true}]}}