{"id":151,"date":"2024-08-15T13:40:49","date_gmt":"2024-08-15T12:40:49","guid":{"rendered":"https:\/\/tiranalajm.com\/?p=151"},"modified":"2024-08-15T13:40:49","modified_gmt":"2024-08-15T12:40:49","slug":"tentoi-te-vriste-me-arme-39-vjecarin-kapet-pas-4-muajsh-35-vjecari","status":"publish","type":"post","link":"https:\/\/tiranalajm.com\/index.php\/2024\/08\/15\/tentoi-te-vriste-me-arme-39-vjecarin-kapet-pas-4-muajsh-35-vjecari\/","title":{"rendered":"Tentoi t\u00eb vriste me arm\u00eb 39-vje\u00e7arin, kapet pas 4 muajsh 35-vje\u00e7ari\u00a0"},"content":{"rendered":"\n<p>Policia e Shkodr\u00ebs ka v\u00ebn\u00eb n\u00eb pranga nj\u00eb 35-vje\u00e7ar t\u00eb shpallur n\u00eb k\u00ebrkim p\u00ebr tentativ\u00eb vrasje.<\/p>\n\n\n\n<p>Ngjarja e ndodhur n\u00eb 25 prill t\u00eb k\u00ebtij viti, kur 35-vje\u00e7ari tentoi t\u00eb vras\u00eb nj\u00eb 39 vje\u00e7ar n\u00eb Vaun e Dej\u00ebs, duke q\u00eblluar me pistolet\u00eb n\u00eb drejtim t\u00eb automjetit me t\u00eb cilin l\u00ebvizte ky shtetas.<\/p>\n\n\n\n<p>Nga t\u00eb sht\u00ebnat pati vet\u00ebm d\u00ebme materiale.<\/p>\n\n\n\n<p><strong>Njoftimi i Policis\u00eb Shkod\u00ebr<\/strong><\/p>\n\n\n\n<blockquote class=\"wp-block-quote is-layout-flow wp-block-quote-is-layout-flow\">\n<p><em>Vijon megaoperacioni \u201cSundimi i ligjit\u201d, p\u00ebr kapjen e shtetasve t\u00eb shpallur n\u00eb k\u00ebrkim.<\/em><\/p>\n\n\n\n<p><em>Tentoi t\u00eb vriste nj\u00eb shtetas, duke q\u00eblluar me pistolet\u00eb n\u00eb drejtim t\u00eb automjetit me t\u00eb cilin l\u00ebvizte ai, lokalizohet, kapet dhe vihet n\u00eb pranga 35-vje\u00e7ari i shpallur n\u00eb k\u00ebrkim.<\/em><\/p>\n\n\n\n<p><em>N\u00eb vijim t\u00eb kontrolleve dhe pun\u00ebs s\u00eb inteligjenc\u00ebs policore q\u00eb kryhen n\u00eb kuad\u00ebr t\u00eb megaoperacionit komb\u00ebtar \u201cSundimi i ligjit\u201d, p\u00ebr kapjen e shtetasve t\u00eb shpallur n\u00eb k\u00ebrkim, Komisariati i Policis\u00eb Shkod\u00ebr, n\u00eb bashk\u00ebpunim me Komisariatin e Policis\u00eb Vau i Dej\u00ebs, ndaloi shtetasin V. K., 35 vje\u00e7, banues n\u00eb fshatin Karm\u00eb, Vau i Dej\u00ebs.<\/em><\/p>\n\n\n\n<p><em>Ky shtetas ishte shpallur n\u00eb k\u00ebrkim komb\u00ebtar, pasi Gjykata e Shkall\u00ebs s\u00eb Par\u00eb e Juridiksionit t\u00eb P\u00ebrgjithsh\u00ebm Shkod\u00ebr i ka caktuar mas\u00ebn e siguris\u00eb \u201cArrest n\u00eb burg\u201d, p\u00ebr veprat penale \u201cVrasja me paramendim\u201d, mbetur n\u00eb tentativ\u00eb dhe \u201cMbajtja pa leje dhe prodhimi i arm\u00ebve, arm\u00ebve shp\u00ebrthyese dhe i municionit\u201d.<\/em><\/p>\n\n\n\n<p><em>M\u00eb dat\u00eb 25.04.2024, n\u00eb Vaun e Dej\u00ebs, shtetasi V. K. dyshohet se p\u00ebr motive t\u00eb dob\u00ebta, ka tentuar t\u00eb vras\u00eb shtetasin Gj. N., 39 vje\u00e7, duke q\u00eblluar me arm\u00eb zjarri pistolet\u00eb n\u00eb drejtim t\u00eb automjetit me t\u00eb cilin l\u00ebvizte ky shtetas. Nga t\u00eb sht\u00ebnat pat vet\u00ebm d\u00ebme materiale.<\/em><\/p>\n\n\n\n<p><em>Materialet procedurale i kaluan Prokuroris\u00eb, p\u00ebr veprime t\u00eb m\u00ebtejshme.<\/em><\/p>\n<\/blockquote>\n","protected":false},"excerpt":{"rendered":"<p>Policia e Shkodr\u00ebs ka v\u00ebn\u00eb n\u00eb pranga nj\u00eb 35-vje\u00e7ar t\u00eb shpallur n\u00eb k\u00ebrkim p\u00ebr tentativ\u00eb vrasje. Ngjarja e ndodhur n\u00eb 25 prill t\u00eb k\u00ebtij viti, kur 35-vje\u00e7ari tentoi t\u00eb vras\u00eb nj\u00eb 39 vje\u00e7ar n\u00eb Vaun e Dej\u00ebs, duke q\u00eblluar me pistolet\u00eb n\u00eb drejtim t\u00eb automjetit me t\u00eb cilin l\u00ebvizte ky shtetas. Nga t\u00eb sht\u00ebnat pati [&hellip;]<\/p>\n","protected":false},"author":1,"featured_media":152,"comment_status":"open","ping_status":"open","sticky":false,"template":"","format":"standard","meta":{"footnotes":""},"categories":[3],"tags":[],"class_list":["post-151","post","type-post","status-publish","format-standard","has-post-thumbnail","hentry","category-rreth-vendit"],"yoast_head":"<!-- This site is optimized with the Yoast SEO plugin v27.4 - https:\/\/yoast.com\/product\/yoast-seo-wordpress\/ -->\n<title>Tentoi t\u00eb vriste me arm\u00eb 39-vje\u00e7arin, kapet pas 4 muajsh 35-vje\u00e7ari\u00a0 - Tirana Lajm<\/title>\n<meta name=\"robots\" content=\"index, follow, max-snippet:-1, max-image-preview:large, max-video-preview:-1\" \/>\n<link rel=\"canonical\" href=\"https:\/\/tiranalajm.com\/index.php\/2024\/08\/15\/tentoi-te-vriste-me-arme-39-vjecarin-kapet-pas-4-muajsh-35-vjecari\/\" \/>\n<meta property=\"og:locale\" content=\"en_US\" \/>\n<meta property=\"og:type\" content=\"article\" \/>\n<meta property=\"og:title\" content=\"Tentoi t\u00eb vriste me arm\u00eb 39-vje\u00e7arin, kapet pas 4 muajsh 35-vje\u00e7ari\u00a0 - Tirana Lajm\" \/>\n<meta property=\"og:description\" content=\"Policia e Shkodr\u00ebs ka v\u00ebn\u00eb n\u00eb pranga nj\u00eb 35-vje\u00e7ar t\u00eb shpallur n\u00eb k\u00ebrkim p\u00ebr tentativ\u00eb vrasje. Ngjarja e ndodhur n\u00eb 25 prill t\u00eb k\u00ebtij viti, kur 35-vje\u00e7ari tentoi t\u00eb vras\u00eb nj\u00eb 39 vje\u00e7ar n\u00eb Vaun e Dej\u00ebs, duke q\u00eblluar me pistolet\u00eb n\u00eb drejtim t\u00eb automjetit me t\u00eb cilin l\u00ebvizte ky shtetas. Nga t\u00eb sht\u00ebnat pati [&hellip;]\" \/>\n<meta property=\"og:url\" content=\"https:\/\/tiranalajm.com\/index.php\/2024\/08\/15\/tentoi-te-vriste-me-arme-39-vjecarin-kapet-pas-4-muajsh-35-vjecari\/\" \/>\n<meta property=\"og:site_name\" content=\"Tirana Lajm\" \/>\n<meta property=\"article:published_time\" content=\"2024-08-15T12:40:49+00:00\" \/>\n<meta property=\"og:image\" content=\"http:\/\/tiranalajm.com\/wp-content\/uploads\/2024\/08\/640-0-xshkoder-628-1723717251.jpg\" \/>\n\t<meta property=\"og:image:width\" content=\"640\" \/>\n\t<meta property=\"og:image:height\" content=\"339\" \/>\n\t<meta property=\"og:image:type\" content=\"image\/jpeg\" \/>\n<meta name=\"author\" content=\"tiranalajm.com\" \/>\n<meta name=\"twitter:card\" content=\"summary_large_image\" \/>\n<meta name=\"twitter:label1\" content=\"Written by\" \/>\n\t<meta name=\"twitter:data1\" content=\"tiranalajm.com\" \/>\n\t<meta name=\"twitter:label2\" content=\"Est. reading time\" \/>\n\t<meta name=\"twitter:data2\" content=\"1 minute\" \/>\n<script type=\"application\/ld+json\" class=\"yoast-schema-graph\">{\"@context\":\"https:\\\/\\\/schema.org\",\"@graph\":[{\"@type\":\"Article\",\"@id\":\"https:\\\/\\\/tiranalajm.com\\\/index.php\\\/2024\\\/08\\\/15\\\/tentoi-te-vriste-me-arme-39-vjecarin-kapet-pas-4-muajsh-35-vjecari\\\/#article\",\"isPartOf\":{\"@id\":\"https:\\\/\\\/tiranalajm.com\\\/index.php\\\/2024\\\/08\\\/15\\\/tentoi-te-vriste-me-arme-39-vjecarin-kapet-pas-4-muajsh-35-vjecari\\\/\"},\"author\":{\"name\":\"tiranalajm.com\",\"@id\":\"https:\\\/\\\/tiranalajm.com\\\/#\\\/schema\\\/person\\\/d62adf3f0d0ba38eb923c3c1f5152717\"},\"headline\":\"Tentoi t\u00eb vriste me arm\u00eb 39-vje\u00e7arin, kapet pas 4 muajsh 35-vje\u00e7ari\u00a0\",\"datePublished\":\"2024-08-15T12:40:49+00:00\",\"mainEntityOfPage\":{\"@id\":\"https:\\\/\\\/tiranalajm.com\\\/index.php\\\/2024\\\/08\\\/15\\\/tentoi-te-vriste-me-arme-39-vjecarin-kapet-pas-4-muajsh-35-vjecari\\\/\"},\"wordCount\":322,\"commentCount\":0,\"publisher\":{\"@id\":\"https:\\\/\\\/tiranalajm.com\\\/#organization\"},\"image\":{\"@id\":\"https:\\\/\\\/tiranalajm.com\\\/index.php\\\/2024\\\/08\\\/15\\\/tentoi-te-vriste-me-arme-39-vjecarin-kapet-pas-4-muajsh-35-vjecari\\\/#primaryimage\"},\"thumbnailUrl\":\"https:\\\/\\\/tiranalajm.com\\\/wp-content\\\/uploads\\\/2024\\\/08\\\/640-0-xshkoder-628-1723717251.jpg\",\"articleSection\":[\"Rreth vendit\"],\"inLanguage\":\"en-US\",\"potentialAction\":[{\"@type\":\"CommentAction\",\"name\":\"Comment\",\"target\":[\"https:\\\/\\\/tiranalajm.com\\\/index.php\\\/2024\\\/08\\\/15\\\/tentoi-te-vriste-me-arme-39-vjecarin-kapet-pas-4-muajsh-35-vjecari\\\/#respond\"]}]},{\"@type\":\"WebPage\",\"@id\":\"https:\\\/\\\/tiranalajm.com\\\/index.php\\\/2024\\\/08\\\/15\\\/tentoi-te-vriste-me-arme-39-vjecarin-kapet-pas-4-muajsh-35-vjecari\\\/\",\"url\":\"https:\\\/\\\/tiranalajm.com\\\/index.php\\\/2024\\\/08\\\/15\\\/tentoi-te-vriste-me-arme-39-vjecarin-kapet-pas-4-muajsh-35-vjecari\\\/\",\"name\":\"Tentoi t\u00eb vriste me arm\u00eb 39-vje\u00e7arin, kapet pas 4 muajsh 35-vje\u00e7ari\u00a0 - Tirana Lajm\",\"isPartOf\":{\"@id\":\"https:\\\/\\\/tiranalajm.com\\\/#website\"},\"primaryImageOfPage\":{\"@id\":\"https:\\\/\\\/tiranalajm.com\\\/index.php\\\/2024\\\/08\\\/15\\\/tentoi-te-vriste-me-arme-39-vjecarin-kapet-pas-4-muajsh-35-vjecari\\\/#primaryimage\"},\"image\":{\"@id\":\"https:\\\/\\\/tiranalajm.com\\\/index.php\\\/2024\\\/08\\\/15\\\/tentoi-te-vriste-me-arme-39-vjecarin-kapet-pas-4-muajsh-35-vjecari\\\/#primaryimage\"},\"thumbnailUrl\":\"https:\\\/\\\/tiranalajm.com\\\/wp-content\\\/uploads\\\/2024\\\/08\\\/640-0-xshkoder-628-1723717251.jpg\",\"datePublished\":\"2024-08-15T12:40:49+00:00\",\"breadcrumb\":{\"@id\":\"https:\\\/\\\/tiranalajm.com\\\/index.php\\\/2024\\\/08\\\/15\\\/tentoi-te-vriste-me-arme-39-vjecarin-kapet-pas-4-muajsh-35-vjecari\\\/#breadcrumb\"},\"inLanguage\":\"en-US\",\"potentialAction\":[{\"@type\":\"ReadAction\",\"target\":[\"https:\\\/\\\/tiranalajm.com\\\/index.php\\\/2024\\\/08\\\/15\\\/tentoi-te-vriste-me-arme-39-vjecarin-kapet-pas-4-muajsh-35-vjecari\\\/\"]}]},{\"@type\":\"ImageObject\",\"inLanguage\":\"en-US\",\"@id\":\"https:\\\/\\\/tiranalajm.com\\\/index.php\\\/2024\\\/08\\\/15\\\/tentoi-te-vriste-me-arme-39-vjecarin-kapet-pas-4-muajsh-35-vjecari\\\/#primaryimage\",\"url\":\"https:\\\/\\\/tiranalajm.com\\\/wp-content\\\/uploads\\\/2024\\\/08\\\/640-0-xshkoder-628-1723717251.jpg\",\"contentUrl\":\"https:\\\/\\\/tiranalajm.com\\\/wp-content\\\/uploads\\\/2024\\\/08\\\/640-0-xshkoder-628-1723717251.jpg\",\"width\":640,\"height\":339},{\"@type\":\"BreadcrumbList\",\"@id\":\"https:\\\/\\\/tiranalajm.com\\\/index.php\\\/2024\\\/08\\\/15\\\/tentoi-te-vriste-me-arme-39-vjecarin-kapet-pas-4-muajsh-35-vjecari\\\/#breadcrumb\",\"itemListElement\":[{\"@type\":\"ListItem\",\"position\":1,\"name\":\"Home\",\"item\":\"https:\\\/\\\/tiranalajm.com\\\/\"},{\"@type\":\"ListItem\",\"position\":2,\"name\":\"Tentoi t\u00eb vriste me arm\u00eb 39-vje\u00e7arin, kapet pas 4 muajsh 35-vje\u00e7ari\u00a0\"}]},{\"@type\":\"WebSite\",\"@id\":\"https:\\\/\\\/tiranalajm.com\\\/#website\",\"url\":\"https:\\\/\\\/tiranalajm.com\\\/\",\"name\":\"Tirana Lajm\",\"description\":\"Tirana Lajm\",\"publisher\":{\"@id\":\"https:\\\/\\\/tiranalajm.com\\\/#organization\"},\"potentialAction\":[{\"@type\":\"SearchAction\",\"target\":{\"@type\":\"EntryPoint\",\"urlTemplate\":\"https:\\\/\\\/tiranalajm.com\\\/?s={search_term_string}\"},\"query-input\":{\"@type\":\"PropertyValueSpecification\",\"valueRequired\":true,\"valueName\":\"search_term_string\"}}],\"inLanguage\":\"en-US\"},{\"@type\":\"Organization\",\"@id\":\"https:\\\/\\\/tiranalajm.com\\\/#organization\",\"name\":\"Tirana Lajm\",\"url\":\"https:\\\/\\\/tiranalajm.com\\\/\",\"logo\":{\"@type\":\"ImageObject\",\"inLanguage\":\"en-US\",\"@id\":\"https:\\\/\\\/tiranalajm.com\\\/#\\\/schema\\\/logo\\\/image\\\/\",\"url\":\"https:\\\/\\\/tiranalajm.com\\\/wp-content\\\/uploads\\\/2023\\\/08\\\/logo-tirana-lajm.jpg\",\"contentUrl\":\"https:\\\/\\\/tiranalajm.com\\\/wp-content\\\/uploads\\\/2023\\\/08\\\/logo-tirana-lajm.jpg\",\"width\":600,\"height\":360,\"caption\":\"Tirana Lajm\"},\"image\":{\"@id\":\"https:\\\/\\\/tiranalajm.com\\\/#\\\/schema\\\/logo\\\/image\\\/\"}},{\"@type\":\"Person\",\"@id\":\"https:\\\/\\\/tiranalajm.com\\\/#\\\/schema\\\/person\\\/d62adf3f0d0ba38eb923c3c1f5152717\",\"name\":\"tiranalajm.com\",\"image\":{\"@type\":\"ImageObject\",\"inLanguage\":\"en-US\",\"@id\":\"https:\\\/\\\/secure.gravatar.com\\\/avatar\\\/70082bb8d030bb6b79327cd6e282b497e1b999934e601ba07a020bca96c4dbee?s=96&d=mm&r=g\",\"url\":\"https:\\\/\\\/secure.gravatar.com\\\/avatar\\\/70082bb8d030bb6b79327cd6e282b497e1b999934e601ba07a020bca96c4dbee?s=96&d=mm&r=g\",\"contentUrl\":\"https:\\\/\\\/secure.gravatar.com\\\/avatar\\\/70082bb8d030bb6b79327cd6e282b497e1b999934e601ba07a020bca96c4dbee?s=96&d=mm&r=g\",\"caption\":\"tiranalajm.com\"},\"sameAs\":[\"http:\\\/\\\/tiranalajm.com\"],\"url\":\"https:\\\/\\\/tiranalajm.com\\\/index.php\\\/author\\\/tiranalajm-com\\\/\"}]}<\/script>\n<!-- \/ Yoast SEO plugin. -->","yoast_head_json":{"title":"Tentoi t\u00eb vriste me arm\u00eb 39-vje\u00e7arin, kapet pas 4 muajsh 35-vje\u00e7ari\u00a0 - Tirana Lajm","robots":{"index":"index","follow":"follow","max-snippet":"max-snippet:-1","max-image-preview":"max-image-preview:large","max-video-preview":"max-video-preview:-1"},"canonical":"https:\/\/tiranalajm.com\/index.php\/2024\/08\/15\/tentoi-te-vriste-me-arme-39-vjecarin-kapet-pas-4-muajsh-35-vjecari\/","og_locale":"en_US","og_type":"article","og_title":"Tentoi t\u00eb vriste me arm\u00eb 39-vje\u00e7arin, kapet pas 4 muajsh 35-vje\u00e7ari\u00a0 - Tirana Lajm","og_description":"Policia e Shkodr\u00ebs ka v\u00ebn\u00eb n\u00eb pranga nj\u00eb 35-vje\u00e7ar t\u00eb shpallur n\u00eb k\u00ebrkim p\u00ebr tentativ\u00eb vrasje. Ngjarja e ndodhur n\u00eb 25 prill t\u00eb k\u00ebtij viti, kur 35-vje\u00e7ari tentoi t\u00eb vras\u00eb nj\u00eb 39 vje\u00e7ar n\u00eb Vaun e Dej\u00ebs, duke q\u00eblluar me pistolet\u00eb n\u00eb drejtim t\u00eb automjetit me t\u00eb cilin l\u00ebvizte ky shtetas. Nga t\u00eb sht\u00ebnat pati [&hellip;]","og_url":"https:\/\/tiranalajm.com\/index.php\/2024\/08\/15\/tentoi-te-vriste-me-arme-39-vjecarin-kapet-pas-4-muajsh-35-vjecari\/","og_site_name":"Tirana Lajm","article_published_time":"2024-08-15T12:40:49+00:00","og_image":[{"width":640,"height":339,"url":"http:\/\/tiranalajm.com\/wp-content\/uploads\/2024\/08\/640-0-xshkoder-628-1723717251.jpg","type":"image\/jpeg"}],"author":"tiranalajm.com","twitter_card":"summary_large_image","twitter_misc":{"Written by":"tiranalajm.com","Est. reading time":"1 minute"},"schema":{"@context":"https:\/\/schema.org","@graph":[{"@type":"Article","@id":"https:\/\/tiranalajm.com\/index.php\/2024\/08\/15\/tentoi-te-vriste-me-arme-39-vjecarin-kapet-pas-4-muajsh-35-vjecari\/#article","isPartOf":{"@id":"https:\/\/tiranalajm.com\/index.php\/2024\/08\/15\/tentoi-te-vriste-me-arme-39-vjecarin-kapet-pas-4-muajsh-35-vjecari\/"},"author":{"name":"tiranalajm.com","@id":"https:\/\/tiranalajm.com\/#\/schema\/person\/d62adf3f0d0ba38eb923c3c1f5152717"},"headline":"Tentoi t\u00eb vriste me arm\u00eb 39-vje\u00e7arin, kapet pas 4 muajsh 35-vje\u00e7ari\u00a0","datePublished":"2024-08-15T12:40:49+00:00","mainEntityOfPage":{"@id":"https:\/\/tiranalajm.com\/index.php\/2024\/08\/15\/tentoi-te-vriste-me-arme-39-vjecarin-kapet-pas-4-muajsh-35-vjecari\/"},"wordCount":322,"commentCount":0,"publisher":{"@id":"https:\/\/tiranalajm.com\/#organization"},"image":{"@id":"https:\/\/tiranalajm.com\/index.php\/2024\/08\/15\/tentoi-te-vriste-me-arme-39-vjecarin-kapet-pas-4-muajsh-35-vjecari\/#primaryimage"},"thumbnailUrl":"https:\/\/tiranalajm.com\/wp-content\/uploads\/2024\/08\/640-0-xshkoder-628-1723717251.jpg","articleSection":["Rreth vendit"],"inLanguage":"en-US","potentialAction":[{"@type":"CommentAction","name":"Comment","target":["https:\/\/tiranalajm.com\/index.php\/2024\/08\/15\/tentoi-te-vriste-me-arme-39-vjecarin-kapet-pas-4-muajsh-35-vjecari\/#respond"]}]},{"@type":"WebPage","@id":"https:\/\/tiranalajm.com\/index.php\/2024\/08\/15\/tentoi-te-vriste-me-arme-39-vjecarin-kapet-pas-4-muajsh-35-vjecari\/","url":"https:\/\/tiranalajm.com\/index.php\/2024\/08\/15\/tentoi-te-vriste-me-arme-39-vjecarin-kapet-pas-4-muajsh-35-vjecari\/","name":"Tentoi t\u00eb vriste me arm\u00eb 39-vje\u00e7arin, kapet pas 4 muajsh 35-vje\u00e7ari\u00a0 - Tirana Lajm","isPartOf":{"@id":"https:\/\/tiranalajm.com\/#website"},"primaryImageOfPage":{"@id":"https:\/\/tiranalajm.com\/index.php\/2024\/08\/15\/tentoi-te-vriste-me-arme-39-vjecarin-kapet-pas-4-muajsh-35-vjecari\/#primaryimage"},"image":{"@id":"https:\/\/tiranalajm.com\/index.php\/2024\/08\/15\/tentoi-te-vriste-me-arme-39-vjecarin-kapet-pas-4-muajsh-35-vjecari\/#primaryimage"},"thumbnailUrl":"https:\/\/tiranalajm.com\/wp-content\/uploads\/2024\/08\/640-0-xshkoder-628-1723717251.jpg","datePublished":"2024-08-15T12:40:49+00:00","breadcrumb":{"@id":"https:\/\/tiranalajm.com\/index.php\/2024\/08\/15\/tentoi-te-vriste-me-arme-39-vjecarin-kapet-pas-4-muajsh-35-vjecari\/#breadcrumb"},"inLanguage":"en-US","potentialAction":[{"@type":"ReadAction","target":["https:\/\/tiranalajm.com\/index.php\/2024\/08\/15\/tentoi-te-vriste-me-arme-39-vjecarin-kapet-pas-4-muajsh-35-vjecari\/"]}]},{"@type":"ImageObject","inLanguage":"en-US","@id":"https:\/\/tiranalajm.com\/index.php\/2024\/08\/15\/tentoi-te-vriste-me-arme-39-vjecarin-kapet-pas-4-muajsh-35-vjecari\/#primaryimage","url":"https:\/\/tiranalajm.com\/wp-content\/uploads\/2024\/08\/640-0-xshkoder-628-1723717251.jpg","contentUrl":"https:\/\/tiranalajm.com\/wp-content\/uploads\/2024\/08\/640-0-xshkoder-628-1723717251.jpg","width":640,"height":339},{"@type":"BreadcrumbList","@id":"https:\/\/tiranalajm.com\/index.php\/2024\/08\/15\/tentoi-te-vriste-me-arme-39-vjecarin-kapet-pas-4-muajsh-35-vjecari\/#breadcrumb","itemListElement":[{"@type":"ListItem","position":1,"name":"Home","item":"https:\/\/tiranalajm.com\/"},{"@type":"ListItem","position":2,"name":"Tentoi t\u00eb vriste me arm\u00eb 39-vje\u00e7arin, kapet pas 4 muajsh 35-vje\u00e7ari\u00a0"}]},{"@type":"WebSite","@id":"https:\/\/tiranalajm.com\/#website","url":"https:\/\/tiranalajm.com\/","name":"Tirana Lajm","description":"Tirana Lajm","publisher":{"@id":"https:\/\/tiranalajm.com\/#organization"},"potentialAction":[{"@type":"SearchAction","target":{"@type":"EntryPoint","urlTemplate":"https:\/\/tiranalajm.com\/?s={search_term_string}"},"query-input":{"@type":"PropertyValueSpecification","valueRequired":true,"valueName":"search_term_string"}}],"inLanguage":"en-US"},{"@type":"Organization","@id":"https:\/\/tiranalajm.com\/#organization","name":"Tirana Lajm","url":"https:\/\/tiranalajm.com\/","logo":{"@type":"ImageObject","inLanguage":"en-US","@id":"https:\/\/tiranalajm.com\/#\/schema\/logo\/image\/","url":"https:\/\/tiranalajm.com\/wp-content\/uploads\/2023\/08\/logo-tirana-lajm.jpg","contentUrl":"https:\/\/tiranalajm.com\/wp-content\/uploads\/2023\/08\/logo-tirana-lajm.jpg","width":600,"height":360,"caption":"Tirana Lajm"},"image":{"@id":"https:\/\/tiranalajm.com\/#\/schema\/logo\/image\/"}},{"@type":"Person","@id":"https:\/\/tiranalajm.com\/#\/schema\/person\/d62adf3f0d0ba38eb923c3c1f5152717","name":"tiranalajm.com","image":{"@type":"ImageObject","inLanguage":"en-US","@id":"https:\/\/secure.gravatar.com\/avatar\/70082bb8d030bb6b79327cd6e282b497e1b999934e601ba07a020bca96c4dbee?s=96&d=mm&r=g","url":"https:\/\/secure.gravatar.com\/avatar\/70082bb8d030bb6b79327cd6e282b497e1b999934e601ba07a020bca96c4dbee?s=96&d=mm&r=g","contentUrl":"https:\/\/secure.gravatar.com\/avatar\/70082bb8d030bb6b79327cd6e282b497e1b999934e601ba07a020bca96c4dbee?s=96&d=mm&r=g","caption":"tiranalajm.com"},"sameAs":["http:\/\/tiranalajm.com"],"url":"https:\/\/tiranalajm.com\/index.php\/author\/tiranalajm-com\/"}]}},"_links":{"self":[{"href":"https:\/\/tiranalajm.com\/index.php\/wp-json\/wp\/v2\/posts\/151","targetHints":{"allow":["GET"]}}],"collection":[{"href":"https:\/\/tiranalajm.com\/index.php\/wp-json\/wp\/v2\/posts"}],"about":[{"href":"https:\/\/tiranalajm.com\/index.php\/wp-json\/wp\/v2\/types\/post"}],"author":[{"embeddable":true,"href":"https:\/\/tiranalajm.com\/index.php\/wp-json\/wp\/v2\/users\/1"}],"replies":[{"embeddable":true,"href":"https:\/\/tiranalajm.com\/index.php\/wp-json\/wp\/v2\/comments?post=151"}],"version-history":[{"count":1,"href":"https:\/\/tiranalajm.com\/index.php\/wp-json\/wp\/v2\/posts\/151\/revisions"}],"predecessor-version":[{"id":153,"href":"https:\/\/tiranalajm.com\/index.php\/wp-json\/wp\/v2\/posts\/151\/revisions\/153"}],"wp:featuredmedia":[{"embeddable":true,"href":"https:\/\/tiranalajm.com\/index.php\/wp-json\/wp\/v2\/media\/152"}],"wp:attachment":[{"href":"https:\/\/tiranalajm.com\/index.php\/wp-json\/wp\/v2\/media?parent=151"}],"wp:term":[{"taxonomy":"category","embeddable":true,"href":"https:\/\/tiranalajm.com\/index.php\/wp-json\/wp\/v2\/categories?post=151"},{"taxonomy":"post_tag","embeddable":true,"href":"https:\/\/tiranalajm.com\/index.php\/wp-json\/wp\/v2\/tags?post=151"}],"curies":[{"name":"wp","href":"https:\/\/api.w.org\/{rel}","templated":true}]}}