{"id":164,"date":"2024-08-29T19:26:00","date_gmt":"2024-08-29T18:26:00","guid":{"rendered":"https:\/\/tiranalajm.com\/?p=164"},"modified":"2024-08-29T21:30:55","modified_gmt":"2024-08-29T20:30:55","slug":"prokuroria-nis-hetimet-roli-i-kreut-te-dogana-durres-denis-shabani-ne-trafikimin-e-mbetjeve-toksike-dhe-kush-e-mbeshtet-bashkeshorten-e-tij-mimoza-kaci-ne-krye-te-amf","status":"publish","type":"post","link":"https:\/\/tiranalajm.com\/index.php\/2024\/08\/29\/prokuroria-nis-hetimet-roli-i-kreut-te-dogana-durres-denis-shabani-ne-trafikimin-e-mbetjeve-toksike-dhe-kush-e-mbeshtet-bashkeshorten-e-tij-mimoza-kaci-ne-krye-te-amf\/","title":{"rendered":"Prokuroria nis hetimet, roli i kreut t\u00eb Dogana Durr\u00ebs Denis Shabani n\u00eb trafikimin e mbetjeve toksike dhe kush e mb\u00ebshtet bashk\u00ebshorten e tij Mimoza Ka\u00e7i n\u00eb krye t\u00eb AMF?"},"content":{"rendered":"\n<p>Prokuroria e Durr\u00ebsit nisi hetimet p\u00ebr l\u00ebnd\u00ebt e dyshuara toksike t\u00eb eksportuara nga Shqip\u00ebria n\u00eb drejtim t\u00eb Tajland\u00ebs, si\u00e7 tha n\u00eb komunikat\u00ebn e par\u00eb t\u00eb saj, pas referimit nga doganat, nd\u00ebrsa ka dyshime t\u00eb forta mbi rolin e kreut t\u00eb Dogana Durr\u00ebs Denis Shabani n\u00eb trafikimin e mbetjeve. <\/p>\n\n\n\n<p>Por, nxitimi i dogan\u00ebs p\u00ebr t\u00eb referuar te organi i akuz\u00ebs k\u00ebt\u00eb skandal, m\u00eb shum\u00eb se p\u00ebrpjekje p\u00ebr t\u00eb gjetur p\u00ebrgjegj\u00ebsit e v\u00ebrtet\u00eb t\u00eb skandalit, \u00ebsht\u00eb p\u00ebrpjekje p\u00ebr t\u00eb hequr nga vetja p\u00ebrgjegj\u00ebsit\u00eb e dogan\u00ebs s\u00eb Durr\u00ebsit dhe p\u00ebr m\u00eb tep\u00ebr t\u00eb kreut t\u00eb k\u00ebsaj dogane, Denis Shabani.<\/p>\n\n\n\n<p>Korrupsioni dhe lidhjet nepotike n\u00eb k\u00ebt\u00eb institucion po k\u00ebrc\u00ebnojn\u00eb sot ta fusin Shqip\u00ebrin\u00eb n\u00eb hart\u00ebn e zez\u00eb t\u00eb vendeve t\u00eb trafikut t\u00eb l\u00ebnd\u00ebve toksike, teksa dosja \u00ebsht\u00eb shum\u00eb e madhe p\u00ebr kapacitetet e Prokuroris\u00eb s\u00eb Durr\u00ebsit.<\/p>\n\n\n\n<p>Prokuroria, n\u00eb radh\u00eb t\u00eb par\u00eb duhet t\u00eb zbuloj\u00eb p\u00ebrgjegj\u00ebsit\u00eb e dogan\u00ebs. A u kontrollua ngarkesa? A u kryen verifikimet e p\u00ebrmbajtjes s\u00eb kontejner\u00ebve me dokumentacionin shoq\u00ebrues? Si u kaluan mbi 800 ton\u00eb mbetje toksike me letra t\u00eb falsifikuara, duke i deklaruar si oksid hekuri dhe cili ka qen\u00eb roli i doganave?<\/p>\n\n\n\n<p>N\u00ebse hetimi u jep p\u00ebrgjigje k\u00ebtyre pyetjeve, at\u00ebher\u00eb do t\u00eb kuptohet edhe se \u00e7far\u00eb roli ka kreu i dogan\u00ebs s\u00eb Durr\u00ebsit, Denis Shabani n\u00eb trafikimin e k\u00ebtyre mbetjeve toksike.<\/p>\n\n\n\n<p>Do t\u00eb kuptohen edhe lidhjet nepotike t\u00eb tij n\u00eb institucionet e tjera, duke nisur nga bashk\u00ebshortja Mimoza Ka\u00e7i n\u00eb krye t\u00eb Autoritetit t\u00eb Mbik\u00ebqyrjes Financiare, si sponsorizim i ish-ministrit Ervin Mete, por edhe i ish-zv.kryeministrit, A<a href=\"https:\/\/tiranalajm.com\">rb<\/a>en Ahmetaj.<\/p>\n\n\n\n<p>Ky i fundit ka mb\u00ebshtetur emrin e saj n\u00eb krye t\u00eb k\u00ebtij institucioni p\u00ebr shkak t\u00eb interesave t\u00eb lidhura fort me Denis Shabanin.<\/p>\n\n\n\n<p><img decoding=\"async\" src=\"https:\/\/cdnimpuls.com\/voxnews.al\/media3\/-640-0-aeb20ad7-d4b1-4e27-a2a5-47dd3369c923-1724943546.jpeg\" width=\"100%\" alt=\"\u00c7far\u00eb roli ka kreu i Dogan\u00ebs s\u00eb Durr\u00ebsit, Denis\"><\/p>\n\n\n\n<p><strong>Kreu i Dogana Durr\u00ebs , Denis Shabani dhe bashk\u00ebshortja e tij, Mimoza Ka\u00e7i, drejtoresh\u00eb e Autoritetit t\u00eb Mbik\u00ebqyrjes Financiare<\/strong><\/p>\n\n\n\n<p>N\u00ebse hetohen k\u00ebto lidhje nga ana e Prokuroris\u00eb do t\u00eb marrin p\u00ebrgjigje pyetjet se pse doganat kan\u00eb ngritur traun n\u00eb k\u00ebt\u00eb rast, apo edhe her\u00eb t\u00eb tjera sipas logjik\u00ebs s\u00eb vet\u00ebdeklarimit t\u00eb materialeve n\u00eb kontejner\u00eb.<\/p>\n\n\n\n<p>Nga hetimi prokuroria mund t\u00eb zbuloj\u00eb gjithashtu se pas k\u00ebtij trafiku mund t\u00eb q\u00ebndroj\u00eb nj\u00eb grup i fuqish\u00ebm q\u00eb vepron te doganat p\u00ebr interesa korruptive e personale dhe lidhjet e k\u00ebtij grupi me kreun e p\u00ebrgjithsh\u00ebm t\u00eb doganave, Gent Gazheli, p\u00ebrmes Klodian \u00c7anit, njohur edhe me nofk\u00ebn si \u2018urithi i doganave\u2019 prej b\u00ebmave n\u00eb k\u00ebt\u00eb institucion.<\/p>\n\n\n\n<p>T\u00eb gjitha indiciet t\u00eb \u00e7ojn\u00eb n\u00eb p\u00ebrfundimin logjik se pas kalimit t\u00eb ngarkes\u00ebs q\u00ebndron nj\u00eb grup i strukturuar kriminal te doganat, p\u00ebr t\u00eb cilin vet\u00ebm ky artikull nuk mjafton.<\/p>\n\n\n\n<p>Grupi, nga nj\u00ebra an\u00eb dyshohet se merr p\u00ebrsip\u00ebr falsifikimin e dokumentacionit p\u00ebr mbi 800 ton\u00eb mbetje toksike dhe nga ana tjet\u00ebr shp\u00ebrndan p\u00ebr mediat njoftime p\u00ebr arrestime qytetar\u00ebsh p\u00ebr mosdeklarim t\u00eb 11 mij\u00eb, apo 20 mij\u00eb eurove.<\/p>\n\n\n\n<p><strong>Hetimet<\/strong><\/p>\n\n\n\n<p>Provat dhe faktet e mbledhura nga prokuroria e Durr\u00ebsit deri m\u00eb tani tregojn\u00eb se mbetjet jan\u00eb prodhuar nga kompania Kurum, nd\u00ebrsa kalimi i tyre n\u00eb Portin Durr\u00ebsit \u00ebsht\u00eb shnd\u00ebrruar n\u00eb nj\u00eb ping-pong p\u00ebrgjegj\u00ebsie mes institucioneve.<\/p>\n\n\n\n<p>Por, kush jan\u00eb p\u00ebrgjegj\u00ebsit kryesor\u00eb? Dyshohet se Kurum dhe kompania e pajtuar prej saj p\u00ebr transportin e mbetjeve toksike ka korruptuar zinxhirin e hetimit doganor, duke nisur nga Elbasani, Durr\u00ebsi dhe deri te drejtoria e P\u00ebrgjithshme e Doganave.<\/p>\n\n\n\n<p>Burime t\u00eb Voxnews.al tregojn\u00eb se n\u00eb lidhje me ngarkes\u00ebn e dyshimt\u00eb, kreu i Doganave, Gent Gazheli \u00ebsht\u00eb informuar n\u00eb dhjet\u00eb dit\u00ebt e fundit t\u00eb muajit korrik, para se skandali t\u00eb b\u00ebhej publik nga Bloomberg.<\/p>\n\n\n\n<p>Burimet pohojn\u00eb se nga komunikimet jozyrtare mes kreut t\u00eb p\u00ebrgjithsh\u00ebm t\u00eb dogan\u00ebs dhe shefit t\u00eb dogan\u00ebs s\u00eb Durr\u00ebsit i \u00ebsht\u00eb k\u00ebshilluar k\u00ebtij t\u00eb fundit q\u00eb t\u00eb referonte dosjen n\u00eb prokurori, para se t\u00eb mund t\u00eb b\u00ebnte t\u00eb nj\u00ebjt\u00ebn gj\u00eb Porti i Durr\u00ebsit, apo policia kufitare.<\/p>\n\n\n\n<p>Por, hetimet kan\u00eb zbardhur deri m\u00eb tani se Kompania Kurum ka p\u00ebrdorur kompanin\u00eb Sokolaj shpk p\u00ebr t\u00eb hequr nga vetja p\u00ebrgjegj\u00ebsin\u00eb, nd\u00ebrsa t\u00eb dyja kompanit\u00eb kan\u00eb paraqitur n\u00eb dogana fatura shitjesh fiktive, sikur ngarkesa ishte oksid hekuri, n\u00eb nj\u00eb koh\u00eb q\u00eb ato jan\u00eb mbetje pluhuri t\u00eb furrnalt\u00ebs, q\u00eb konsiderohet toksik. &#8211;<a href=\"https:\/\/www.voxnews.al\/investigim\/fare-roli-ka-kreu-i-doganes-se-durresit-denis-shabani-ne-trafikimin-e-i73135\">Vox<\/a><\/p>\n","protected":false},"excerpt":{"rendered":"<p>Prokuroria e Durr\u00ebsit nisi hetimet p\u00ebr l\u00ebnd\u00ebt e dyshuara toksike t\u00eb eksportuara nga Shqip\u00ebria n\u00eb drejtim t\u00eb Tajland\u00ebs, si\u00e7 tha n\u00eb komunikat\u00ebn e par\u00eb t\u00eb saj, pas referimit nga doganat, nd\u00ebrsa ka dyshime t\u00eb forta mbi rolin e kreut t\u00eb Dogana Durr\u00ebs Denis Shabani n\u00eb trafikimin e mbetjeve. Por, nxitimi i dogan\u00ebs p\u00ebr t\u00eb referuar [&hellip;]<\/p>\n","protected":false},"author":1,"featured_media":165,"comment_status":"open","ping_status":"open","sticky":false,"template":"","format":"standard","meta":{"footnotes":""},"categories":[3],"tags":[28,29,30,31],"class_list":["post-164","post","type-post","status-publish","format-standard","has-post-thumbnail","hentry","category-rreth-vendit","tag-denis-shabani","tag-doganat","tag-mbetjet-toksike","tag-mimoza-kaci"],"yoast_head":"<!-- This site is optimized with the Yoast SEO plugin v27.4 - https:\/\/yoast.com\/product\/yoast-seo-wordpress\/ -->\n<title>Prokuroria nis hetimet, roli i kreut t\u00eb Dogana Durr\u00ebs Denis Shabani n\u00eb trafikimin e mbetjeve toksike dhe kush e mb\u00ebshtet bashk\u00ebshorten e tij Mimoza Ka\u00e7i n\u00eb krye t\u00eb AMF? - Tirana Lajm<\/title>\n<meta name=\"description\" content=\"Prokuroria nis hetimet, roli i kreut t\u00eb Dogana Durr\u00ebs Denis Shabani n\u00eb trafikimin e mbetjeve toksike dhe kush Mimoza Ka\u00e7i n\u00eb krye t\u00eb AMF?\" \/>\n<meta name=\"robots\" content=\"index, follow, max-snippet:-1, max-image-preview:large, max-video-preview:-1\" \/>\n<link rel=\"canonical\" href=\"https:\/\/tiranalajm.com\/index.php\/2024\/08\/29\/prokuroria-nis-hetimet-roli-i-kreut-te-dogana-durres-denis-shabani-ne-trafikimin-e-mbetjeve-toksike-dhe-kush-e-mbeshtet-bashkeshorten-e-tij-mimoza-kaci-ne-krye-te-amf\/\" \/>\n<meta property=\"og:locale\" content=\"en_US\" \/>\n<meta property=\"og:type\" content=\"article\" \/>\n<meta property=\"og:title\" content=\"Prokuroria nis hetimet, roli i kreut t\u00eb Dogana Durr\u00ebs Denis Shabani n\u00eb trafikimin e mbetjeve toksike dhe kush e mb\u00ebshtet bashk\u00ebshorten e tij Mimoza Ka\u00e7i n\u00eb krye t\u00eb AMF? - Tirana Lajm\" \/>\n<meta property=\"og:description\" content=\"Prokuroria nis hetimet, roli i kreut t\u00eb Dogana Durr\u00ebs Denis Shabani n\u00eb trafikimin e mbetjeve toksike dhe kush Mimoza Ka\u00e7i n\u00eb krye t\u00eb AMF?\" \/>\n<meta property=\"og:url\" content=\"https:\/\/tiranalajm.com\/index.php\/2024\/08\/29\/prokuroria-nis-hetimet-roli-i-kreut-te-dogana-durres-denis-shabani-ne-trafikimin-e-mbetjeve-toksike-dhe-kush-e-mbeshtet-bashkeshorten-e-tij-mimoza-kaci-ne-krye-te-amf\/\" \/>\n<meta property=\"og:site_name\" content=\"Tirana Lajm\" \/>\n<meta property=\"article:published_time\" content=\"2024-08-29T18:26:00+00:00\" \/>\n<meta property=\"article:modified_time\" content=\"2024-08-29T20:30:55+00:00\" \/>\n<meta property=\"og:image\" content=\"http:\/\/tiranalajm.com\/wp-content\/uploads\/2024\/08\/640-0-fotojet-22-1724930058.jpg\" \/>\n\t<meta property=\"og:image:width\" content=\"640\" \/>\n\t<meta property=\"og:image:height\" content=\"387\" \/>\n\t<meta property=\"og:image:type\" content=\"image\/jpeg\" \/>\n<meta name=\"author\" content=\"tiranalajm.com\" \/>\n<meta name=\"twitter:card\" content=\"summary_large_image\" \/>\n<meta name=\"twitter:label1\" content=\"Written by\" \/>\n\t<meta name=\"twitter:data1\" content=\"tiranalajm.com\" \/>\n\t<meta name=\"twitter:label2\" content=\"Est. reading time\" \/>\n\t<meta name=\"twitter:data2\" content=\"4 minutes\" \/>\n<script type=\"application\/ld+json\" class=\"yoast-schema-graph\">{\"@context\":\"https:\\\/\\\/schema.org\",\"@graph\":[{\"@type\":\"Article\",\"@id\":\"https:\\\/\\\/tiranalajm.com\\\/index.php\\\/2024\\\/08\\\/29\\\/prokuroria-nis-hetimet-roli-i-kreut-te-dogana-durres-denis-shabani-ne-trafikimin-e-mbetjeve-toksike-dhe-kush-e-mbeshtet-bashkeshorten-e-tij-mimoza-kaci-ne-krye-te-amf\\\/#article\",\"isPartOf\":{\"@id\":\"https:\\\/\\\/tiranalajm.com\\\/index.php\\\/2024\\\/08\\\/29\\\/prokuroria-nis-hetimet-roli-i-kreut-te-dogana-durres-denis-shabani-ne-trafikimin-e-mbetjeve-toksike-dhe-kush-e-mbeshtet-bashkeshorten-e-tij-mimoza-kaci-ne-krye-te-amf\\\/\"},\"author\":{\"name\":\"tiranalajm.com\",\"@id\":\"https:\\\/\\\/tiranalajm.com\\\/#\\\/schema\\\/person\\\/d62adf3f0d0ba38eb923c3c1f5152717\"},\"headline\":\"Prokuroria nis hetimet, roli i kreut t\u00eb Dogana Durr\u00ebs Denis Shabani n\u00eb trafikimin e mbetjeve toksike dhe kush e mb\u00ebshtet bashk\u00ebshorten e tij Mimoza Ka\u00e7i n\u00eb krye t\u00eb AMF?\",\"datePublished\":\"2024-08-29T18:26:00+00:00\",\"dateModified\":\"2024-08-29T20:30:55+00:00\",\"mainEntityOfPage\":{\"@id\":\"https:\\\/\\\/tiranalajm.com\\\/index.php\\\/2024\\\/08\\\/29\\\/prokuroria-nis-hetimet-roli-i-kreut-te-dogana-durres-denis-shabani-ne-trafikimin-e-mbetjeve-toksike-dhe-kush-e-mbeshtet-bashkeshorten-e-tij-mimoza-kaci-ne-krye-te-amf\\\/\"},\"wordCount\":804,\"commentCount\":0,\"publisher\":{\"@id\":\"https:\\\/\\\/tiranalajm.com\\\/#organization\"},\"image\":{\"@id\":\"https:\\\/\\\/tiranalajm.com\\\/index.php\\\/2024\\\/08\\\/29\\\/prokuroria-nis-hetimet-roli-i-kreut-te-dogana-durres-denis-shabani-ne-trafikimin-e-mbetjeve-toksike-dhe-kush-e-mbeshtet-bashkeshorten-e-tij-mimoza-kaci-ne-krye-te-amf\\\/#primaryimage\"},\"thumbnailUrl\":\"https:\\\/\\\/tiranalajm.com\\\/wp-content\\\/uploads\\\/2024\\\/08\\\/640-0-fotojet-22-1724930058.jpg\",\"keywords\":[\"denis shabani\",\"doganat\",\"mbetjet toksike\",\"mimoza kaci\"],\"articleSection\":[\"Rreth vendit\"],\"inLanguage\":\"en-US\",\"potentialAction\":[{\"@type\":\"CommentAction\",\"name\":\"Comment\",\"target\":[\"https:\\\/\\\/tiranalajm.com\\\/index.php\\\/2024\\\/08\\\/29\\\/prokuroria-nis-hetimet-roli-i-kreut-te-dogana-durres-denis-shabani-ne-trafikimin-e-mbetjeve-toksike-dhe-kush-e-mbeshtet-bashkeshorten-e-tij-mimoza-kaci-ne-krye-te-amf\\\/#respond\"]}]},{\"@type\":\"WebPage\",\"@id\":\"https:\\\/\\\/tiranalajm.com\\\/index.php\\\/2024\\\/08\\\/29\\\/prokuroria-nis-hetimet-roli-i-kreut-te-dogana-durres-denis-shabani-ne-trafikimin-e-mbetjeve-toksike-dhe-kush-e-mbeshtet-bashkeshorten-e-tij-mimoza-kaci-ne-krye-te-amf\\\/\",\"url\":\"https:\\\/\\\/tiranalajm.com\\\/index.php\\\/2024\\\/08\\\/29\\\/prokuroria-nis-hetimet-roli-i-kreut-te-dogana-durres-denis-shabani-ne-trafikimin-e-mbetjeve-toksike-dhe-kush-e-mbeshtet-bashkeshorten-e-tij-mimoza-kaci-ne-krye-te-amf\\\/\",\"name\":\"Prokuroria nis hetimet, roli i kreut t\u00eb Dogana Durr\u00ebs Denis Shabani n\u00eb trafikimin e mbetjeve toksike dhe kush e mb\u00ebshtet bashk\u00ebshorten e tij Mimoza Ka\u00e7i n\u00eb krye t\u00eb AMF? - Tirana Lajm\",\"isPartOf\":{\"@id\":\"https:\\\/\\\/tiranalajm.com\\\/#website\"},\"primaryImageOfPage\":{\"@id\":\"https:\\\/\\\/tiranalajm.com\\\/index.php\\\/2024\\\/08\\\/29\\\/prokuroria-nis-hetimet-roli-i-kreut-te-dogana-durres-denis-shabani-ne-trafikimin-e-mbetjeve-toksike-dhe-kush-e-mbeshtet-bashkeshorten-e-tij-mimoza-kaci-ne-krye-te-amf\\\/#primaryimage\"},\"image\":{\"@id\":\"https:\\\/\\\/tiranalajm.com\\\/index.php\\\/2024\\\/08\\\/29\\\/prokuroria-nis-hetimet-roli-i-kreut-te-dogana-durres-denis-shabani-ne-trafikimin-e-mbetjeve-toksike-dhe-kush-e-mbeshtet-bashkeshorten-e-tij-mimoza-kaci-ne-krye-te-amf\\\/#primaryimage\"},\"thumbnailUrl\":\"https:\\\/\\\/tiranalajm.com\\\/wp-content\\\/uploads\\\/2024\\\/08\\\/640-0-fotojet-22-1724930058.jpg\",\"datePublished\":\"2024-08-29T18:26:00+00:00\",\"dateModified\":\"2024-08-29T20:30:55+00:00\",\"description\":\"Prokuroria nis hetimet, roli i kreut t\u00eb Dogana Durr\u00ebs Denis Shabani n\u00eb trafikimin e mbetjeve toksike dhe kush Mimoza Ka\u00e7i n\u00eb krye t\u00eb AMF?\",\"breadcrumb\":{\"@id\":\"https:\\\/\\\/tiranalajm.com\\\/index.php\\\/2024\\\/08\\\/29\\\/prokuroria-nis-hetimet-roli-i-kreut-te-dogana-durres-denis-shabani-ne-trafikimin-e-mbetjeve-toksike-dhe-kush-e-mbeshtet-bashkeshorten-e-tij-mimoza-kaci-ne-krye-te-amf\\\/#breadcrumb\"},\"inLanguage\":\"en-US\",\"potentialAction\":[{\"@type\":\"ReadAction\",\"target\":[\"https:\\\/\\\/tiranalajm.com\\\/index.php\\\/2024\\\/08\\\/29\\\/prokuroria-nis-hetimet-roli-i-kreut-te-dogana-durres-denis-shabani-ne-trafikimin-e-mbetjeve-toksike-dhe-kush-e-mbeshtet-bashkeshorten-e-tij-mimoza-kaci-ne-krye-te-amf\\\/\"]}]},{\"@type\":\"ImageObject\",\"inLanguage\":\"en-US\",\"@id\":\"https:\\\/\\\/tiranalajm.com\\\/index.php\\\/2024\\\/08\\\/29\\\/prokuroria-nis-hetimet-roli-i-kreut-te-dogana-durres-denis-shabani-ne-trafikimin-e-mbetjeve-toksike-dhe-kush-e-mbeshtet-bashkeshorten-e-tij-mimoza-kaci-ne-krye-te-amf\\\/#primaryimage\",\"url\":\"https:\\\/\\\/tiranalajm.com\\\/wp-content\\\/uploads\\\/2024\\\/08\\\/640-0-fotojet-22-1724930058.jpg\",\"contentUrl\":\"https:\\\/\\\/tiranalajm.com\\\/wp-content\\\/uploads\\\/2024\\\/08\\\/640-0-fotojet-22-1724930058.jpg\",\"width\":640,\"height\":387},{\"@type\":\"BreadcrumbList\",\"@id\":\"https:\\\/\\\/tiranalajm.com\\\/index.php\\\/2024\\\/08\\\/29\\\/prokuroria-nis-hetimet-roli-i-kreut-te-dogana-durres-denis-shabani-ne-trafikimin-e-mbetjeve-toksike-dhe-kush-e-mbeshtet-bashkeshorten-e-tij-mimoza-kaci-ne-krye-te-amf\\\/#breadcrumb\",\"itemListElement\":[{\"@type\":\"ListItem\",\"position\":1,\"name\":\"Home\",\"item\":\"https:\\\/\\\/tiranalajm.com\\\/\"},{\"@type\":\"ListItem\",\"position\":2,\"name\":\"Prokuroria nis hetimet, roli i kreut t\u00eb Dogana Durr\u00ebs Denis Shabani n\u00eb trafikimin e mbetjeve toksike dhe kush e mb\u00ebshtet bashk\u00ebshorten e tij Mimoza Ka\u00e7i n\u00eb krye t\u00eb AMF?\"}]},{\"@type\":\"WebSite\",\"@id\":\"https:\\\/\\\/tiranalajm.com\\\/#website\",\"url\":\"https:\\\/\\\/tiranalajm.com\\\/\",\"name\":\"Tirana Lajm\",\"description\":\"Tirana Lajm\",\"publisher\":{\"@id\":\"https:\\\/\\\/tiranalajm.com\\\/#organization\"},\"potentialAction\":[{\"@type\":\"SearchAction\",\"target\":{\"@type\":\"EntryPoint\",\"urlTemplate\":\"https:\\\/\\\/tiranalajm.com\\\/?s={search_term_string}\"},\"query-input\":{\"@type\":\"PropertyValueSpecification\",\"valueRequired\":true,\"valueName\":\"search_term_string\"}}],\"inLanguage\":\"en-US\"},{\"@type\":\"Organization\",\"@id\":\"https:\\\/\\\/tiranalajm.com\\\/#organization\",\"name\":\"Tirana Lajm\",\"url\":\"https:\\\/\\\/tiranalajm.com\\\/\",\"logo\":{\"@type\":\"ImageObject\",\"inLanguage\":\"en-US\",\"@id\":\"https:\\\/\\\/tiranalajm.com\\\/#\\\/schema\\\/logo\\\/image\\\/\",\"url\":\"https:\\\/\\\/tiranalajm.com\\\/wp-content\\\/uploads\\\/2023\\\/08\\\/logo-tirana-lajm.jpg\",\"contentUrl\":\"https:\\\/\\\/tiranalajm.com\\\/wp-content\\\/uploads\\\/2023\\\/08\\\/logo-tirana-lajm.jpg\",\"width\":600,\"height\":360,\"caption\":\"Tirana Lajm\"},\"image\":{\"@id\":\"https:\\\/\\\/tiranalajm.com\\\/#\\\/schema\\\/logo\\\/image\\\/\"}},{\"@type\":\"Person\",\"@id\":\"https:\\\/\\\/tiranalajm.com\\\/#\\\/schema\\\/person\\\/d62adf3f0d0ba38eb923c3c1f5152717\",\"name\":\"tiranalajm.com\",\"image\":{\"@type\":\"ImageObject\",\"inLanguage\":\"en-US\",\"@id\":\"https:\\\/\\\/secure.gravatar.com\\\/avatar\\\/70082bb8d030bb6b79327cd6e282b497e1b999934e601ba07a020bca96c4dbee?s=96&d=mm&r=g\",\"url\":\"https:\\\/\\\/secure.gravatar.com\\\/avatar\\\/70082bb8d030bb6b79327cd6e282b497e1b999934e601ba07a020bca96c4dbee?s=96&d=mm&r=g\",\"contentUrl\":\"https:\\\/\\\/secure.gravatar.com\\\/avatar\\\/70082bb8d030bb6b79327cd6e282b497e1b999934e601ba07a020bca96c4dbee?s=96&d=mm&r=g\",\"caption\":\"tiranalajm.com\"},\"sameAs\":[\"http:\\\/\\\/tiranalajm.com\"],\"url\":\"https:\\\/\\\/tiranalajm.com\\\/index.php\\\/author\\\/tiranalajm-com\\\/\"}]}<\/script>\n<!-- \/ Yoast SEO plugin. -->","yoast_head_json":{"title":"Prokuroria nis hetimet, roli i kreut t\u00eb Dogana Durr\u00ebs Denis Shabani n\u00eb trafikimin e mbetjeve toksike dhe kush e mb\u00ebshtet bashk\u00ebshorten e tij Mimoza Ka\u00e7i n\u00eb krye t\u00eb AMF? - Tirana Lajm","description":"Prokuroria nis hetimet, roli i kreut t\u00eb Dogana Durr\u00ebs Denis Shabani n\u00eb trafikimin e mbetjeve toksike dhe kush Mimoza Ka\u00e7i n\u00eb krye t\u00eb AMF?","robots":{"index":"index","follow":"follow","max-snippet":"max-snippet:-1","max-image-preview":"max-image-preview:large","max-video-preview":"max-video-preview:-1"},"canonical":"https:\/\/tiranalajm.com\/index.php\/2024\/08\/29\/prokuroria-nis-hetimet-roli-i-kreut-te-dogana-durres-denis-shabani-ne-trafikimin-e-mbetjeve-toksike-dhe-kush-e-mbeshtet-bashkeshorten-e-tij-mimoza-kaci-ne-krye-te-amf\/","og_locale":"en_US","og_type":"article","og_title":"Prokuroria nis hetimet, roli i kreut t\u00eb Dogana Durr\u00ebs Denis Shabani n\u00eb trafikimin e mbetjeve toksike dhe kush e mb\u00ebshtet bashk\u00ebshorten e tij Mimoza Ka\u00e7i n\u00eb krye t\u00eb AMF? - Tirana Lajm","og_description":"Prokuroria nis hetimet, roli i kreut t\u00eb Dogana Durr\u00ebs Denis Shabani n\u00eb trafikimin e mbetjeve toksike dhe kush Mimoza Ka\u00e7i n\u00eb krye t\u00eb AMF?","og_url":"https:\/\/tiranalajm.com\/index.php\/2024\/08\/29\/prokuroria-nis-hetimet-roli-i-kreut-te-dogana-durres-denis-shabani-ne-trafikimin-e-mbetjeve-toksike-dhe-kush-e-mbeshtet-bashkeshorten-e-tij-mimoza-kaci-ne-krye-te-amf\/","og_site_name":"Tirana Lajm","article_published_time":"2024-08-29T18:26:00+00:00","article_modified_time":"2024-08-29T20:30:55+00:00","og_image":[{"width":640,"height":387,"url":"http:\/\/tiranalajm.com\/wp-content\/uploads\/2024\/08\/640-0-fotojet-22-1724930058.jpg","type":"image\/jpeg"}],"author":"tiranalajm.com","twitter_card":"summary_large_image","twitter_misc":{"Written by":"tiranalajm.com","Est. reading time":"4 minutes"},"schema":{"@context":"https:\/\/schema.org","@graph":[{"@type":"Article","@id":"https:\/\/tiranalajm.com\/index.php\/2024\/08\/29\/prokuroria-nis-hetimet-roli-i-kreut-te-dogana-durres-denis-shabani-ne-trafikimin-e-mbetjeve-toksike-dhe-kush-e-mbeshtet-bashkeshorten-e-tij-mimoza-kaci-ne-krye-te-amf\/#article","isPartOf":{"@id":"https:\/\/tiranalajm.com\/index.php\/2024\/08\/29\/prokuroria-nis-hetimet-roli-i-kreut-te-dogana-durres-denis-shabani-ne-trafikimin-e-mbetjeve-toksike-dhe-kush-e-mbeshtet-bashkeshorten-e-tij-mimoza-kaci-ne-krye-te-amf\/"},"author":{"name":"tiranalajm.com","@id":"https:\/\/tiranalajm.com\/#\/schema\/person\/d62adf3f0d0ba38eb923c3c1f5152717"},"headline":"Prokuroria nis hetimet, roli i kreut t\u00eb Dogana Durr\u00ebs Denis Shabani n\u00eb trafikimin e mbetjeve toksike dhe kush e mb\u00ebshtet bashk\u00ebshorten e tij Mimoza Ka\u00e7i n\u00eb krye t\u00eb AMF?","datePublished":"2024-08-29T18:26:00+00:00","dateModified":"2024-08-29T20:30:55+00:00","mainEntityOfPage":{"@id":"https:\/\/tiranalajm.com\/index.php\/2024\/08\/29\/prokuroria-nis-hetimet-roli-i-kreut-te-dogana-durres-denis-shabani-ne-trafikimin-e-mbetjeve-toksike-dhe-kush-e-mbeshtet-bashkeshorten-e-tij-mimoza-kaci-ne-krye-te-amf\/"},"wordCount":804,"commentCount":0,"publisher":{"@id":"https:\/\/tiranalajm.com\/#organization"},"image":{"@id":"https:\/\/tiranalajm.com\/index.php\/2024\/08\/29\/prokuroria-nis-hetimet-roli-i-kreut-te-dogana-durres-denis-shabani-ne-trafikimin-e-mbetjeve-toksike-dhe-kush-e-mbeshtet-bashkeshorten-e-tij-mimoza-kaci-ne-krye-te-amf\/#primaryimage"},"thumbnailUrl":"https:\/\/tiranalajm.com\/wp-content\/uploads\/2024\/08\/640-0-fotojet-22-1724930058.jpg","keywords":["denis shabani","doganat","mbetjet toksike","mimoza kaci"],"articleSection":["Rreth vendit"],"inLanguage":"en-US","potentialAction":[{"@type":"CommentAction","name":"Comment","target":["https:\/\/tiranalajm.com\/index.php\/2024\/08\/29\/prokuroria-nis-hetimet-roli-i-kreut-te-dogana-durres-denis-shabani-ne-trafikimin-e-mbetjeve-toksike-dhe-kush-e-mbeshtet-bashkeshorten-e-tij-mimoza-kaci-ne-krye-te-amf\/#respond"]}]},{"@type":"WebPage","@id":"https:\/\/tiranalajm.com\/index.php\/2024\/08\/29\/prokuroria-nis-hetimet-roli-i-kreut-te-dogana-durres-denis-shabani-ne-trafikimin-e-mbetjeve-toksike-dhe-kush-e-mbeshtet-bashkeshorten-e-tij-mimoza-kaci-ne-krye-te-amf\/","url":"https:\/\/tiranalajm.com\/index.php\/2024\/08\/29\/prokuroria-nis-hetimet-roli-i-kreut-te-dogana-durres-denis-shabani-ne-trafikimin-e-mbetjeve-toksike-dhe-kush-e-mbeshtet-bashkeshorten-e-tij-mimoza-kaci-ne-krye-te-amf\/","name":"Prokuroria nis hetimet, roli i kreut t\u00eb Dogana Durr\u00ebs Denis Shabani n\u00eb trafikimin e mbetjeve toksike dhe kush e mb\u00ebshtet bashk\u00ebshorten e tij Mimoza Ka\u00e7i n\u00eb krye t\u00eb AMF? - Tirana Lajm","isPartOf":{"@id":"https:\/\/tiranalajm.com\/#website"},"primaryImageOfPage":{"@id":"https:\/\/tiranalajm.com\/index.php\/2024\/08\/29\/prokuroria-nis-hetimet-roli-i-kreut-te-dogana-durres-denis-shabani-ne-trafikimin-e-mbetjeve-toksike-dhe-kush-e-mbeshtet-bashkeshorten-e-tij-mimoza-kaci-ne-krye-te-amf\/#primaryimage"},"image":{"@id":"https:\/\/tiranalajm.com\/index.php\/2024\/08\/29\/prokuroria-nis-hetimet-roli-i-kreut-te-dogana-durres-denis-shabani-ne-trafikimin-e-mbetjeve-toksike-dhe-kush-e-mbeshtet-bashkeshorten-e-tij-mimoza-kaci-ne-krye-te-amf\/#primaryimage"},"thumbnailUrl":"https:\/\/tiranalajm.com\/wp-content\/uploads\/2024\/08\/640-0-fotojet-22-1724930058.jpg","datePublished":"2024-08-29T18:26:00+00:00","dateModified":"2024-08-29T20:30:55+00:00","description":"Prokuroria nis hetimet, roli i kreut t\u00eb Dogana Durr\u00ebs Denis Shabani n\u00eb trafikimin e mbetjeve toksike dhe kush Mimoza Ka\u00e7i n\u00eb krye t\u00eb AMF?","breadcrumb":{"@id":"https:\/\/tiranalajm.com\/index.php\/2024\/08\/29\/prokuroria-nis-hetimet-roli-i-kreut-te-dogana-durres-denis-shabani-ne-trafikimin-e-mbetjeve-toksike-dhe-kush-e-mbeshtet-bashkeshorten-e-tij-mimoza-kaci-ne-krye-te-amf\/#breadcrumb"},"inLanguage":"en-US","potentialAction":[{"@type":"ReadAction","target":["https:\/\/tiranalajm.com\/index.php\/2024\/08\/29\/prokuroria-nis-hetimet-roli-i-kreut-te-dogana-durres-denis-shabani-ne-trafikimin-e-mbetjeve-toksike-dhe-kush-e-mbeshtet-bashkeshorten-e-tij-mimoza-kaci-ne-krye-te-amf\/"]}]},{"@type":"ImageObject","inLanguage":"en-US","@id":"https:\/\/tiranalajm.com\/index.php\/2024\/08\/29\/prokuroria-nis-hetimet-roli-i-kreut-te-dogana-durres-denis-shabani-ne-trafikimin-e-mbetjeve-toksike-dhe-kush-e-mbeshtet-bashkeshorten-e-tij-mimoza-kaci-ne-krye-te-amf\/#primaryimage","url":"https:\/\/tiranalajm.com\/wp-content\/uploads\/2024\/08\/640-0-fotojet-22-1724930058.jpg","contentUrl":"https:\/\/tiranalajm.com\/wp-content\/uploads\/2024\/08\/640-0-fotojet-22-1724930058.jpg","width":640,"height":387},{"@type":"BreadcrumbList","@id":"https:\/\/tiranalajm.com\/index.php\/2024\/08\/29\/prokuroria-nis-hetimet-roli-i-kreut-te-dogana-durres-denis-shabani-ne-trafikimin-e-mbetjeve-toksike-dhe-kush-e-mbeshtet-bashkeshorten-e-tij-mimoza-kaci-ne-krye-te-amf\/#breadcrumb","itemListElement":[{"@type":"ListItem","position":1,"name":"Home","item":"https:\/\/tiranalajm.com\/"},{"@type":"ListItem","position":2,"name":"Prokuroria nis hetimet, roli i kreut t\u00eb Dogana Durr\u00ebs Denis Shabani n\u00eb trafikimin e mbetjeve toksike dhe kush e mb\u00ebshtet bashk\u00ebshorten e tij Mimoza Ka\u00e7i n\u00eb krye t\u00eb AMF?"}]},{"@type":"WebSite","@id":"https:\/\/tiranalajm.com\/#website","url":"https:\/\/tiranalajm.com\/","name":"Tirana Lajm","description":"Tirana Lajm","publisher":{"@id":"https:\/\/tiranalajm.com\/#organization"},"potentialAction":[{"@type":"SearchAction","target":{"@type":"EntryPoint","urlTemplate":"https:\/\/tiranalajm.com\/?s={search_term_string}"},"query-input":{"@type":"PropertyValueSpecification","valueRequired":true,"valueName":"search_term_string"}}],"inLanguage":"en-US"},{"@type":"Organization","@id":"https:\/\/tiranalajm.com\/#organization","name":"Tirana Lajm","url":"https:\/\/tiranalajm.com\/","logo":{"@type":"ImageObject","inLanguage":"en-US","@id":"https:\/\/tiranalajm.com\/#\/schema\/logo\/image\/","url":"https:\/\/tiranalajm.com\/wp-content\/uploads\/2023\/08\/logo-tirana-lajm.jpg","contentUrl":"https:\/\/tiranalajm.com\/wp-content\/uploads\/2023\/08\/logo-tirana-lajm.jpg","width":600,"height":360,"caption":"Tirana Lajm"},"image":{"@id":"https:\/\/tiranalajm.com\/#\/schema\/logo\/image\/"}},{"@type":"Person","@id":"https:\/\/tiranalajm.com\/#\/schema\/person\/d62adf3f0d0ba38eb923c3c1f5152717","name":"tiranalajm.com","image":{"@type":"ImageObject","inLanguage":"en-US","@id":"https:\/\/secure.gravatar.com\/avatar\/70082bb8d030bb6b79327cd6e282b497e1b999934e601ba07a020bca96c4dbee?s=96&d=mm&r=g","url":"https:\/\/secure.gravatar.com\/avatar\/70082bb8d030bb6b79327cd6e282b497e1b999934e601ba07a020bca96c4dbee?s=96&d=mm&r=g","contentUrl":"https:\/\/secure.gravatar.com\/avatar\/70082bb8d030bb6b79327cd6e282b497e1b999934e601ba07a020bca96c4dbee?s=96&d=mm&r=g","caption":"tiranalajm.com"},"sameAs":["http:\/\/tiranalajm.com"],"url":"https:\/\/tiranalajm.com\/index.php\/author\/tiranalajm-com\/"}]}},"_links":{"self":[{"href":"https:\/\/tiranalajm.com\/index.php\/wp-json\/wp\/v2\/posts\/164","targetHints":{"allow":["GET"]}}],"collection":[{"href":"https:\/\/tiranalajm.com\/index.php\/wp-json\/wp\/v2\/posts"}],"about":[{"href":"https:\/\/tiranalajm.com\/index.php\/wp-json\/wp\/v2\/types\/post"}],"author":[{"embeddable":true,"href":"https:\/\/tiranalajm.com\/index.php\/wp-json\/wp\/v2\/users\/1"}],"replies":[{"embeddable":true,"href":"https:\/\/tiranalajm.com\/index.php\/wp-json\/wp\/v2\/comments?post=164"}],"version-history":[{"count":1,"href":"https:\/\/tiranalajm.com\/index.php\/wp-json\/wp\/v2\/posts\/164\/revisions"}],"predecessor-version":[{"id":166,"href":"https:\/\/tiranalajm.com\/index.php\/wp-json\/wp\/v2\/posts\/164\/revisions\/166"}],"wp:featuredmedia":[{"embeddable":true,"href":"https:\/\/tiranalajm.com\/index.php\/wp-json\/wp\/v2\/media\/165"}],"wp:attachment":[{"href":"https:\/\/tiranalajm.com\/index.php\/wp-json\/wp\/v2\/media?parent=164"}],"wp:term":[{"taxonomy":"category","embeddable":true,"href":"https:\/\/tiranalajm.com\/index.php\/wp-json\/wp\/v2\/categories?post=164"},{"taxonomy":"post_tag","embeddable":true,"href":"https:\/\/tiranalajm.com\/index.php\/wp-json\/wp\/v2\/tags?post=164"}],"curies":[{"name":"wp","href":"https:\/\/api.w.org\/{rel}","templated":true}]}}