{"id":167,"date":"2024-08-31T13:33:09","date_gmt":"2024-08-31T12:33:09","guid":{"rendered":"https:\/\/tiranalajm.com\/?p=167"},"modified":"2024-08-31T13:45:05","modified_gmt":"2024-08-31T12:45:05","slug":"dosja-personazhi-mediatik-mori-120-000-euro-nga-franc-copja-si-edhe-nje-porosi-se-cfare-duhej-te-thoshte-ne-ekran","status":"publish","type":"post","link":"https:\/\/tiranalajm.com\/index.php\/2024\/08\/31\/dosja-personazhi-mediatik-mori-120-000-euro-nga-franc-copja-si-edhe-nje-porosi-se-cfare-duhej-te-thoshte-ne-ekran\/","title":{"rendered":"DOSJA- Personazhi mediatik mori 120\u00a0000 euro nga Franc \u00c7opja si edhe nj\u00eb POROSI se \u00e7far\u00eb duhej t\u00eb thoshte n\u00eb ekran\u00a0"},"content":{"rendered":"\n<p><\/p>\n\n\n\n<p>Aktivitetin e eliminimit t\u00eb kund\u00ebrshtar\u00ebve dhe pastrimit t\u00eb parave t\u00eb kokain\u00ebs sipas SPAK, klani \u00c7opja duket se kan\u00eb patur nj\u00eb ndikim t\u00eb madh edhe n\u00eb media duke paguar personazhe meditik q\u00eb t\u00eb thonin ato q\u00eb ata at adonin.<\/p>\n\n\n\n<p>N\u00eb nj\u00ebr\u00ebn prej bisedave n\u00eb SKY ECC, p\u00ebrmendet nj\u00eb moment se \u00c7opjat i kan\u00eb dh\u00ebn\u00eb nj\u00eb personazhi mediatik 120 mij\u00eb euro, me kushtin q\u00eb t\u00eb mos p\u00ebrmendeshin njer\u00ebzit e tyre n\u00eb ekran.\u00a0<\/p>\n\n\n\n<p>Si\u00e7 m\u00ebson <strong>Tirana Lajm<\/strong>, personi mediatik ka komunikuar me Franc \u00c7opjan p\u00ebrmes nj\u00eb personazhi tjet\u00ebr duke i k\u00ebrkuar 120\u00a0000 euro si edhe duke shtruar pyetjen <strong>\u201ck\u00eb nuk duhet t\u00eb p\u00ebrmend?\u201d.<\/strong><\/p>\n\n\n\n<p>Nga komunikimet n\u00eb SKY, rezulton se Franc \u00c7opja e ka porositur personazhin mediatik p\u00ebrmes nj\u00eb personi t\u00eb tret\u00eb se nuk duhet t\u00eb flas\u00eb p\u00ebr t\u00eb (Franc \u00c7opjen), Darin (Hajdar \u00c7opjen), Talon (Talo \u00c7el\u00ebn), Kelin (Mikel Qosjen), Altinin (Altin Ndocin).<\/p>\n\n\n\n<p>Prokurorja e \u00e7\u00ebshtjes beson biseda ka ndodhur n\u00eb ver\u00ebn e vitit 2020 dhe konteksti lidhet me ekzekutimin mafioz t\u00eb 29 dhjetorit 2018 t\u00eb Endrit Alibejt; Erdal Durunayt dhe Arben Dylgjeri.&nbsp;<\/p>\n\n\n\n<p>Gjithcka ndodh teksa prokuroria ka r\u00ebn\u00eb n\u00eb gjurm\u00ebt e grupit q\u00eb ekzekutoi personat e m\u00ebsip\u00ebrm nd\u00ebrsa Erjon Alibej kishte nisur hakmarrjen e tij, n\u00eb nj\u00eb koh\u00eb kur grupi i vras\u00ebsve t\u00eb organizuar nga Talo \u00c7ela ishte shpartalluar pas sherrit p\u00ebr nj\u00eb makin\u00eb mes Klevis Alles dhe Altin Ndocit n\u00eb Durr\u00ebs.&nbsp;<\/p>\n\n\n\n<p><strong>Si i groposi Talo \u00c7ela nj\u00eb pjes\u00eb t\u00eb parave<\/strong><\/p>\n\n\n\n<p>Nj\u00eb pjes\u00eb e mir\u00eb e eurove t\u00eb fituara nga Talo \u00c7ela p\u00ebrmes grabitjes s\u00eb bujshme n\u00eb aeroportin e Rinasit\u201d n\u00eb prill 2019 dhe eurove t\u00eb fituara nga seriali i vrasjeve Peqin-Elbasan, jan\u00eb investuar nga familja e Talos n\u00eb Tiran\u00eb dhe Sarand\u00eb, kryesisht n\u00eb biznes dhe blerje apartamenti.Nd\u00ebrkoh\u00eb nga hetimi \u00ebsht\u00eb provuar se nj\u00eb pjes\u00eb \u00ebsht\u00eb groposur n\u00eb nj\u00eb fshat t\u00eb Gjirokastr\u00ebs t\u00eb quajtur Cepo, nd\u00ebrsa pjesa tjet\u00ebr mbahej nga Talo n\u00eb baza t\u00eb fshehta ku strehohej me q\u00ebllim mos r\u00ebnien n\u00eb duart e policis\u00eb kriminale.<\/p>\n\n\n\n<p>Bisedat e zhvilluara n\u00eb \u201cSky\u201d, kan\u00eb zbuluar se shumat financiare Talo \u00c7ela i pastronte p\u00ebrmes gruas s\u00eb tij, Matilda Hoxholli, dhe nj\u00eb pjes\u00eb p\u00ebrmes vajz\u00ebs s\u00eb tij, A.H.<\/p>\n\n\n\n<p>Policia dhe BKH ka r\u00ebn\u00eb krejt rast\u00ebsisht n\u00eb gjurm\u00eb t\u00eb vajz\u00ebs s\u00eb Talos, pasi nga bisedat ai fliste me vajz\u00ebn A.H, por nj\u00ebher\u00ebsh u kuptua se kishte p\u00ebrdorur nj\u00eb mekaniz\u00ebm shum\u00eb t\u00eb ve\u00e7ant\u00eb p\u00ebr t\u00eb zhdukur emrin e tij dhe nga f\u00ebmija biologjik.<\/p>\n\n\n\n<p>Q\u00ebllimi ka qen\u00eb q\u00eb \u201cDhelpra\u201d t\u00eb mos linte gjurm\u00eb mbi lidhjet e ngushta t\u00eb familjes, \u00e7ka do sillte nj\u00eb detaj m\u00eb shum\u00eb p\u00ebr t\u00eb mos u ndjekur nga policia, p\u00ebrmes vajz\u00ebs apo gruas s\u00eb tij.<\/p>\n\n\n\n<p>Nga analizimi i bisedave n\u00eb \u201cSky\u201d prokurorja Doloreza Musabelliu ka zbuluar se p\u00ebr t\u00eb humbur \u00e7do gjurm\u00eb mes tij dhe familjes, Talo \u00c7ela kishte p\u00ebrdorur nj\u00eb truk shum\u00eb dometh\u00ebn\u00ebs, duke ndryshuar n\u00eb Gjendjen Civile emrin e babait t\u00eb vajz\u00ebs nga \u201cTalo\u201d n\u00eb \u201cKorab\u201d, nj\u00eb person ky q\u00eb pas shum\u00eb verifikimeve rezultoi se nuk ekzistonte.<\/p>\n\n\n\n<p>N\u00eb 9 korrik 2020, Matilda Hoxholl bisedon me Talo \u00c7el\u00ebn, t\u00eb cilin e informon duke i th\u00ebn\u00eb se do t\u00eb shkoj\u00eb n\u00eb Gjirokast\u00ebr p\u00ebr t\u00eb groposur lek\u00ebt q\u00eb ka n\u00eb sht\u00ebpin\u00eb e saj n\u00eb Tiran\u00eb.<\/p>\n\n\n\n<p>Sipas bised\u00ebs vlerat monetare Matilda Hoxholli do t&#8217;i groposi te sht\u00ebpia e n\u00ebn\u00ebs s\u00eb saj q\u00eb ndodhet n\u00eb Nj\u00ebsin\u00eb Administrative \u201cCepo\u201d, Gjirokast\u00ebr.<\/p>\n\n\n\n<p>P\u00ebrmbajtja e disa prej mesazheve q\u00eb Matilda Hoxholli i d\u00ebrgon Talo \u00c7el\u00ebs \u00ebsht\u00eb si m\u00eb posht\u00eb vijon:<\/p>\n\n\n\n<p><em>&#8220;\u2026Un\u00eb nes\u00ebr po b\u00ebj letrat e \u201cbencit\u201d, se mbarojn\u00eb n\u00eb fundjav\u00eb dhe do iki n\u00eb gjirokast\u00ebr dy dit se kam ca pun\u00eb. Po do iki m\u00eb shum\u00eb t\u00eb \u00e7oj lek\u00ebt t\u2019i gropos n\u00eb nj\u00eb vend te n\u00ebna n\u00eb fshat se po rri gjith\u00eb siklet. Se m\u00eb duket sikur do vin\u00eb nga momenti n\u00eb moment\u2026&#8221;.<\/em><\/p>\n\n\n\n<p>Nd\u00ebrkoh\u00eb, n\u00eb 10 korrik 2020 Matilda Hoxholli e informon Talo \u00c7el\u00ebn se i ka sistemuar lek\u00ebt.<\/p>\n\n\n\n<p>P\u00ebrmbajtja e mesazheve q\u00eb Matilda Hoxholli i d\u00ebrgon Talos \u00ebsht\u00eb:&nbsp;<em>\u201c\u2026Gjesi, Mir jam i sistemova ato tani jam n\u00eb Sarand\u00eb te Mira\u2026\u201d.<\/em><\/p>\n","protected":false},"excerpt":{"rendered":"<p>Aktivitetin e eliminimit t\u00eb kund\u00ebrshtar\u00ebve dhe pastrimit t\u00eb parave t\u00eb kokain\u00ebs sipas SPAK, klani \u00c7opja duket se kan\u00eb patur nj\u00eb ndikim t\u00eb madh edhe n\u00eb media duke paguar personazhe meditik q\u00eb t\u00eb thonin ato q\u00eb ata at adonin. N\u00eb nj\u00ebr\u00ebn prej bisedave n\u00eb SKY ECC, p\u00ebrmendet nj\u00eb moment se \u00c7opjat i kan\u00eb dh\u00ebn\u00eb nj\u00eb personazhi [&hellip;]<\/p>\n","protected":false},"author":1,"featured_media":169,"comment_status":"open","ping_status":"open","sticky":false,"template":"","format":"standard","meta":{"footnotes":""},"categories":[4,5],"tags":[36,35,32,34,33],"class_list":["post-167","post","type-post","status-publish","format-standard","has-post-thumbnail","hentry","category-kryesore","category-ne-vemendje","tag-120-000-euro","tag-120000-euro","tag-franc-copja","tag-gazetari","tag-personazhi-mediatik"],"yoast_head":"<!-- This site is optimized with the Yoast SEO plugin v27.4 - https:\/\/yoast.com\/product\/yoast-seo-wordpress\/ -->\n<title>DOSJA- Personazhi mediatik mori 120\u00a0000 euro nga Franc \u00c7opja si edhe nj\u00eb POROSI se \u00e7far\u00eb duhej t\u00eb thoshte n\u00eb ekran\u00a0 - Tirana Lajm<\/title>\n<meta name=\"robots\" content=\"index, follow, max-snippet:-1, max-image-preview:large, max-video-preview:-1\" \/>\n<link rel=\"canonical\" href=\"https:\/\/tiranalajm.com\/index.php\/2024\/08\/31\/dosja-personazhi-mediatik-mori-120-000-euro-nga-franc-copja-si-edhe-nje-porosi-se-cfare-duhej-te-thoshte-ne-ekran\/\" \/>\n<meta property=\"og:locale\" content=\"en_US\" \/>\n<meta property=\"og:type\" content=\"article\" \/>\n<meta property=\"og:title\" content=\"DOSJA- Personazhi mediatik mori 120\u00a0000 euro nga Franc \u00c7opja si edhe nj\u00eb POROSI se \u00e7far\u00eb duhej t\u00eb thoshte n\u00eb ekran\u00a0 - Tirana Lajm\" \/>\n<meta property=\"og:description\" content=\"Aktivitetin e eliminimit t\u00eb kund\u00ebrshtar\u00ebve dhe pastrimit t\u00eb parave t\u00eb kokain\u00ebs sipas SPAK, klani \u00c7opja duket se kan\u00eb patur nj\u00eb ndikim t\u00eb madh edhe n\u00eb media duke paguar personazhe meditik q\u00eb t\u00eb thonin ato q\u00eb ata at adonin. N\u00eb nj\u00ebr\u00ebn prej bisedave n\u00eb SKY ECC, p\u00ebrmendet nj\u00eb moment se \u00c7opjat i kan\u00eb dh\u00ebn\u00eb nj\u00eb personazhi [&hellip;]\" \/>\n<meta property=\"og:url\" content=\"https:\/\/tiranalajm.com\/index.php\/2024\/08\/31\/dosja-personazhi-mediatik-mori-120-000-euro-nga-franc-copja-si-edhe-nje-porosi-se-cfare-duhej-te-thoshte-ne-ekran\/\" \/>\n<meta property=\"og:site_name\" content=\"Tirana Lajm\" \/>\n<meta property=\"article:published_time\" content=\"2024-08-31T12:33:09+00:00\" \/>\n<meta property=\"article:modified_time\" content=\"2024-08-31T12:45:05+00:00\" \/>\n<meta property=\"og:image\" content=\"http:\/\/tiranalajm.com\/wp-content\/uploads\/2024\/08\/franc-copja-gazetari.jpeg\" \/>\n\t<meta property=\"og:image:width\" content=\"900\" \/>\n\t<meta property=\"og:image:height\" content=\"684\" \/>\n\t<meta property=\"og:image:type\" content=\"image\/jpeg\" \/>\n<meta name=\"author\" content=\"tiranalajm.com\" \/>\n<meta name=\"twitter:card\" content=\"summary_large_image\" \/>\n<meta name=\"twitter:label1\" content=\"Written by\" \/>\n\t<meta name=\"twitter:data1\" content=\"tiranalajm.com\" \/>\n\t<meta name=\"twitter:label2\" content=\"Est. reading time\" \/>\n\t<meta name=\"twitter:data2\" content=\"4 minutes\" \/>\n<script type=\"application\/ld+json\" class=\"yoast-schema-graph\">{\"@context\":\"https:\\\/\\\/schema.org\",\"@graph\":[{\"@type\":\"Article\",\"@id\":\"https:\\\/\\\/tiranalajm.com\\\/index.php\\\/2024\\\/08\\\/31\\\/dosja-personazhi-mediatik-mori-120-000-euro-nga-franc-copja-si-edhe-nje-porosi-se-cfare-duhej-te-thoshte-ne-ekran\\\/#article\",\"isPartOf\":{\"@id\":\"https:\\\/\\\/tiranalajm.com\\\/index.php\\\/2024\\\/08\\\/31\\\/dosja-personazhi-mediatik-mori-120-000-euro-nga-franc-copja-si-edhe-nje-porosi-se-cfare-duhej-te-thoshte-ne-ekran\\\/\"},\"author\":{\"name\":\"tiranalajm.com\",\"@id\":\"https:\\\/\\\/tiranalajm.com\\\/#\\\/schema\\\/person\\\/d62adf3f0d0ba38eb923c3c1f5152717\"},\"headline\":\"DOSJA- Personazhi mediatik mori 120\u00a0000 euro nga Franc \u00c7opja si edhe nj\u00eb POROSI se \u00e7far\u00eb duhej t\u00eb thoshte n\u00eb ekran\u00a0\",\"datePublished\":\"2024-08-31T12:33:09+00:00\",\"dateModified\":\"2024-08-31T12:45:05+00:00\",\"mainEntityOfPage\":{\"@id\":\"https:\\\/\\\/tiranalajm.com\\\/index.php\\\/2024\\\/08\\\/31\\\/dosja-personazhi-mediatik-mori-120-000-euro-nga-franc-copja-si-edhe-nje-porosi-se-cfare-duhej-te-thoshte-ne-ekran\\\/\"},\"wordCount\":736,\"commentCount\":0,\"publisher\":{\"@id\":\"https:\\\/\\\/tiranalajm.com\\\/#organization\"},\"image\":{\"@id\":\"https:\\\/\\\/tiranalajm.com\\\/index.php\\\/2024\\\/08\\\/31\\\/dosja-personazhi-mediatik-mori-120-000-euro-nga-franc-copja-si-edhe-nje-porosi-se-cfare-duhej-te-thoshte-ne-ekran\\\/#primaryimage\"},\"thumbnailUrl\":\"https:\\\/\\\/tiranalajm.com\\\/wp-content\\\/uploads\\\/2024\\\/08\\\/franc-copja-gazetari.jpeg\",\"keywords\":[\"120 000 euro\",\"120000 euro\",\"franc copja\",\"gazetari\",\"personazhi mediatik\"],\"articleSection\":[\"Kryesore\",\"Ne vemendje\"],\"inLanguage\":\"en-US\",\"potentialAction\":[{\"@type\":\"CommentAction\",\"name\":\"Comment\",\"target\":[\"https:\\\/\\\/tiranalajm.com\\\/index.php\\\/2024\\\/08\\\/31\\\/dosja-personazhi-mediatik-mori-120-000-euro-nga-franc-copja-si-edhe-nje-porosi-se-cfare-duhej-te-thoshte-ne-ekran\\\/#respond\"]}]},{\"@type\":\"WebPage\",\"@id\":\"https:\\\/\\\/tiranalajm.com\\\/index.php\\\/2024\\\/08\\\/31\\\/dosja-personazhi-mediatik-mori-120-000-euro-nga-franc-copja-si-edhe-nje-porosi-se-cfare-duhej-te-thoshte-ne-ekran\\\/\",\"url\":\"https:\\\/\\\/tiranalajm.com\\\/index.php\\\/2024\\\/08\\\/31\\\/dosja-personazhi-mediatik-mori-120-000-euro-nga-franc-copja-si-edhe-nje-porosi-se-cfare-duhej-te-thoshte-ne-ekran\\\/\",\"name\":\"DOSJA- Personazhi mediatik mori 120\u00a0000 euro nga Franc \u00c7opja si edhe nj\u00eb POROSI se \u00e7far\u00eb duhej t\u00eb thoshte n\u00eb ekran\u00a0 - Tirana Lajm\",\"isPartOf\":{\"@id\":\"https:\\\/\\\/tiranalajm.com\\\/#website\"},\"primaryImageOfPage\":{\"@id\":\"https:\\\/\\\/tiranalajm.com\\\/index.php\\\/2024\\\/08\\\/31\\\/dosja-personazhi-mediatik-mori-120-000-euro-nga-franc-copja-si-edhe-nje-porosi-se-cfare-duhej-te-thoshte-ne-ekran\\\/#primaryimage\"},\"image\":{\"@id\":\"https:\\\/\\\/tiranalajm.com\\\/index.php\\\/2024\\\/08\\\/31\\\/dosja-personazhi-mediatik-mori-120-000-euro-nga-franc-copja-si-edhe-nje-porosi-se-cfare-duhej-te-thoshte-ne-ekran\\\/#primaryimage\"},\"thumbnailUrl\":\"https:\\\/\\\/tiranalajm.com\\\/wp-content\\\/uploads\\\/2024\\\/08\\\/franc-copja-gazetari.jpeg\",\"datePublished\":\"2024-08-31T12:33:09+00:00\",\"dateModified\":\"2024-08-31T12:45:05+00:00\",\"breadcrumb\":{\"@id\":\"https:\\\/\\\/tiranalajm.com\\\/index.php\\\/2024\\\/08\\\/31\\\/dosja-personazhi-mediatik-mori-120-000-euro-nga-franc-copja-si-edhe-nje-porosi-se-cfare-duhej-te-thoshte-ne-ekran\\\/#breadcrumb\"},\"inLanguage\":\"en-US\",\"potentialAction\":[{\"@type\":\"ReadAction\",\"target\":[\"https:\\\/\\\/tiranalajm.com\\\/index.php\\\/2024\\\/08\\\/31\\\/dosja-personazhi-mediatik-mori-120-000-euro-nga-franc-copja-si-edhe-nje-porosi-se-cfare-duhej-te-thoshte-ne-ekran\\\/\"]}]},{\"@type\":\"ImageObject\",\"inLanguage\":\"en-US\",\"@id\":\"https:\\\/\\\/tiranalajm.com\\\/index.php\\\/2024\\\/08\\\/31\\\/dosja-personazhi-mediatik-mori-120-000-euro-nga-franc-copja-si-edhe-nje-porosi-se-cfare-duhej-te-thoshte-ne-ekran\\\/#primaryimage\",\"url\":\"https:\\\/\\\/tiranalajm.com\\\/wp-content\\\/uploads\\\/2024\\\/08\\\/franc-copja-gazetari.jpeg\",\"contentUrl\":\"https:\\\/\\\/tiranalajm.com\\\/wp-content\\\/uploads\\\/2024\\\/08\\\/franc-copja-gazetari.jpeg\",\"width\":900,\"height\":684},{\"@type\":\"BreadcrumbList\",\"@id\":\"https:\\\/\\\/tiranalajm.com\\\/index.php\\\/2024\\\/08\\\/31\\\/dosja-personazhi-mediatik-mori-120-000-euro-nga-franc-copja-si-edhe-nje-porosi-se-cfare-duhej-te-thoshte-ne-ekran\\\/#breadcrumb\",\"itemListElement\":[{\"@type\":\"ListItem\",\"position\":1,\"name\":\"Home\",\"item\":\"https:\\\/\\\/tiranalajm.com\\\/\"},{\"@type\":\"ListItem\",\"position\":2,\"name\":\"DOSJA- Personazhi mediatik mori 120\u00a0000 euro nga Franc \u00c7opja si edhe nj\u00eb POROSI se \u00e7far\u00eb duhej t\u00eb thoshte n\u00eb ekran\u00a0\"}]},{\"@type\":\"WebSite\",\"@id\":\"https:\\\/\\\/tiranalajm.com\\\/#website\",\"url\":\"https:\\\/\\\/tiranalajm.com\\\/\",\"name\":\"Tirana Lajm\",\"description\":\"Tirana Lajm\",\"publisher\":{\"@id\":\"https:\\\/\\\/tiranalajm.com\\\/#organization\"},\"potentialAction\":[{\"@type\":\"SearchAction\",\"target\":{\"@type\":\"EntryPoint\",\"urlTemplate\":\"https:\\\/\\\/tiranalajm.com\\\/?s={search_term_string}\"},\"query-input\":{\"@type\":\"PropertyValueSpecification\",\"valueRequired\":true,\"valueName\":\"search_term_string\"}}],\"inLanguage\":\"en-US\"},{\"@type\":\"Organization\",\"@id\":\"https:\\\/\\\/tiranalajm.com\\\/#organization\",\"name\":\"Tirana Lajm\",\"url\":\"https:\\\/\\\/tiranalajm.com\\\/\",\"logo\":{\"@type\":\"ImageObject\",\"inLanguage\":\"en-US\",\"@id\":\"https:\\\/\\\/tiranalajm.com\\\/#\\\/schema\\\/logo\\\/image\\\/\",\"url\":\"https:\\\/\\\/tiranalajm.com\\\/wp-content\\\/uploads\\\/2023\\\/08\\\/logo-tirana-lajm.jpg\",\"contentUrl\":\"https:\\\/\\\/tiranalajm.com\\\/wp-content\\\/uploads\\\/2023\\\/08\\\/logo-tirana-lajm.jpg\",\"width\":600,\"height\":360,\"caption\":\"Tirana Lajm\"},\"image\":{\"@id\":\"https:\\\/\\\/tiranalajm.com\\\/#\\\/schema\\\/logo\\\/image\\\/\"}},{\"@type\":\"Person\",\"@id\":\"https:\\\/\\\/tiranalajm.com\\\/#\\\/schema\\\/person\\\/d62adf3f0d0ba38eb923c3c1f5152717\",\"name\":\"tiranalajm.com\",\"image\":{\"@type\":\"ImageObject\",\"inLanguage\":\"en-US\",\"@id\":\"https:\\\/\\\/secure.gravatar.com\\\/avatar\\\/70082bb8d030bb6b79327cd6e282b497e1b999934e601ba07a020bca96c4dbee?s=96&d=mm&r=g\",\"url\":\"https:\\\/\\\/secure.gravatar.com\\\/avatar\\\/70082bb8d030bb6b79327cd6e282b497e1b999934e601ba07a020bca96c4dbee?s=96&d=mm&r=g\",\"contentUrl\":\"https:\\\/\\\/secure.gravatar.com\\\/avatar\\\/70082bb8d030bb6b79327cd6e282b497e1b999934e601ba07a020bca96c4dbee?s=96&d=mm&r=g\",\"caption\":\"tiranalajm.com\"},\"sameAs\":[\"http:\\\/\\\/tiranalajm.com\"],\"url\":\"https:\\\/\\\/tiranalajm.com\\\/index.php\\\/author\\\/tiranalajm-com\\\/\"}]}<\/script>\n<!-- \/ Yoast SEO plugin. -->","yoast_head_json":{"title":"DOSJA- Personazhi mediatik mori 120\u00a0000 euro nga Franc \u00c7opja si edhe nj\u00eb POROSI se \u00e7far\u00eb duhej t\u00eb thoshte n\u00eb ekran\u00a0 - Tirana Lajm","robots":{"index":"index","follow":"follow","max-snippet":"max-snippet:-1","max-image-preview":"max-image-preview:large","max-video-preview":"max-video-preview:-1"},"canonical":"https:\/\/tiranalajm.com\/index.php\/2024\/08\/31\/dosja-personazhi-mediatik-mori-120-000-euro-nga-franc-copja-si-edhe-nje-porosi-se-cfare-duhej-te-thoshte-ne-ekran\/","og_locale":"en_US","og_type":"article","og_title":"DOSJA- Personazhi mediatik mori 120\u00a0000 euro nga Franc \u00c7opja si edhe nj\u00eb POROSI se \u00e7far\u00eb duhej t\u00eb thoshte n\u00eb ekran\u00a0 - Tirana Lajm","og_description":"Aktivitetin e eliminimit t\u00eb kund\u00ebrshtar\u00ebve dhe pastrimit t\u00eb parave t\u00eb kokain\u00ebs sipas SPAK, klani \u00c7opja duket se kan\u00eb patur nj\u00eb ndikim t\u00eb madh edhe n\u00eb media duke paguar personazhe meditik q\u00eb t\u00eb thonin ato q\u00eb ata at adonin. N\u00eb nj\u00ebr\u00ebn prej bisedave n\u00eb SKY ECC, p\u00ebrmendet nj\u00eb moment se \u00c7opjat i kan\u00eb dh\u00ebn\u00eb nj\u00eb personazhi [&hellip;]","og_url":"https:\/\/tiranalajm.com\/index.php\/2024\/08\/31\/dosja-personazhi-mediatik-mori-120-000-euro-nga-franc-copja-si-edhe-nje-porosi-se-cfare-duhej-te-thoshte-ne-ekran\/","og_site_name":"Tirana Lajm","article_published_time":"2024-08-31T12:33:09+00:00","article_modified_time":"2024-08-31T12:45:05+00:00","og_image":[{"width":900,"height":684,"url":"http:\/\/tiranalajm.com\/wp-content\/uploads\/2024\/08\/franc-copja-gazetari.jpeg","type":"image\/jpeg"}],"author":"tiranalajm.com","twitter_card":"summary_large_image","twitter_misc":{"Written by":"tiranalajm.com","Est. reading time":"4 minutes"},"schema":{"@context":"https:\/\/schema.org","@graph":[{"@type":"Article","@id":"https:\/\/tiranalajm.com\/index.php\/2024\/08\/31\/dosja-personazhi-mediatik-mori-120-000-euro-nga-franc-copja-si-edhe-nje-porosi-se-cfare-duhej-te-thoshte-ne-ekran\/#article","isPartOf":{"@id":"https:\/\/tiranalajm.com\/index.php\/2024\/08\/31\/dosja-personazhi-mediatik-mori-120-000-euro-nga-franc-copja-si-edhe-nje-porosi-se-cfare-duhej-te-thoshte-ne-ekran\/"},"author":{"name":"tiranalajm.com","@id":"https:\/\/tiranalajm.com\/#\/schema\/person\/d62adf3f0d0ba38eb923c3c1f5152717"},"headline":"DOSJA- Personazhi mediatik mori 120\u00a0000 euro nga Franc \u00c7opja si edhe nj\u00eb POROSI se \u00e7far\u00eb duhej t\u00eb thoshte n\u00eb ekran\u00a0","datePublished":"2024-08-31T12:33:09+00:00","dateModified":"2024-08-31T12:45:05+00:00","mainEntityOfPage":{"@id":"https:\/\/tiranalajm.com\/index.php\/2024\/08\/31\/dosja-personazhi-mediatik-mori-120-000-euro-nga-franc-copja-si-edhe-nje-porosi-se-cfare-duhej-te-thoshte-ne-ekran\/"},"wordCount":736,"commentCount":0,"publisher":{"@id":"https:\/\/tiranalajm.com\/#organization"},"image":{"@id":"https:\/\/tiranalajm.com\/index.php\/2024\/08\/31\/dosja-personazhi-mediatik-mori-120-000-euro-nga-franc-copja-si-edhe-nje-porosi-se-cfare-duhej-te-thoshte-ne-ekran\/#primaryimage"},"thumbnailUrl":"https:\/\/tiranalajm.com\/wp-content\/uploads\/2024\/08\/franc-copja-gazetari.jpeg","keywords":["120 000 euro","120000 euro","franc copja","gazetari","personazhi mediatik"],"articleSection":["Kryesore","Ne vemendje"],"inLanguage":"en-US","potentialAction":[{"@type":"CommentAction","name":"Comment","target":["https:\/\/tiranalajm.com\/index.php\/2024\/08\/31\/dosja-personazhi-mediatik-mori-120-000-euro-nga-franc-copja-si-edhe-nje-porosi-se-cfare-duhej-te-thoshte-ne-ekran\/#respond"]}]},{"@type":"WebPage","@id":"https:\/\/tiranalajm.com\/index.php\/2024\/08\/31\/dosja-personazhi-mediatik-mori-120-000-euro-nga-franc-copja-si-edhe-nje-porosi-se-cfare-duhej-te-thoshte-ne-ekran\/","url":"https:\/\/tiranalajm.com\/index.php\/2024\/08\/31\/dosja-personazhi-mediatik-mori-120-000-euro-nga-franc-copja-si-edhe-nje-porosi-se-cfare-duhej-te-thoshte-ne-ekran\/","name":"DOSJA- Personazhi mediatik mori 120\u00a0000 euro nga Franc \u00c7opja si edhe nj\u00eb POROSI se \u00e7far\u00eb duhej t\u00eb thoshte n\u00eb ekran\u00a0 - Tirana Lajm","isPartOf":{"@id":"https:\/\/tiranalajm.com\/#website"},"primaryImageOfPage":{"@id":"https:\/\/tiranalajm.com\/index.php\/2024\/08\/31\/dosja-personazhi-mediatik-mori-120-000-euro-nga-franc-copja-si-edhe-nje-porosi-se-cfare-duhej-te-thoshte-ne-ekran\/#primaryimage"},"image":{"@id":"https:\/\/tiranalajm.com\/index.php\/2024\/08\/31\/dosja-personazhi-mediatik-mori-120-000-euro-nga-franc-copja-si-edhe-nje-porosi-se-cfare-duhej-te-thoshte-ne-ekran\/#primaryimage"},"thumbnailUrl":"https:\/\/tiranalajm.com\/wp-content\/uploads\/2024\/08\/franc-copja-gazetari.jpeg","datePublished":"2024-08-31T12:33:09+00:00","dateModified":"2024-08-31T12:45:05+00:00","breadcrumb":{"@id":"https:\/\/tiranalajm.com\/index.php\/2024\/08\/31\/dosja-personazhi-mediatik-mori-120-000-euro-nga-franc-copja-si-edhe-nje-porosi-se-cfare-duhej-te-thoshte-ne-ekran\/#breadcrumb"},"inLanguage":"en-US","potentialAction":[{"@type":"ReadAction","target":["https:\/\/tiranalajm.com\/index.php\/2024\/08\/31\/dosja-personazhi-mediatik-mori-120-000-euro-nga-franc-copja-si-edhe-nje-porosi-se-cfare-duhej-te-thoshte-ne-ekran\/"]}]},{"@type":"ImageObject","inLanguage":"en-US","@id":"https:\/\/tiranalajm.com\/index.php\/2024\/08\/31\/dosja-personazhi-mediatik-mori-120-000-euro-nga-franc-copja-si-edhe-nje-porosi-se-cfare-duhej-te-thoshte-ne-ekran\/#primaryimage","url":"https:\/\/tiranalajm.com\/wp-content\/uploads\/2024\/08\/franc-copja-gazetari.jpeg","contentUrl":"https:\/\/tiranalajm.com\/wp-content\/uploads\/2024\/08\/franc-copja-gazetari.jpeg","width":900,"height":684},{"@type":"BreadcrumbList","@id":"https:\/\/tiranalajm.com\/index.php\/2024\/08\/31\/dosja-personazhi-mediatik-mori-120-000-euro-nga-franc-copja-si-edhe-nje-porosi-se-cfare-duhej-te-thoshte-ne-ekran\/#breadcrumb","itemListElement":[{"@type":"ListItem","position":1,"name":"Home","item":"https:\/\/tiranalajm.com\/"},{"@type":"ListItem","position":2,"name":"DOSJA- Personazhi mediatik mori 120\u00a0000 euro nga Franc \u00c7opja si edhe nj\u00eb POROSI se \u00e7far\u00eb duhej t\u00eb thoshte n\u00eb ekran\u00a0"}]},{"@type":"WebSite","@id":"https:\/\/tiranalajm.com\/#website","url":"https:\/\/tiranalajm.com\/","name":"Tirana Lajm","description":"Tirana Lajm","publisher":{"@id":"https:\/\/tiranalajm.com\/#organization"},"potentialAction":[{"@type":"SearchAction","target":{"@type":"EntryPoint","urlTemplate":"https:\/\/tiranalajm.com\/?s={search_term_string}"},"query-input":{"@type":"PropertyValueSpecification","valueRequired":true,"valueName":"search_term_string"}}],"inLanguage":"en-US"},{"@type":"Organization","@id":"https:\/\/tiranalajm.com\/#organization","name":"Tirana Lajm","url":"https:\/\/tiranalajm.com\/","logo":{"@type":"ImageObject","inLanguage":"en-US","@id":"https:\/\/tiranalajm.com\/#\/schema\/logo\/image\/","url":"https:\/\/tiranalajm.com\/wp-content\/uploads\/2023\/08\/logo-tirana-lajm.jpg","contentUrl":"https:\/\/tiranalajm.com\/wp-content\/uploads\/2023\/08\/logo-tirana-lajm.jpg","width":600,"height":360,"caption":"Tirana Lajm"},"image":{"@id":"https:\/\/tiranalajm.com\/#\/schema\/logo\/image\/"}},{"@type":"Person","@id":"https:\/\/tiranalajm.com\/#\/schema\/person\/d62adf3f0d0ba38eb923c3c1f5152717","name":"tiranalajm.com","image":{"@type":"ImageObject","inLanguage":"en-US","@id":"https:\/\/secure.gravatar.com\/avatar\/70082bb8d030bb6b79327cd6e282b497e1b999934e601ba07a020bca96c4dbee?s=96&d=mm&r=g","url":"https:\/\/secure.gravatar.com\/avatar\/70082bb8d030bb6b79327cd6e282b497e1b999934e601ba07a020bca96c4dbee?s=96&d=mm&r=g","contentUrl":"https:\/\/secure.gravatar.com\/avatar\/70082bb8d030bb6b79327cd6e282b497e1b999934e601ba07a020bca96c4dbee?s=96&d=mm&r=g","caption":"tiranalajm.com"},"sameAs":["http:\/\/tiranalajm.com"],"url":"https:\/\/tiranalajm.com\/index.php\/author\/tiranalajm-com\/"}]}},"_links":{"self":[{"href":"https:\/\/tiranalajm.com\/index.php\/wp-json\/wp\/v2\/posts\/167","targetHints":{"allow":["GET"]}}],"collection":[{"href":"https:\/\/tiranalajm.com\/index.php\/wp-json\/wp\/v2\/posts"}],"about":[{"href":"https:\/\/tiranalajm.com\/index.php\/wp-json\/wp\/v2\/types\/post"}],"author":[{"embeddable":true,"href":"https:\/\/tiranalajm.com\/index.php\/wp-json\/wp\/v2\/users\/1"}],"replies":[{"embeddable":true,"href":"https:\/\/tiranalajm.com\/index.php\/wp-json\/wp\/v2\/comments?post=167"}],"version-history":[{"count":3,"href":"https:\/\/tiranalajm.com\/index.php\/wp-json\/wp\/v2\/posts\/167\/revisions"}],"predecessor-version":[{"id":176,"href":"https:\/\/tiranalajm.com\/index.php\/wp-json\/wp\/v2\/posts\/167\/revisions\/176"}],"wp:featuredmedia":[{"embeddable":true,"href":"https:\/\/tiranalajm.com\/index.php\/wp-json\/wp\/v2\/media\/169"}],"wp:attachment":[{"href":"https:\/\/tiranalajm.com\/index.php\/wp-json\/wp\/v2\/media?parent=167"}],"wp:term":[{"taxonomy":"category","embeddable":true,"href":"https:\/\/tiranalajm.com\/index.php\/wp-json\/wp\/v2\/categories?post=167"},{"taxonomy":"post_tag","embeddable":true,"href":"https:\/\/tiranalajm.com\/index.php\/wp-json\/wp\/v2\/tags?post=167"}],"curies":[{"name":"wp","href":"https:\/\/api.w.org\/{rel}","templated":true}]}}