{"id":206,"date":"2025-06-05T13:11:00","date_gmt":"2025-06-05T12:11:00","guid":{"rendered":"https:\/\/tiranalajm.com\/?p=206"},"modified":"2025-06-05T13:11:00","modified_gmt":"2025-06-05T12:11:00","slug":"pse-hodhe-fishekzjarre-kur-u-vrane-familjaret-e-mi-erion-alibej-tregon-biseden-me-suel-celen","status":"publish","type":"post","link":"https:\/\/tiranalajm.com\/index.php\/2025\/06\/05\/pse-hodhe-fishekzjarre-kur-u-vrane-familjaret-e-mi-erion-alibej-tregon-biseden-me-suel-celen\/","title":{"rendered":"\u201cPse hodhe fishekzjarr\u00eb kur u vran\u00eb familjar\u00ebt e mi?\u201d, Erion Alibej tregon bised\u00ebn me Suel \u00c7el\u00ebn\u00a0"},"content":{"rendered":"\n<p>N\u00eb dosjen \u201cPlumbi i art\u00eb\u201d vijon sot d\u00ebshmia e t\u00eb penduarit Erion Alibej. Gjat\u00eb d\u00ebshmis\u00eb, Alibej tregoi p\u00ebrpj\u00ebkjet p\u00ebr t\u00eb zbuluar vras\u00ebsit e v\u00ebllait, Endritit.<\/p>\n\n\n\n<p>&#8220;<em>Vendosa t\u00eb mos rrija m\u00eb n\u00eb Roterdam. U ktheva n\u00eb Shqip\u00ebri. U futa klandestin nga Qaf\u00eb-Bota, pasi isha n\u00eb k\u00ebrkim. Kam telefonuar Genc Tafilin. E ftova n\u00eb apartamentin tim. Erdhi bashk\u00eb me Dorian Dulin. Kur erdh\u00ebn, dor\u00ebzuan \u00e7antat, pasi rrinin t\u00eb armatosur. Tafili m\u00eb tregoi se Dorian Dulit i kishin ardhur p\u00ebr takim Talo me dy mirditor\u00eb. Ik\u00ebm nga sht\u00ebpia. E ngacmova Genc Tafilin t\u00eb vinte prap\u00eb n\u00eb takim, por nuk m\u00eb erdhi. At\u00eb dit\u00eb i shkrova Suel \u00c7el\u00ebs, pasi kur p\u00ebrmendej Kamer Mehja, ai ishte i af\u00ebrt me t\u00eb.<\/em><\/p>\n\n\n\n<p><em>I k\u00ebrkova Suelit takim me Kamer Mehjen. Sueli m\u00eb tha: &#8220;Kameri nuk vjen, pasi af\u00ebr jan\u00eb katundar\u00ebt&#8221; \u2013 i referohej \u00c7apjave. Por tha: &#8220;Pse nuk vjen ta b\u00ebjm\u00eb takimin te tregu?&#8221; Tani, t\u2019i thosha \u201cjo\u201d, i binte sikur tregoja frik\u00eb, por nga ana tjet\u00ebr, i shkova nj\u00ebher\u00eb te sht\u00ebpia n\u00eb Roterdam. Shkova te tregu bashk\u00eb me Andi Zylyfin, kush\u00ebririn. Ishte err\u00ebsir\u00eb kur shkova. N\u00eb nj\u00eb lokal n\u00eb treg gjeta Kamer Mehjen dhe Mario \u00c7el\u00ebn. I thash\u00eb Kamerit: &#8220;Ka qen\u00eb e nevojshme t\u00eb hidhje fishekzjarr\u00eb dit\u00ebn q\u00eb u vran\u00eb familjar\u00ebt e mi?&#8221;.<\/em><\/p>\n\n\n\n<p><em>Ai m\u00eb tha q\u00eb v\u00ebllain tim, Indritin, nuk e njihte fare. U sqaruam, u shpjeguam, edhe pse nuk m\u00eb ngrohte shum\u00eb, pasi informacionin ma soll\u00ebn intrigant\u00ebt Genc Tafili e Dorian Duli\u201d, tha Alibej.<\/em><\/p>\n\n\n\n<p><em>M\u00eb pas ai zbulon si identifikoi Mikael Qosen, Talo \u00c7el\u00ebn dhe Altin Ndocin. \u201cNj\u00eb djal\u00eb q\u00eb rrinte te burgu i Peqinit, Ervis Nano (e njihja si Ermali), shkon n\u00eb Fush\u00eb-Kruj\u00eb. Atje takon Flobenc Me\u00e7en (un\u00eb e njihja si \u00c7ol shkodrani). \u00c7oli i thot\u00eb: \u201cKam qen\u00eb me Altin Ndocin n\u00eb burg\u201d. M\u00eb k\u00ebrkoi takim me v\u00ebllain e Dorian Dulit. Nuk e di \u00e7far\u00eb kan\u00eb diskutuar, por pas takimit ishin t\u00eb lumtur. Aty m\u00ebson q\u00eb n\u00eb takim kan\u00eb qen\u00eb Talo \u00c7ela, Mikael Kamami dhe Altin Ndoci. N\u00eb takim \u00ebsht\u00eb k\u00ebrkuar: &#8220;Sa lek\u00eb do? Vendose vet\u00eb shifr\u00ebn, sa do q\u00eb t\u00eb vras\u00ebsh Erionin\u201d. Disa her\u00eb Duli m\u00eb ftonte t\u00eb dilja nga sht\u00ebpia, t\u00eb qet\u00ebsohesha. Aty un\u00eb kuptova se ata m\u00eb ftonin p\u00ebr t\u00eb m\u00eb nxjerr\u00eb n\u00eb prit\u00eb.<\/em><\/p>\n\n\n\n<p><em>Informatorin tim m\u00eb t\u00eb besuar kam pasur Ardian \u00c7ollakun, tani \u00ebsht\u00eb i ndjer\u00eb. Ai ishte pran\u00eb kund\u00ebrshtar\u00ebve t\u00eb mi. Ishte aty kur b\u00ebheshin bisedat, kur ndaheshin lek\u00ebt. N\u00eb nj\u00eb moment, Ardian \u00c7ollaku pyet Mikael Qosen: \u201cPse nis\u00ebt k\u00ebt\u00eb luft\u00eb?\u201d Ai i ka th\u00ebn\u00eb: \u201cKa qen\u00eb shum\u00eb i tmerrsh\u00ebm Indriti.\u201d<\/em><\/p>\n\n\n\n<p><em>Mir\u00eb, i thot\u00eb, por do m\u00eb lidh\u00ebsh me Hajdar \u00c7opjen. Un\u00eb \u00c7ollakun e kam pajisur me EnchroChat dhe e kam mbajtur me lek\u00eb pasi doli nga burgu\u201d.<\/em><\/p>\n","protected":false},"excerpt":{"rendered":"<p>N\u00eb dosjen \u201cPlumbi i art\u00eb\u201d vijon sot d\u00ebshmia e t\u00eb penduarit Erion Alibej. Gjat\u00eb d\u00ebshmis\u00eb, Alibej tregoi p\u00ebrpj\u00ebkjet p\u00ebr t\u00eb zbuluar vras\u00ebsit e v\u00ebllait, Endritit. &#8220;Vendosa t\u00eb mos rrija m\u00eb n\u00eb Roterdam. U ktheva n\u00eb Shqip\u00ebri. U futa klandestin nga Qaf\u00eb-Bota, pasi isha n\u00eb k\u00ebrkim. Kam telefonuar Genc Tafilin. E ftova n\u00eb apartamentin tim. Erdhi [&hellip;]<\/p>\n","protected":false},"author":1,"featured_media":207,"comment_status":"open","ping_status":"open","sticky":false,"template":"","format":"standard","meta":{"footnotes":""},"categories":[4,3],"tags":[],"class_list":["post-206","post","type-post","status-publish","format-standard","has-post-thumbnail","hentry","category-kryesore","category-rreth-vendit"],"yoast_head":"<!-- This site is optimized with the Yoast SEO plugin v27.5 - https:\/\/yoast.com\/product\/yoast-seo-wordpress\/ -->\n<title>\u201cPse hodhe fishekzjarr\u00eb kur u vran\u00eb familjar\u00ebt e mi?\u201d, Erion Alibej tregon bised\u00ebn me Suel \u00c7el\u00ebn\u00a0 - Tirana Lajm<\/title>\n<meta name=\"robots\" content=\"index, follow, max-snippet:-1, max-image-preview:large, max-video-preview:-1\" \/>\n<link rel=\"canonical\" href=\"https:\/\/tiranalajm.com\/index.php\/2025\/06\/05\/pse-hodhe-fishekzjarre-kur-u-vrane-familjaret-e-mi-erion-alibej-tregon-biseden-me-suel-celen\/\" \/>\n<meta property=\"og:locale\" content=\"en_US\" \/>\n<meta property=\"og:type\" content=\"article\" \/>\n<meta property=\"og:title\" content=\"\u201cPse hodhe fishekzjarr\u00eb kur u vran\u00eb familjar\u00ebt e mi?\u201d, Erion Alibej tregon bised\u00ebn me Suel \u00c7el\u00ebn\u00a0 - Tirana Lajm\" \/>\n<meta property=\"og:description\" content=\"N\u00eb dosjen \u201cPlumbi i art\u00eb\u201d vijon sot d\u00ebshmia e t\u00eb penduarit Erion Alibej. Gjat\u00eb d\u00ebshmis\u00eb, Alibej tregoi p\u00ebrpj\u00ebkjet p\u00ebr t\u00eb zbuluar vras\u00ebsit e v\u00ebllait, Endritit. &#8220;Vendosa t\u00eb mos rrija m\u00eb n\u00eb Roterdam. U ktheva n\u00eb Shqip\u00ebri. U futa klandestin nga Qaf\u00eb-Bota, pasi isha n\u00eb k\u00ebrkim. Kam telefonuar Genc Tafilin. E ftova n\u00eb apartamentin tim. Erdhi [&hellip;]\" \/>\n<meta property=\"og:url\" content=\"https:\/\/tiranalajm.com\/index.php\/2025\/06\/05\/pse-hodhe-fishekzjarre-kur-u-vrane-familjaret-e-mi-erion-alibej-tregon-biseden-me-suel-celen\/\" \/>\n<meta property=\"og:site_name\" content=\"Tirana Lajm\" \/>\n<meta property=\"article:published_time\" content=\"2025-06-05T12:11:00+00:00\" \/>\n<meta property=\"og:image\" content=\"http:\/\/tiranalajm.com\/wp-content\/uploads\/2025\/06\/900-0-1749116722xerion-dhe-endrit-alibej-498-1749118031.jpg\" \/>\n\t<meta property=\"og:image:width\" content=\"900\" \/>\n\t<meta property=\"og:image:height\" content=\"556\" \/>\n\t<meta property=\"og:image:type\" content=\"image\/jpeg\" \/>\n<meta name=\"author\" content=\"tiranalajm.com\" \/>\n<meta name=\"twitter:card\" content=\"summary_large_image\" \/>\n<meta name=\"twitter:label1\" content=\"Written by\" \/>\n\t<meta name=\"twitter:data1\" content=\"tiranalajm.com\" \/>\n\t<meta name=\"twitter:label2\" content=\"Est. reading time\" \/>\n\t<meta name=\"twitter:data2\" content=\"2 minutes\" \/>\n<script type=\"application\/ld+json\" class=\"yoast-schema-graph\">{\"@context\":\"https:\\\/\\\/schema.org\",\"@graph\":[{\"@type\":\"Article\",\"@id\":\"https:\\\/\\\/tiranalajm.com\\\/index.php\\\/2025\\\/06\\\/05\\\/pse-hodhe-fishekzjarre-kur-u-vrane-familjaret-e-mi-erion-alibej-tregon-biseden-me-suel-celen\\\/#article\",\"isPartOf\":{\"@id\":\"https:\\\/\\\/tiranalajm.com\\\/index.php\\\/2025\\\/06\\\/05\\\/pse-hodhe-fishekzjarre-kur-u-vrane-familjaret-e-mi-erion-alibej-tregon-biseden-me-suel-celen\\\/\"},\"author\":{\"name\":\"tiranalajm.com\",\"@id\":\"https:\\\/\\\/tiranalajm.com\\\/#\\\/schema\\\/person\\\/d62adf3f0d0ba38eb923c3c1f5152717\"},\"headline\":\"\u201cPse hodhe fishekzjarr\u00eb kur u vran\u00eb familjar\u00ebt e mi?\u201d, Erion Alibej tregon bised\u00ebn me Suel \u00c7el\u00ebn\u00a0\",\"datePublished\":\"2025-06-05T12:11:00+00:00\",\"mainEntityOfPage\":{\"@id\":\"https:\\\/\\\/tiranalajm.com\\\/index.php\\\/2025\\\/06\\\/05\\\/pse-hodhe-fishekzjarre-kur-u-vrane-familjaret-e-mi-erion-alibej-tregon-biseden-me-suel-celen\\\/\"},\"wordCount\":512,\"commentCount\":0,\"publisher\":{\"@id\":\"https:\\\/\\\/tiranalajm.com\\\/#organization\"},\"image\":{\"@id\":\"https:\\\/\\\/tiranalajm.com\\\/index.php\\\/2025\\\/06\\\/05\\\/pse-hodhe-fishekzjarre-kur-u-vrane-familjaret-e-mi-erion-alibej-tregon-biseden-me-suel-celen\\\/#primaryimage\"},\"thumbnailUrl\":\"https:\\\/\\\/tiranalajm.com\\\/wp-content\\\/uploads\\\/2025\\\/06\\\/900-0-1749116722xerion-dhe-endrit-alibej-498-1749118031.jpg\",\"articleSection\":[\"Kryesore\",\"Rreth vendit\"],\"inLanguage\":\"en-US\",\"potentialAction\":[{\"@type\":\"CommentAction\",\"name\":\"Comment\",\"target\":[\"https:\\\/\\\/tiranalajm.com\\\/index.php\\\/2025\\\/06\\\/05\\\/pse-hodhe-fishekzjarre-kur-u-vrane-familjaret-e-mi-erion-alibej-tregon-biseden-me-suel-celen\\\/#respond\"]}]},{\"@type\":\"WebPage\",\"@id\":\"https:\\\/\\\/tiranalajm.com\\\/index.php\\\/2025\\\/06\\\/05\\\/pse-hodhe-fishekzjarre-kur-u-vrane-familjaret-e-mi-erion-alibej-tregon-biseden-me-suel-celen\\\/\",\"url\":\"https:\\\/\\\/tiranalajm.com\\\/index.php\\\/2025\\\/06\\\/05\\\/pse-hodhe-fishekzjarre-kur-u-vrane-familjaret-e-mi-erion-alibej-tregon-biseden-me-suel-celen\\\/\",\"name\":\"\u201cPse hodhe fishekzjarr\u00eb kur u vran\u00eb familjar\u00ebt e mi?\u201d, Erion Alibej tregon bised\u00ebn me Suel \u00c7el\u00ebn\u00a0 - Tirana Lajm\",\"isPartOf\":{\"@id\":\"https:\\\/\\\/tiranalajm.com\\\/#website\"},\"primaryImageOfPage\":{\"@id\":\"https:\\\/\\\/tiranalajm.com\\\/index.php\\\/2025\\\/06\\\/05\\\/pse-hodhe-fishekzjarre-kur-u-vrane-familjaret-e-mi-erion-alibej-tregon-biseden-me-suel-celen\\\/#primaryimage\"},\"image\":{\"@id\":\"https:\\\/\\\/tiranalajm.com\\\/index.php\\\/2025\\\/06\\\/05\\\/pse-hodhe-fishekzjarre-kur-u-vrane-familjaret-e-mi-erion-alibej-tregon-biseden-me-suel-celen\\\/#primaryimage\"},\"thumbnailUrl\":\"https:\\\/\\\/tiranalajm.com\\\/wp-content\\\/uploads\\\/2025\\\/06\\\/900-0-1749116722xerion-dhe-endrit-alibej-498-1749118031.jpg\",\"datePublished\":\"2025-06-05T12:11:00+00:00\",\"breadcrumb\":{\"@id\":\"https:\\\/\\\/tiranalajm.com\\\/index.php\\\/2025\\\/06\\\/05\\\/pse-hodhe-fishekzjarre-kur-u-vrane-familjaret-e-mi-erion-alibej-tregon-biseden-me-suel-celen\\\/#breadcrumb\"},\"inLanguage\":\"en-US\",\"potentialAction\":[{\"@type\":\"ReadAction\",\"target\":[\"https:\\\/\\\/tiranalajm.com\\\/index.php\\\/2025\\\/06\\\/05\\\/pse-hodhe-fishekzjarre-kur-u-vrane-familjaret-e-mi-erion-alibej-tregon-biseden-me-suel-celen\\\/\"]}]},{\"@type\":\"ImageObject\",\"inLanguage\":\"en-US\",\"@id\":\"https:\\\/\\\/tiranalajm.com\\\/index.php\\\/2025\\\/06\\\/05\\\/pse-hodhe-fishekzjarre-kur-u-vrane-familjaret-e-mi-erion-alibej-tregon-biseden-me-suel-celen\\\/#primaryimage\",\"url\":\"https:\\\/\\\/tiranalajm.com\\\/wp-content\\\/uploads\\\/2025\\\/06\\\/900-0-1749116722xerion-dhe-endrit-alibej-498-1749118031.jpg\",\"contentUrl\":\"https:\\\/\\\/tiranalajm.com\\\/wp-content\\\/uploads\\\/2025\\\/06\\\/900-0-1749116722xerion-dhe-endrit-alibej-498-1749118031.jpg\",\"width\":900,\"height\":556},{\"@type\":\"BreadcrumbList\",\"@id\":\"https:\\\/\\\/tiranalajm.com\\\/index.php\\\/2025\\\/06\\\/05\\\/pse-hodhe-fishekzjarre-kur-u-vrane-familjaret-e-mi-erion-alibej-tregon-biseden-me-suel-celen\\\/#breadcrumb\",\"itemListElement\":[{\"@type\":\"ListItem\",\"position\":1,\"name\":\"Home\",\"item\":\"https:\\\/\\\/tiranalajm.com\\\/\"},{\"@type\":\"ListItem\",\"position\":2,\"name\":\"\u201cPse hodhe fishekzjarr\u00eb kur u vran\u00eb familjar\u00ebt e mi?\u201d, Erion Alibej tregon bised\u00ebn me Suel \u00c7el\u00ebn\u00a0\"}]},{\"@type\":\"WebSite\",\"@id\":\"https:\\\/\\\/tiranalajm.com\\\/#website\",\"url\":\"https:\\\/\\\/tiranalajm.com\\\/\",\"name\":\"Tirana Lajm\",\"description\":\"Tirana Lajm\",\"publisher\":{\"@id\":\"https:\\\/\\\/tiranalajm.com\\\/#organization\"},\"potentialAction\":[{\"@type\":\"SearchAction\",\"target\":{\"@type\":\"EntryPoint\",\"urlTemplate\":\"https:\\\/\\\/tiranalajm.com\\\/?s={search_term_string}\"},\"query-input\":{\"@type\":\"PropertyValueSpecification\",\"valueRequired\":true,\"valueName\":\"search_term_string\"}}],\"inLanguage\":\"en-US\"},{\"@type\":\"Organization\",\"@id\":\"https:\\\/\\\/tiranalajm.com\\\/#organization\",\"name\":\"Tirana Lajm\",\"url\":\"https:\\\/\\\/tiranalajm.com\\\/\",\"logo\":{\"@type\":\"ImageObject\",\"inLanguage\":\"en-US\",\"@id\":\"https:\\\/\\\/tiranalajm.com\\\/#\\\/schema\\\/logo\\\/image\\\/\",\"url\":\"https:\\\/\\\/tiranalajm.com\\\/wp-content\\\/uploads\\\/2023\\\/08\\\/logo-tirana-lajm.jpg\",\"contentUrl\":\"https:\\\/\\\/tiranalajm.com\\\/wp-content\\\/uploads\\\/2023\\\/08\\\/logo-tirana-lajm.jpg\",\"width\":600,\"height\":360,\"caption\":\"Tirana Lajm\"},\"image\":{\"@id\":\"https:\\\/\\\/tiranalajm.com\\\/#\\\/schema\\\/logo\\\/image\\\/\"}},{\"@type\":\"Person\",\"@id\":\"https:\\\/\\\/tiranalajm.com\\\/#\\\/schema\\\/person\\\/d62adf3f0d0ba38eb923c3c1f5152717\",\"name\":\"tiranalajm.com\",\"image\":{\"@type\":\"ImageObject\",\"inLanguage\":\"en-US\",\"@id\":\"https:\\\/\\\/secure.gravatar.com\\\/avatar\\\/70082bb8d030bb6b79327cd6e282b497e1b999934e601ba07a020bca96c4dbee?s=96&d=mm&r=g\",\"url\":\"https:\\\/\\\/secure.gravatar.com\\\/avatar\\\/70082bb8d030bb6b79327cd6e282b497e1b999934e601ba07a020bca96c4dbee?s=96&d=mm&r=g\",\"contentUrl\":\"https:\\\/\\\/secure.gravatar.com\\\/avatar\\\/70082bb8d030bb6b79327cd6e282b497e1b999934e601ba07a020bca96c4dbee?s=96&d=mm&r=g\",\"caption\":\"tiranalajm.com\"},\"sameAs\":[\"http:\\\/\\\/tiranalajm.com\"],\"url\":\"https:\\\/\\\/tiranalajm.com\\\/index.php\\\/author\\\/tiranalajm-com\\\/\"}]}<\/script>\n<!-- \/ Yoast SEO plugin. -->","yoast_head_json":{"title":"\u201cPse hodhe fishekzjarr\u00eb kur u vran\u00eb familjar\u00ebt e mi?\u201d, Erion Alibej tregon bised\u00ebn me Suel \u00c7el\u00ebn\u00a0 - Tirana Lajm","robots":{"index":"index","follow":"follow","max-snippet":"max-snippet:-1","max-image-preview":"max-image-preview:large","max-video-preview":"max-video-preview:-1"},"canonical":"https:\/\/tiranalajm.com\/index.php\/2025\/06\/05\/pse-hodhe-fishekzjarre-kur-u-vrane-familjaret-e-mi-erion-alibej-tregon-biseden-me-suel-celen\/","og_locale":"en_US","og_type":"article","og_title":"\u201cPse hodhe fishekzjarr\u00eb kur u vran\u00eb familjar\u00ebt e mi?\u201d, Erion Alibej tregon bised\u00ebn me Suel \u00c7el\u00ebn\u00a0 - Tirana Lajm","og_description":"N\u00eb dosjen \u201cPlumbi i art\u00eb\u201d vijon sot d\u00ebshmia e t\u00eb penduarit Erion Alibej. Gjat\u00eb d\u00ebshmis\u00eb, Alibej tregoi p\u00ebrpj\u00ebkjet p\u00ebr t\u00eb zbuluar vras\u00ebsit e v\u00ebllait, Endritit. &#8220;Vendosa t\u00eb mos rrija m\u00eb n\u00eb Roterdam. U ktheva n\u00eb Shqip\u00ebri. U futa klandestin nga Qaf\u00eb-Bota, pasi isha n\u00eb k\u00ebrkim. Kam telefonuar Genc Tafilin. E ftova n\u00eb apartamentin tim. Erdhi [&hellip;]","og_url":"https:\/\/tiranalajm.com\/index.php\/2025\/06\/05\/pse-hodhe-fishekzjarre-kur-u-vrane-familjaret-e-mi-erion-alibej-tregon-biseden-me-suel-celen\/","og_site_name":"Tirana Lajm","article_published_time":"2025-06-05T12:11:00+00:00","og_image":[{"width":900,"height":556,"url":"http:\/\/tiranalajm.com\/wp-content\/uploads\/2025\/06\/900-0-1749116722xerion-dhe-endrit-alibej-498-1749118031.jpg","type":"image\/jpeg"}],"author":"tiranalajm.com","twitter_card":"summary_large_image","twitter_misc":{"Written by":"tiranalajm.com","Est. reading time":"2 minutes"},"schema":{"@context":"https:\/\/schema.org","@graph":[{"@type":"Article","@id":"https:\/\/tiranalajm.com\/index.php\/2025\/06\/05\/pse-hodhe-fishekzjarre-kur-u-vrane-familjaret-e-mi-erion-alibej-tregon-biseden-me-suel-celen\/#article","isPartOf":{"@id":"https:\/\/tiranalajm.com\/index.php\/2025\/06\/05\/pse-hodhe-fishekzjarre-kur-u-vrane-familjaret-e-mi-erion-alibej-tregon-biseden-me-suel-celen\/"},"author":{"name":"tiranalajm.com","@id":"https:\/\/tiranalajm.com\/#\/schema\/person\/d62adf3f0d0ba38eb923c3c1f5152717"},"headline":"\u201cPse hodhe fishekzjarr\u00eb kur u vran\u00eb familjar\u00ebt e mi?\u201d, Erion Alibej tregon bised\u00ebn me Suel \u00c7el\u00ebn\u00a0","datePublished":"2025-06-05T12:11:00+00:00","mainEntityOfPage":{"@id":"https:\/\/tiranalajm.com\/index.php\/2025\/06\/05\/pse-hodhe-fishekzjarre-kur-u-vrane-familjaret-e-mi-erion-alibej-tregon-biseden-me-suel-celen\/"},"wordCount":512,"commentCount":0,"publisher":{"@id":"https:\/\/tiranalajm.com\/#organization"},"image":{"@id":"https:\/\/tiranalajm.com\/index.php\/2025\/06\/05\/pse-hodhe-fishekzjarre-kur-u-vrane-familjaret-e-mi-erion-alibej-tregon-biseden-me-suel-celen\/#primaryimage"},"thumbnailUrl":"https:\/\/tiranalajm.com\/wp-content\/uploads\/2025\/06\/900-0-1749116722xerion-dhe-endrit-alibej-498-1749118031.jpg","articleSection":["Kryesore","Rreth vendit"],"inLanguage":"en-US","potentialAction":[{"@type":"CommentAction","name":"Comment","target":["https:\/\/tiranalajm.com\/index.php\/2025\/06\/05\/pse-hodhe-fishekzjarre-kur-u-vrane-familjaret-e-mi-erion-alibej-tregon-biseden-me-suel-celen\/#respond"]}]},{"@type":"WebPage","@id":"https:\/\/tiranalajm.com\/index.php\/2025\/06\/05\/pse-hodhe-fishekzjarre-kur-u-vrane-familjaret-e-mi-erion-alibej-tregon-biseden-me-suel-celen\/","url":"https:\/\/tiranalajm.com\/index.php\/2025\/06\/05\/pse-hodhe-fishekzjarre-kur-u-vrane-familjaret-e-mi-erion-alibej-tregon-biseden-me-suel-celen\/","name":"\u201cPse hodhe fishekzjarr\u00eb kur u vran\u00eb familjar\u00ebt e mi?\u201d, Erion Alibej tregon bised\u00ebn me Suel \u00c7el\u00ebn\u00a0 - Tirana Lajm","isPartOf":{"@id":"https:\/\/tiranalajm.com\/#website"},"primaryImageOfPage":{"@id":"https:\/\/tiranalajm.com\/index.php\/2025\/06\/05\/pse-hodhe-fishekzjarre-kur-u-vrane-familjaret-e-mi-erion-alibej-tregon-biseden-me-suel-celen\/#primaryimage"},"image":{"@id":"https:\/\/tiranalajm.com\/index.php\/2025\/06\/05\/pse-hodhe-fishekzjarre-kur-u-vrane-familjaret-e-mi-erion-alibej-tregon-biseden-me-suel-celen\/#primaryimage"},"thumbnailUrl":"https:\/\/tiranalajm.com\/wp-content\/uploads\/2025\/06\/900-0-1749116722xerion-dhe-endrit-alibej-498-1749118031.jpg","datePublished":"2025-06-05T12:11:00+00:00","breadcrumb":{"@id":"https:\/\/tiranalajm.com\/index.php\/2025\/06\/05\/pse-hodhe-fishekzjarre-kur-u-vrane-familjaret-e-mi-erion-alibej-tregon-biseden-me-suel-celen\/#breadcrumb"},"inLanguage":"en-US","potentialAction":[{"@type":"ReadAction","target":["https:\/\/tiranalajm.com\/index.php\/2025\/06\/05\/pse-hodhe-fishekzjarre-kur-u-vrane-familjaret-e-mi-erion-alibej-tregon-biseden-me-suel-celen\/"]}]},{"@type":"ImageObject","inLanguage":"en-US","@id":"https:\/\/tiranalajm.com\/index.php\/2025\/06\/05\/pse-hodhe-fishekzjarre-kur-u-vrane-familjaret-e-mi-erion-alibej-tregon-biseden-me-suel-celen\/#primaryimage","url":"https:\/\/tiranalajm.com\/wp-content\/uploads\/2025\/06\/900-0-1749116722xerion-dhe-endrit-alibej-498-1749118031.jpg","contentUrl":"https:\/\/tiranalajm.com\/wp-content\/uploads\/2025\/06\/900-0-1749116722xerion-dhe-endrit-alibej-498-1749118031.jpg","width":900,"height":556},{"@type":"BreadcrumbList","@id":"https:\/\/tiranalajm.com\/index.php\/2025\/06\/05\/pse-hodhe-fishekzjarre-kur-u-vrane-familjaret-e-mi-erion-alibej-tregon-biseden-me-suel-celen\/#breadcrumb","itemListElement":[{"@type":"ListItem","position":1,"name":"Home","item":"https:\/\/tiranalajm.com\/"},{"@type":"ListItem","position":2,"name":"\u201cPse hodhe fishekzjarr\u00eb kur u vran\u00eb familjar\u00ebt e mi?\u201d, Erion Alibej tregon bised\u00ebn me Suel \u00c7el\u00ebn\u00a0"}]},{"@type":"WebSite","@id":"https:\/\/tiranalajm.com\/#website","url":"https:\/\/tiranalajm.com\/","name":"Tirana Lajm","description":"Tirana Lajm","publisher":{"@id":"https:\/\/tiranalajm.com\/#organization"},"potentialAction":[{"@type":"SearchAction","target":{"@type":"EntryPoint","urlTemplate":"https:\/\/tiranalajm.com\/?s={search_term_string}"},"query-input":{"@type":"PropertyValueSpecification","valueRequired":true,"valueName":"search_term_string"}}],"inLanguage":"en-US"},{"@type":"Organization","@id":"https:\/\/tiranalajm.com\/#organization","name":"Tirana Lajm","url":"https:\/\/tiranalajm.com\/","logo":{"@type":"ImageObject","inLanguage":"en-US","@id":"https:\/\/tiranalajm.com\/#\/schema\/logo\/image\/","url":"https:\/\/tiranalajm.com\/wp-content\/uploads\/2023\/08\/logo-tirana-lajm.jpg","contentUrl":"https:\/\/tiranalajm.com\/wp-content\/uploads\/2023\/08\/logo-tirana-lajm.jpg","width":600,"height":360,"caption":"Tirana Lajm"},"image":{"@id":"https:\/\/tiranalajm.com\/#\/schema\/logo\/image\/"}},{"@type":"Person","@id":"https:\/\/tiranalajm.com\/#\/schema\/person\/d62adf3f0d0ba38eb923c3c1f5152717","name":"tiranalajm.com","image":{"@type":"ImageObject","inLanguage":"en-US","@id":"https:\/\/secure.gravatar.com\/avatar\/70082bb8d030bb6b79327cd6e282b497e1b999934e601ba07a020bca96c4dbee?s=96&d=mm&r=g","url":"https:\/\/secure.gravatar.com\/avatar\/70082bb8d030bb6b79327cd6e282b497e1b999934e601ba07a020bca96c4dbee?s=96&d=mm&r=g","contentUrl":"https:\/\/secure.gravatar.com\/avatar\/70082bb8d030bb6b79327cd6e282b497e1b999934e601ba07a020bca96c4dbee?s=96&d=mm&r=g","caption":"tiranalajm.com"},"sameAs":["http:\/\/tiranalajm.com"],"url":"https:\/\/tiranalajm.com\/index.php\/author\/tiranalajm-com\/"}]}},"_links":{"self":[{"href":"https:\/\/tiranalajm.com\/index.php\/wp-json\/wp\/v2\/posts\/206","targetHints":{"allow":["GET"]}}],"collection":[{"href":"https:\/\/tiranalajm.com\/index.php\/wp-json\/wp\/v2\/posts"}],"about":[{"href":"https:\/\/tiranalajm.com\/index.php\/wp-json\/wp\/v2\/types\/post"}],"author":[{"embeddable":true,"href":"https:\/\/tiranalajm.com\/index.php\/wp-json\/wp\/v2\/users\/1"}],"replies":[{"embeddable":true,"href":"https:\/\/tiranalajm.com\/index.php\/wp-json\/wp\/v2\/comments?post=206"}],"version-history":[{"count":1,"href":"https:\/\/tiranalajm.com\/index.php\/wp-json\/wp\/v2\/posts\/206\/revisions"}],"predecessor-version":[{"id":208,"href":"https:\/\/tiranalajm.com\/index.php\/wp-json\/wp\/v2\/posts\/206\/revisions\/208"}],"wp:featuredmedia":[{"embeddable":true,"href":"https:\/\/tiranalajm.com\/index.php\/wp-json\/wp\/v2\/media\/207"}],"wp:attachment":[{"href":"https:\/\/tiranalajm.com\/index.php\/wp-json\/wp\/v2\/media?parent=206"}],"wp:term":[{"taxonomy":"category","embeddable":true,"href":"https:\/\/tiranalajm.com\/index.php\/wp-json\/wp\/v2\/categories?post=206"},{"taxonomy":"post_tag","embeddable":true,"href":"https:\/\/tiranalajm.com\/index.php\/wp-json\/wp\/v2\/tags?post=206"}],"curies":[{"name":"wp","href":"https:\/\/api.w.org\/{rel}","templated":true}]}}