{"id":212,"date":"2025-06-05T13:13:32","date_gmt":"2025-06-05T12:13:32","guid":{"rendered":"https:\/\/tiranalajm.com\/?p=212"},"modified":"2025-06-05T13:13:32","modified_gmt":"2025-06-05T12:13:32","slug":"do-ti-shiste-lende-narkotike-nje-personi-vihet-ne-pranga-36-vjecari-ne-diber","status":"publish","type":"post","link":"https:\/\/tiranalajm.com\/index.php\/2025\/06\/05\/do-ti-shiste-lende-narkotike-nje-personi-vihet-ne-pranga-36-vjecari-ne-diber\/","title":{"rendered":"Do t\u2019i shiste l\u00ebnd\u00eb narkotike nj\u00eb personi, vihet n\u00eb pranga 36-vje\u00e7ari n\u00eb Dib\u00ebr"},"content":{"rendered":"\n<p>Nj\u00eb 36-vje\u00e7ar ka p\u00ebrfunduar n\u00eb pranga nga Policia e Dibr\u00ebs pasi tentoi t\u2019i shitste nj\u00eb shtetasi nj\u00eb sasi l\u00ebnd\u00eb narkotike kokaine.<\/p>\n\n\n\n<p>Blut\u00eb kan\u00eb sekuestruar nj\u00eb pako me l\u00ebnd\u00eb narkotike kokain\u00eb, n\u00eb cil\u00ebsin\u00eb e prov\u00ebs materiale.<\/p>\n\n\n\n<p>Policia njofton se vijon puna p\u00ebr identifikimin dhe kapjen e personit q\u00eb do t\u00eb blinte l\u00ebnd\u00ebn narkotike.<\/p>\n\n\n\n<p><em>\u201cSpecialist\u00ebt e Seksionit p\u00ebr Hetimin e Narkotik\u00ebve dhe Trafiqeve n\u00eb Drejtorin\u00eb Vendore t\u00eb Policis\u00eb Dib\u00ebr, n\u00eb vijim t\u00eb pun\u00ebs p\u00ebr parandalimin dhe goditjen e tentativave p\u00ebr shp\u00ebrndarje t\u00eb l\u00ebnd\u00ebve narkotike, bazuar dhe n\u00eb informacionet e siguruara, kan\u00eb organizuar dhe finalizuar operacionin policor t\u00eb koduar \u201cPritja\u201d.<\/em><\/p>\n\n\n\n<p><em>N\u00eb kuad\u00ebr t\u00eb operacionit, n\u00eb Rrug\u00ebn e Arb\u00ebrit, n\u00eb qytetin e Klosit, sh\u00ebrbimet e Policis\u00eb kan\u00eb konstatuar, kapur dhe arrestuar shtetasin L. H., 36 vje\u00e7, lindur n\u00eb Kosov\u00eb dhe banues n\u00eb Tiran\u00eb.<\/em><\/p>\n\n\n\n<p><em>Gjat\u00eb kontrollit t\u00eb automjetit, sh\u00ebrbimet e Policis\u00eb kan\u00eb gjetur nj\u00eb pako me l\u00ebnd\u00eb narkotike t\u00eb dyshuar kokain\u00eb, t\u00eb cil\u00ebn ky shtetas po priste t\u2019ia shiste nj\u00eb shtetasi me t\u00eb cilin kishte b\u00ebr\u00eb marr\u00ebveshje m\u00eb par\u00eb.<\/em><\/p>\n\n\n\n<p><em>Specialist\u00ebt e Seksionit p\u00ebr Hetimin e Narkotik\u00ebve dhe Trafiqeve n\u00eb Drejtorin\u00eb Vendore t\u00eb Policis\u00eb Dib\u00ebr, n\u00eb bashk\u00ebpunim me Prokurorin\u00eb, po vijojn\u00eb pun\u00ebn p\u00ebr identifikimin dhe kapjen e personit q\u00eb do t\u00eb blinte l\u00ebnd\u00ebn narkotike.\u201d<\/em>\u2013 njofton policia.<\/p>\n\n\n\n<p>Materialet i kaluan Prokuroris\u00eb pran\u00eb Gjykat\u00ebs s\u00eb Shkall\u00ebs s\u00eb Par\u00eb t\u00eb Juridiksionit t\u00eb P\u00ebrgjithsh\u00ebm Dib\u00ebr, p\u00ebr vepr\u00ebn penale \u201dProdhimi dhe shitja e narkotik\u00ebve\u201d.<\/p>\n","protected":false},"excerpt":{"rendered":"<p>Nj\u00eb 36-vje\u00e7ar ka p\u00ebrfunduar n\u00eb pranga nga Policia e Dibr\u00ebs pasi tentoi t\u2019i shitste nj\u00eb shtetasi nj\u00eb sasi l\u00ebnd\u00eb narkotike kokaine. Blut\u00eb kan\u00eb sekuestruar nj\u00eb pako me l\u00ebnd\u00eb narkotike kokain\u00eb, n\u00eb cil\u00ebsin\u00eb e prov\u00ebs materiale. Policia njofton se vijon puna p\u00ebr identifikimin dhe kapjen e personit q\u00eb do t\u00eb blinte l\u00ebnd\u00ebn narkotike. \u201cSpecialist\u00ebt e Seksionit [&hellip;]<\/p>\n","protected":false},"author":1,"featured_media":213,"comment_status":"open","ping_status":"open","sticky":false,"template":"","format":"standard","meta":{"footnotes":""},"categories":[3],"tags":[],"class_list":["post-212","post","type-post","status-publish","format-standard","has-post-thumbnail","hentry","category-rreth-vendit"],"yoast_head":"<!-- This site is optimized with the Yoast SEO plugin v27.5 - https:\/\/yoast.com\/product\/yoast-seo-wordpress\/ -->\n<title>Do t\u2019i shiste l\u00ebnd\u00eb narkotike nj\u00eb personi, vihet n\u00eb pranga 36-vje\u00e7ari n\u00eb Dib\u00ebr - Tirana Lajm<\/title>\n<meta name=\"robots\" content=\"index, follow, max-snippet:-1, max-image-preview:large, max-video-preview:-1\" \/>\n<link rel=\"canonical\" href=\"https:\/\/tiranalajm.com\/index.php\/2025\/06\/05\/do-ti-shiste-lende-narkotike-nje-personi-vihet-ne-pranga-36-vjecari-ne-diber\/\" \/>\n<meta property=\"og:locale\" content=\"en_US\" \/>\n<meta property=\"og:type\" content=\"article\" \/>\n<meta property=\"og:title\" content=\"Do t\u2019i shiste l\u00ebnd\u00eb narkotike nj\u00eb personi, vihet n\u00eb pranga 36-vje\u00e7ari n\u00eb Dib\u00ebr - Tirana Lajm\" \/>\n<meta property=\"og:description\" content=\"Nj\u00eb 36-vje\u00e7ar ka p\u00ebrfunduar n\u00eb pranga nga Policia e Dibr\u00ebs pasi tentoi t\u2019i shitste nj\u00eb shtetasi nj\u00eb sasi l\u00ebnd\u00eb narkotike kokaine. Blut\u00eb kan\u00eb sekuestruar nj\u00eb pako me l\u00ebnd\u00eb narkotike kokain\u00eb, n\u00eb cil\u00ebsin\u00eb e prov\u00ebs materiale. Policia njofton se vijon puna p\u00ebr identifikimin dhe kapjen e personit q\u00eb do t\u00eb blinte l\u00ebnd\u00ebn narkotike. \u201cSpecialist\u00ebt e Seksionit [&hellip;]\" \/>\n<meta property=\"og:url\" content=\"https:\/\/tiranalajm.com\/index.php\/2025\/06\/05\/do-ti-shiste-lende-narkotike-nje-personi-vihet-ne-pranga-36-vjecari-ne-diber\/\" \/>\n<meta property=\"og:site_name\" content=\"Tirana Lajm\" \/>\n<meta property=\"article:published_time\" content=\"2025-06-05T12:13:32+00:00\" \/>\n<meta property=\"og:image\" content=\"http:\/\/tiranalajm.com\/wp-content\/uploads\/2025\/06\/drog.png\" \/>\n\t<meta property=\"og:image:width\" content=\"399\" \/>\n\t<meta property=\"og:image:height\" content=\"418\" \/>\n\t<meta property=\"og:image:type\" content=\"image\/png\" \/>\n<meta name=\"author\" content=\"tiranalajm.com\" \/>\n<meta name=\"twitter:card\" content=\"summary_large_image\" \/>\n<meta name=\"twitter:label1\" content=\"Written by\" \/>\n\t<meta name=\"twitter:data1\" content=\"tiranalajm.com\" \/>\n\t<meta name=\"twitter:label2\" content=\"Est. reading time\" \/>\n\t<meta name=\"twitter:data2\" content=\"1 minute\" \/>\n<script type=\"application\/ld+json\" class=\"yoast-schema-graph\">{\"@context\":\"https:\\\/\\\/schema.org\",\"@graph\":[{\"@type\":\"Article\",\"@id\":\"https:\\\/\\\/tiranalajm.com\\\/index.php\\\/2025\\\/06\\\/05\\\/do-ti-shiste-lende-narkotike-nje-personi-vihet-ne-pranga-36-vjecari-ne-diber\\\/#article\",\"isPartOf\":{\"@id\":\"https:\\\/\\\/tiranalajm.com\\\/index.php\\\/2025\\\/06\\\/05\\\/do-ti-shiste-lende-narkotike-nje-personi-vihet-ne-pranga-36-vjecari-ne-diber\\\/\"},\"author\":{\"name\":\"tiranalajm.com\",\"@id\":\"https:\\\/\\\/tiranalajm.com\\\/#\\\/schema\\\/person\\\/d62adf3f0d0ba38eb923c3c1f5152717\"},\"headline\":\"Do t\u2019i shiste l\u00ebnd\u00eb narkotike nj\u00eb personi, vihet n\u00eb pranga 36-vje\u00e7ari n\u00eb Dib\u00ebr\",\"datePublished\":\"2025-06-05T12:13:32+00:00\",\"mainEntityOfPage\":{\"@id\":\"https:\\\/\\\/tiranalajm.com\\\/index.php\\\/2025\\\/06\\\/05\\\/do-ti-shiste-lende-narkotike-nje-personi-vihet-ne-pranga-36-vjecari-ne-diber\\\/\"},\"wordCount\":287,\"commentCount\":0,\"publisher\":{\"@id\":\"https:\\\/\\\/tiranalajm.com\\\/#organization\"},\"image\":{\"@id\":\"https:\\\/\\\/tiranalajm.com\\\/index.php\\\/2025\\\/06\\\/05\\\/do-ti-shiste-lende-narkotike-nje-personi-vihet-ne-pranga-36-vjecari-ne-diber\\\/#primaryimage\"},\"thumbnailUrl\":\"https:\\\/\\\/tiranalajm.com\\\/wp-content\\\/uploads\\\/2025\\\/06\\\/drog.png\",\"articleSection\":[\"Rreth vendit\"],\"inLanguage\":\"en-US\",\"potentialAction\":[{\"@type\":\"CommentAction\",\"name\":\"Comment\",\"target\":[\"https:\\\/\\\/tiranalajm.com\\\/index.php\\\/2025\\\/06\\\/05\\\/do-ti-shiste-lende-narkotike-nje-personi-vihet-ne-pranga-36-vjecari-ne-diber\\\/#respond\"]}]},{\"@type\":\"WebPage\",\"@id\":\"https:\\\/\\\/tiranalajm.com\\\/index.php\\\/2025\\\/06\\\/05\\\/do-ti-shiste-lende-narkotike-nje-personi-vihet-ne-pranga-36-vjecari-ne-diber\\\/\",\"url\":\"https:\\\/\\\/tiranalajm.com\\\/index.php\\\/2025\\\/06\\\/05\\\/do-ti-shiste-lende-narkotike-nje-personi-vihet-ne-pranga-36-vjecari-ne-diber\\\/\",\"name\":\"Do t\u2019i shiste l\u00ebnd\u00eb narkotike nj\u00eb personi, vihet n\u00eb pranga 36-vje\u00e7ari n\u00eb Dib\u00ebr - Tirana Lajm\",\"isPartOf\":{\"@id\":\"https:\\\/\\\/tiranalajm.com\\\/#website\"},\"primaryImageOfPage\":{\"@id\":\"https:\\\/\\\/tiranalajm.com\\\/index.php\\\/2025\\\/06\\\/05\\\/do-ti-shiste-lende-narkotike-nje-personi-vihet-ne-pranga-36-vjecari-ne-diber\\\/#primaryimage\"},\"image\":{\"@id\":\"https:\\\/\\\/tiranalajm.com\\\/index.php\\\/2025\\\/06\\\/05\\\/do-ti-shiste-lende-narkotike-nje-personi-vihet-ne-pranga-36-vjecari-ne-diber\\\/#primaryimage\"},\"thumbnailUrl\":\"https:\\\/\\\/tiranalajm.com\\\/wp-content\\\/uploads\\\/2025\\\/06\\\/drog.png\",\"datePublished\":\"2025-06-05T12:13:32+00:00\",\"breadcrumb\":{\"@id\":\"https:\\\/\\\/tiranalajm.com\\\/index.php\\\/2025\\\/06\\\/05\\\/do-ti-shiste-lende-narkotike-nje-personi-vihet-ne-pranga-36-vjecari-ne-diber\\\/#breadcrumb\"},\"inLanguage\":\"en-US\",\"potentialAction\":[{\"@type\":\"ReadAction\",\"target\":[\"https:\\\/\\\/tiranalajm.com\\\/index.php\\\/2025\\\/06\\\/05\\\/do-ti-shiste-lende-narkotike-nje-personi-vihet-ne-pranga-36-vjecari-ne-diber\\\/\"]}]},{\"@type\":\"ImageObject\",\"inLanguage\":\"en-US\",\"@id\":\"https:\\\/\\\/tiranalajm.com\\\/index.php\\\/2025\\\/06\\\/05\\\/do-ti-shiste-lende-narkotike-nje-personi-vihet-ne-pranga-36-vjecari-ne-diber\\\/#primaryimage\",\"url\":\"https:\\\/\\\/tiranalajm.com\\\/wp-content\\\/uploads\\\/2025\\\/06\\\/drog.png\",\"contentUrl\":\"https:\\\/\\\/tiranalajm.com\\\/wp-content\\\/uploads\\\/2025\\\/06\\\/drog.png\",\"width\":399,\"height\":418},{\"@type\":\"BreadcrumbList\",\"@id\":\"https:\\\/\\\/tiranalajm.com\\\/index.php\\\/2025\\\/06\\\/05\\\/do-ti-shiste-lende-narkotike-nje-personi-vihet-ne-pranga-36-vjecari-ne-diber\\\/#breadcrumb\",\"itemListElement\":[{\"@type\":\"ListItem\",\"position\":1,\"name\":\"Home\",\"item\":\"https:\\\/\\\/tiranalajm.com\\\/\"},{\"@type\":\"ListItem\",\"position\":2,\"name\":\"Do t\u2019i shiste l\u00ebnd\u00eb narkotike nj\u00eb personi, vihet n\u00eb pranga 36-vje\u00e7ari n\u00eb Dib\u00ebr\"}]},{\"@type\":\"WebSite\",\"@id\":\"https:\\\/\\\/tiranalajm.com\\\/#website\",\"url\":\"https:\\\/\\\/tiranalajm.com\\\/\",\"name\":\"Tirana Lajm\",\"description\":\"Tirana Lajm\",\"publisher\":{\"@id\":\"https:\\\/\\\/tiranalajm.com\\\/#organization\"},\"potentialAction\":[{\"@type\":\"SearchAction\",\"target\":{\"@type\":\"EntryPoint\",\"urlTemplate\":\"https:\\\/\\\/tiranalajm.com\\\/?s={search_term_string}\"},\"query-input\":{\"@type\":\"PropertyValueSpecification\",\"valueRequired\":true,\"valueName\":\"search_term_string\"}}],\"inLanguage\":\"en-US\"},{\"@type\":\"Organization\",\"@id\":\"https:\\\/\\\/tiranalajm.com\\\/#organization\",\"name\":\"Tirana Lajm\",\"url\":\"https:\\\/\\\/tiranalajm.com\\\/\",\"logo\":{\"@type\":\"ImageObject\",\"inLanguage\":\"en-US\",\"@id\":\"https:\\\/\\\/tiranalajm.com\\\/#\\\/schema\\\/logo\\\/image\\\/\",\"url\":\"https:\\\/\\\/tiranalajm.com\\\/wp-content\\\/uploads\\\/2023\\\/08\\\/logo-tirana-lajm.jpg\",\"contentUrl\":\"https:\\\/\\\/tiranalajm.com\\\/wp-content\\\/uploads\\\/2023\\\/08\\\/logo-tirana-lajm.jpg\",\"width\":600,\"height\":360,\"caption\":\"Tirana Lajm\"},\"image\":{\"@id\":\"https:\\\/\\\/tiranalajm.com\\\/#\\\/schema\\\/logo\\\/image\\\/\"}},{\"@type\":\"Person\",\"@id\":\"https:\\\/\\\/tiranalajm.com\\\/#\\\/schema\\\/person\\\/d62adf3f0d0ba38eb923c3c1f5152717\",\"name\":\"tiranalajm.com\",\"image\":{\"@type\":\"ImageObject\",\"inLanguage\":\"en-US\",\"@id\":\"https:\\\/\\\/secure.gravatar.com\\\/avatar\\\/70082bb8d030bb6b79327cd6e282b497e1b999934e601ba07a020bca96c4dbee?s=96&d=mm&r=g\",\"url\":\"https:\\\/\\\/secure.gravatar.com\\\/avatar\\\/70082bb8d030bb6b79327cd6e282b497e1b999934e601ba07a020bca96c4dbee?s=96&d=mm&r=g\",\"contentUrl\":\"https:\\\/\\\/secure.gravatar.com\\\/avatar\\\/70082bb8d030bb6b79327cd6e282b497e1b999934e601ba07a020bca96c4dbee?s=96&d=mm&r=g\",\"caption\":\"tiranalajm.com\"},\"sameAs\":[\"http:\\\/\\\/tiranalajm.com\"],\"url\":\"https:\\\/\\\/tiranalajm.com\\\/index.php\\\/author\\\/tiranalajm-com\\\/\"}]}<\/script>\n<!-- \/ Yoast SEO plugin. -->","yoast_head_json":{"title":"Do t\u2019i shiste l\u00ebnd\u00eb narkotike nj\u00eb personi, vihet n\u00eb pranga 36-vje\u00e7ari n\u00eb Dib\u00ebr - Tirana Lajm","robots":{"index":"index","follow":"follow","max-snippet":"max-snippet:-1","max-image-preview":"max-image-preview:large","max-video-preview":"max-video-preview:-1"},"canonical":"https:\/\/tiranalajm.com\/index.php\/2025\/06\/05\/do-ti-shiste-lende-narkotike-nje-personi-vihet-ne-pranga-36-vjecari-ne-diber\/","og_locale":"en_US","og_type":"article","og_title":"Do t\u2019i shiste l\u00ebnd\u00eb narkotike nj\u00eb personi, vihet n\u00eb pranga 36-vje\u00e7ari n\u00eb Dib\u00ebr - Tirana Lajm","og_description":"Nj\u00eb 36-vje\u00e7ar ka p\u00ebrfunduar n\u00eb pranga nga Policia e Dibr\u00ebs pasi tentoi t\u2019i shitste nj\u00eb shtetasi nj\u00eb sasi l\u00ebnd\u00eb narkotike kokaine. Blut\u00eb kan\u00eb sekuestruar nj\u00eb pako me l\u00ebnd\u00eb narkotike kokain\u00eb, n\u00eb cil\u00ebsin\u00eb e prov\u00ebs materiale. Policia njofton se vijon puna p\u00ebr identifikimin dhe kapjen e personit q\u00eb do t\u00eb blinte l\u00ebnd\u00ebn narkotike. \u201cSpecialist\u00ebt e Seksionit [&hellip;]","og_url":"https:\/\/tiranalajm.com\/index.php\/2025\/06\/05\/do-ti-shiste-lende-narkotike-nje-personi-vihet-ne-pranga-36-vjecari-ne-diber\/","og_site_name":"Tirana Lajm","article_published_time":"2025-06-05T12:13:32+00:00","og_image":[{"width":399,"height":418,"url":"http:\/\/tiranalajm.com\/wp-content\/uploads\/2025\/06\/drog.png","type":"image\/png"}],"author":"tiranalajm.com","twitter_card":"summary_large_image","twitter_misc":{"Written by":"tiranalajm.com","Est. reading time":"1 minute"},"schema":{"@context":"https:\/\/schema.org","@graph":[{"@type":"Article","@id":"https:\/\/tiranalajm.com\/index.php\/2025\/06\/05\/do-ti-shiste-lende-narkotike-nje-personi-vihet-ne-pranga-36-vjecari-ne-diber\/#article","isPartOf":{"@id":"https:\/\/tiranalajm.com\/index.php\/2025\/06\/05\/do-ti-shiste-lende-narkotike-nje-personi-vihet-ne-pranga-36-vjecari-ne-diber\/"},"author":{"name":"tiranalajm.com","@id":"https:\/\/tiranalajm.com\/#\/schema\/person\/d62adf3f0d0ba38eb923c3c1f5152717"},"headline":"Do t\u2019i shiste l\u00ebnd\u00eb narkotike nj\u00eb personi, vihet n\u00eb pranga 36-vje\u00e7ari n\u00eb Dib\u00ebr","datePublished":"2025-06-05T12:13:32+00:00","mainEntityOfPage":{"@id":"https:\/\/tiranalajm.com\/index.php\/2025\/06\/05\/do-ti-shiste-lende-narkotike-nje-personi-vihet-ne-pranga-36-vjecari-ne-diber\/"},"wordCount":287,"commentCount":0,"publisher":{"@id":"https:\/\/tiranalajm.com\/#organization"},"image":{"@id":"https:\/\/tiranalajm.com\/index.php\/2025\/06\/05\/do-ti-shiste-lende-narkotike-nje-personi-vihet-ne-pranga-36-vjecari-ne-diber\/#primaryimage"},"thumbnailUrl":"https:\/\/tiranalajm.com\/wp-content\/uploads\/2025\/06\/drog.png","articleSection":["Rreth vendit"],"inLanguage":"en-US","potentialAction":[{"@type":"CommentAction","name":"Comment","target":["https:\/\/tiranalajm.com\/index.php\/2025\/06\/05\/do-ti-shiste-lende-narkotike-nje-personi-vihet-ne-pranga-36-vjecari-ne-diber\/#respond"]}]},{"@type":"WebPage","@id":"https:\/\/tiranalajm.com\/index.php\/2025\/06\/05\/do-ti-shiste-lende-narkotike-nje-personi-vihet-ne-pranga-36-vjecari-ne-diber\/","url":"https:\/\/tiranalajm.com\/index.php\/2025\/06\/05\/do-ti-shiste-lende-narkotike-nje-personi-vihet-ne-pranga-36-vjecari-ne-diber\/","name":"Do t\u2019i shiste l\u00ebnd\u00eb narkotike nj\u00eb personi, vihet n\u00eb pranga 36-vje\u00e7ari n\u00eb Dib\u00ebr - Tirana Lajm","isPartOf":{"@id":"https:\/\/tiranalajm.com\/#website"},"primaryImageOfPage":{"@id":"https:\/\/tiranalajm.com\/index.php\/2025\/06\/05\/do-ti-shiste-lende-narkotike-nje-personi-vihet-ne-pranga-36-vjecari-ne-diber\/#primaryimage"},"image":{"@id":"https:\/\/tiranalajm.com\/index.php\/2025\/06\/05\/do-ti-shiste-lende-narkotike-nje-personi-vihet-ne-pranga-36-vjecari-ne-diber\/#primaryimage"},"thumbnailUrl":"https:\/\/tiranalajm.com\/wp-content\/uploads\/2025\/06\/drog.png","datePublished":"2025-06-05T12:13:32+00:00","breadcrumb":{"@id":"https:\/\/tiranalajm.com\/index.php\/2025\/06\/05\/do-ti-shiste-lende-narkotike-nje-personi-vihet-ne-pranga-36-vjecari-ne-diber\/#breadcrumb"},"inLanguage":"en-US","potentialAction":[{"@type":"ReadAction","target":["https:\/\/tiranalajm.com\/index.php\/2025\/06\/05\/do-ti-shiste-lende-narkotike-nje-personi-vihet-ne-pranga-36-vjecari-ne-diber\/"]}]},{"@type":"ImageObject","inLanguage":"en-US","@id":"https:\/\/tiranalajm.com\/index.php\/2025\/06\/05\/do-ti-shiste-lende-narkotike-nje-personi-vihet-ne-pranga-36-vjecari-ne-diber\/#primaryimage","url":"https:\/\/tiranalajm.com\/wp-content\/uploads\/2025\/06\/drog.png","contentUrl":"https:\/\/tiranalajm.com\/wp-content\/uploads\/2025\/06\/drog.png","width":399,"height":418},{"@type":"BreadcrumbList","@id":"https:\/\/tiranalajm.com\/index.php\/2025\/06\/05\/do-ti-shiste-lende-narkotike-nje-personi-vihet-ne-pranga-36-vjecari-ne-diber\/#breadcrumb","itemListElement":[{"@type":"ListItem","position":1,"name":"Home","item":"https:\/\/tiranalajm.com\/"},{"@type":"ListItem","position":2,"name":"Do t\u2019i shiste l\u00ebnd\u00eb narkotike nj\u00eb personi, vihet n\u00eb pranga 36-vje\u00e7ari n\u00eb Dib\u00ebr"}]},{"@type":"WebSite","@id":"https:\/\/tiranalajm.com\/#website","url":"https:\/\/tiranalajm.com\/","name":"Tirana Lajm","description":"Tirana Lajm","publisher":{"@id":"https:\/\/tiranalajm.com\/#organization"},"potentialAction":[{"@type":"SearchAction","target":{"@type":"EntryPoint","urlTemplate":"https:\/\/tiranalajm.com\/?s={search_term_string}"},"query-input":{"@type":"PropertyValueSpecification","valueRequired":true,"valueName":"search_term_string"}}],"inLanguage":"en-US"},{"@type":"Organization","@id":"https:\/\/tiranalajm.com\/#organization","name":"Tirana Lajm","url":"https:\/\/tiranalajm.com\/","logo":{"@type":"ImageObject","inLanguage":"en-US","@id":"https:\/\/tiranalajm.com\/#\/schema\/logo\/image\/","url":"https:\/\/tiranalajm.com\/wp-content\/uploads\/2023\/08\/logo-tirana-lajm.jpg","contentUrl":"https:\/\/tiranalajm.com\/wp-content\/uploads\/2023\/08\/logo-tirana-lajm.jpg","width":600,"height":360,"caption":"Tirana Lajm"},"image":{"@id":"https:\/\/tiranalajm.com\/#\/schema\/logo\/image\/"}},{"@type":"Person","@id":"https:\/\/tiranalajm.com\/#\/schema\/person\/d62adf3f0d0ba38eb923c3c1f5152717","name":"tiranalajm.com","image":{"@type":"ImageObject","inLanguage":"en-US","@id":"https:\/\/secure.gravatar.com\/avatar\/70082bb8d030bb6b79327cd6e282b497e1b999934e601ba07a020bca96c4dbee?s=96&d=mm&r=g","url":"https:\/\/secure.gravatar.com\/avatar\/70082bb8d030bb6b79327cd6e282b497e1b999934e601ba07a020bca96c4dbee?s=96&d=mm&r=g","contentUrl":"https:\/\/secure.gravatar.com\/avatar\/70082bb8d030bb6b79327cd6e282b497e1b999934e601ba07a020bca96c4dbee?s=96&d=mm&r=g","caption":"tiranalajm.com"},"sameAs":["http:\/\/tiranalajm.com"],"url":"https:\/\/tiranalajm.com\/index.php\/author\/tiranalajm-com\/"}]}},"_links":{"self":[{"href":"https:\/\/tiranalajm.com\/index.php\/wp-json\/wp\/v2\/posts\/212","targetHints":{"allow":["GET"]}}],"collection":[{"href":"https:\/\/tiranalajm.com\/index.php\/wp-json\/wp\/v2\/posts"}],"about":[{"href":"https:\/\/tiranalajm.com\/index.php\/wp-json\/wp\/v2\/types\/post"}],"author":[{"embeddable":true,"href":"https:\/\/tiranalajm.com\/index.php\/wp-json\/wp\/v2\/users\/1"}],"replies":[{"embeddable":true,"href":"https:\/\/tiranalajm.com\/index.php\/wp-json\/wp\/v2\/comments?post=212"}],"version-history":[{"count":1,"href":"https:\/\/tiranalajm.com\/index.php\/wp-json\/wp\/v2\/posts\/212\/revisions"}],"predecessor-version":[{"id":214,"href":"https:\/\/tiranalajm.com\/index.php\/wp-json\/wp\/v2\/posts\/212\/revisions\/214"}],"wp:featuredmedia":[{"embeddable":true,"href":"https:\/\/tiranalajm.com\/index.php\/wp-json\/wp\/v2\/media\/213"}],"wp:attachment":[{"href":"https:\/\/tiranalajm.com\/index.php\/wp-json\/wp\/v2\/media?parent=212"}],"wp:term":[{"taxonomy":"category","embeddable":true,"href":"https:\/\/tiranalajm.com\/index.php\/wp-json\/wp\/v2\/categories?post=212"},{"taxonomy":"post_tag","embeddable":true,"href":"https:\/\/tiranalajm.com\/index.php\/wp-json\/wp\/v2\/tags?post=212"}],"curies":[{"name":"wp","href":"https:\/\/api.w.org\/{rel}","templated":true}]}}