{"id":215,"date":"2025-06-05T13:15:14","date_gmt":"2025-06-05T12:15:14","guid":{"rendered":"https:\/\/tiranalajm.com\/?p=215"},"modified":"2025-06-05T13:15:15","modified_gmt":"2025-06-05T12:15:15","slug":"largohet-drejtori-i-kadastres-se-vlores-erjon-galanxhi-qendroi-vetem-tre-muaj-ne-detyre","status":"publish","type":"post","link":"https:\/\/tiranalajm.com\/index.php\/2025\/06\/05\/largohet-drejtori-i-kadastres-se-vlores-erjon-galanxhi-qendroi-vetem-tre-muaj-ne-detyre\/","title":{"rendered":"Largohet drejtori i Kadastr\u00ebs s\u00eb Vlor\u00ebs, Erjon Galanxhi! Q\u00ebndroi vet\u00ebm tre muaj n\u00eb detyr\u00eb"},"content":{"rendered":"\n<p>Pas vet\u00ebm tre muajsh n\u00eb detyr\u00eb,&nbsp;Erjon Galanxhi \u00ebsht\u00eb larguar nga drejtimi i kadastr\u00ebs s\u00eb Vlor\u00ebs.<\/p>\n\n\n\n<p>Ende nuk jan\u00eb b\u00ebr\u00eb publike arsyet zyrtare t\u00eb shkarkimit apo dor\u00ebheqjes s\u00eb tij.<\/p>\n\n\n\n<p>Kjo \u00ebsht\u00eb nj\u00eb tjet\u00ebr l\u00ebvizje n\u00eb zinxhirin drejtues t\u00eb Kadastr\u00ebs s\u00eb Vlor\u00ebs, nj\u00eb institucion q\u00eb ka njohur nd\u00ebrrime t\u00eb shpeshta drejtuesish n\u00eb vitet e fundit.<\/p>\n\n\n\n<p>Erjon Galanxhi mori detyr\u00ebn n\u00eb fillim t\u00eb muajit mars 2025, duke z\u00ebvend\u00ebsuar paraardh\u00ebsin e tij q\u00eb gjithashtu q\u00ebndroi p\u00ebr nj\u00eb koh\u00eb t\u00eb shkurt\u00ebr n\u00eb krye t\u00eb k\u00ebtij institucioni.<\/p>\n","protected":false},"excerpt":{"rendered":"<p>Pas vet\u00ebm tre muajsh n\u00eb detyr\u00eb,&nbsp;Erjon Galanxhi \u00ebsht\u00eb larguar nga drejtimi i kadastr\u00ebs s\u00eb Vlor\u00ebs. Ende nuk jan\u00eb b\u00ebr\u00eb publike arsyet zyrtare t\u00eb shkarkimit apo dor\u00ebheqjes s\u00eb tij. Kjo \u00ebsht\u00eb nj\u00eb tjet\u00ebr l\u00ebvizje n\u00eb zinxhirin drejtues t\u00eb Kadastr\u00ebs s\u00eb Vlor\u00ebs, nj\u00eb institucion q\u00eb ka njohur nd\u00ebrrime t\u00eb shpeshta drejtuesish n\u00eb vitet e fundit. Erjon Galanxhi [&hellip;]<\/p>\n","protected":false},"author":1,"featured_media":216,"comment_status":"open","ping_status":"open","sticky":false,"template":"","format":"standard","meta":{"footnotes":""},"categories":[3],"tags":[],"class_list":["post-215","post","type-post","status-publish","format-standard","has-post-thumbnail","hentry","category-rreth-vendit"],"yoast_head":"<!-- This site is optimized with the Yoast SEO plugin v27.5 - https:\/\/yoast.com\/product\/yoast-seo-wordpress\/ -->\n<title>Largohet drejtori i Kadastr\u00ebs s\u00eb Vlor\u00ebs, Erjon Galanxhi! Q\u00ebndroi vet\u00ebm tre muaj n\u00eb detyr\u00eb - Tirana Lajm<\/title>\n<meta name=\"robots\" content=\"index, follow, max-snippet:-1, max-image-preview:large, max-video-preview:-1\" \/>\n<link rel=\"canonical\" href=\"https:\/\/tiranalajm.com\/index.php\/2025\/06\/05\/largohet-drejtori-i-kadastres-se-vlores-erjon-galanxhi-qendroi-vetem-tre-muaj-ne-detyre\/\" \/>\n<meta property=\"og:locale\" content=\"en_US\" \/>\n<meta property=\"og:type\" content=\"article\" \/>\n<meta property=\"og:title\" content=\"Largohet drejtori i Kadastr\u00ebs s\u00eb Vlor\u00ebs, Erjon Galanxhi! Q\u00ebndroi vet\u00ebm tre muaj n\u00eb detyr\u00eb - Tirana Lajm\" \/>\n<meta property=\"og:description\" content=\"Pas vet\u00ebm tre muajsh n\u00eb detyr\u00eb,&nbsp;Erjon Galanxhi \u00ebsht\u00eb larguar nga drejtimi i kadastr\u00ebs s\u00eb Vlor\u00ebs. Ende nuk jan\u00eb b\u00ebr\u00eb publike arsyet zyrtare t\u00eb shkarkimit apo dor\u00ebheqjes s\u00eb tij. Kjo \u00ebsht\u00eb nj\u00eb tjet\u00ebr l\u00ebvizje n\u00eb zinxhirin drejtues t\u00eb Kadastr\u00ebs s\u00eb Vlor\u00ebs, nj\u00eb institucion q\u00eb ka njohur nd\u00ebrrime t\u00eb shpeshta drejtuesish n\u00eb vitet e fundit. Erjon Galanxhi [&hellip;]\" \/>\n<meta property=\"og:url\" content=\"https:\/\/tiranalajm.com\/index.php\/2025\/06\/05\/largohet-drejtori-i-kadastres-se-vlores-erjon-galanxhi-qendroi-vetem-tre-muaj-ne-detyre\/\" \/>\n<meta property=\"og:site_name\" content=\"Tirana Lajm\" \/>\n<meta property=\"article:published_time\" content=\"2025-06-05T12:15:14+00:00\" \/>\n<meta property=\"article:modified_time\" content=\"2025-06-05T12:15:15+00:00\" \/>\n<meta property=\"og:image\" content=\"http:\/\/tiranalajm.com\/wp-content\/uploads\/2025\/06\/WhatsApp-Image-2020-06-02-at-10.17.16-AM-1.jpeg\" \/>\n\t<meta property=\"og:image:width\" content=\"1280\" \/>\n\t<meta property=\"og:image:height\" content=\"605\" \/>\n\t<meta property=\"og:image:type\" content=\"image\/jpeg\" \/>\n<meta name=\"author\" content=\"tiranalajm.com\" \/>\n<meta name=\"twitter:card\" content=\"summary_large_image\" \/>\n<meta name=\"twitter:label1\" content=\"Written by\" \/>\n\t<meta name=\"twitter:data1\" content=\"tiranalajm.com\" \/>\n\t<meta name=\"twitter:label2\" content=\"Est. reading time\" \/>\n\t<meta name=\"twitter:data2\" content=\"1 minute\" \/>\n<script type=\"application\/ld+json\" class=\"yoast-schema-graph\">{\"@context\":\"https:\\\/\\\/schema.org\",\"@graph\":[{\"@type\":\"Article\",\"@id\":\"https:\\\/\\\/tiranalajm.com\\\/index.php\\\/2025\\\/06\\\/05\\\/largohet-drejtori-i-kadastres-se-vlores-erjon-galanxhi-qendroi-vetem-tre-muaj-ne-detyre\\\/#article\",\"isPartOf\":{\"@id\":\"https:\\\/\\\/tiranalajm.com\\\/index.php\\\/2025\\\/06\\\/05\\\/largohet-drejtori-i-kadastres-se-vlores-erjon-galanxhi-qendroi-vetem-tre-muaj-ne-detyre\\\/\"},\"author\":{\"name\":\"tiranalajm.com\",\"@id\":\"https:\\\/\\\/tiranalajm.com\\\/#\\\/schema\\\/person\\\/d62adf3f0d0ba38eb923c3c1f5152717\"},\"headline\":\"Largohet drejtori i Kadastr\u00ebs s\u00eb Vlor\u00ebs, Erjon Galanxhi! Q\u00ebndroi vet\u00ebm tre muaj n\u00eb detyr\u00eb\",\"datePublished\":\"2025-06-05T12:15:14+00:00\",\"dateModified\":\"2025-06-05T12:15:15+00:00\",\"mainEntityOfPage\":{\"@id\":\"https:\\\/\\\/tiranalajm.com\\\/index.php\\\/2025\\\/06\\\/05\\\/largohet-drejtori-i-kadastres-se-vlores-erjon-galanxhi-qendroi-vetem-tre-muaj-ne-detyre\\\/\"},\"wordCount\":118,\"commentCount\":0,\"publisher\":{\"@id\":\"https:\\\/\\\/tiranalajm.com\\\/#organization\"},\"image\":{\"@id\":\"https:\\\/\\\/tiranalajm.com\\\/index.php\\\/2025\\\/06\\\/05\\\/largohet-drejtori-i-kadastres-se-vlores-erjon-galanxhi-qendroi-vetem-tre-muaj-ne-detyre\\\/#primaryimage\"},\"thumbnailUrl\":\"https:\\\/\\\/tiranalajm.com\\\/wp-content\\\/uploads\\\/2025\\\/06\\\/WhatsApp-Image-2020-06-02-at-10.17.16-AM-1.jpeg\",\"articleSection\":[\"Rreth vendit\"],\"inLanguage\":\"en-US\",\"potentialAction\":[{\"@type\":\"CommentAction\",\"name\":\"Comment\",\"target\":[\"https:\\\/\\\/tiranalajm.com\\\/index.php\\\/2025\\\/06\\\/05\\\/largohet-drejtori-i-kadastres-se-vlores-erjon-galanxhi-qendroi-vetem-tre-muaj-ne-detyre\\\/#respond\"]}]},{\"@type\":\"WebPage\",\"@id\":\"https:\\\/\\\/tiranalajm.com\\\/index.php\\\/2025\\\/06\\\/05\\\/largohet-drejtori-i-kadastres-se-vlores-erjon-galanxhi-qendroi-vetem-tre-muaj-ne-detyre\\\/\",\"url\":\"https:\\\/\\\/tiranalajm.com\\\/index.php\\\/2025\\\/06\\\/05\\\/largohet-drejtori-i-kadastres-se-vlores-erjon-galanxhi-qendroi-vetem-tre-muaj-ne-detyre\\\/\",\"name\":\"Largohet drejtori i Kadastr\u00ebs s\u00eb Vlor\u00ebs, Erjon Galanxhi! Q\u00ebndroi vet\u00ebm tre muaj n\u00eb detyr\u00eb - Tirana Lajm\",\"isPartOf\":{\"@id\":\"https:\\\/\\\/tiranalajm.com\\\/#website\"},\"primaryImageOfPage\":{\"@id\":\"https:\\\/\\\/tiranalajm.com\\\/index.php\\\/2025\\\/06\\\/05\\\/largohet-drejtori-i-kadastres-se-vlores-erjon-galanxhi-qendroi-vetem-tre-muaj-ne-detyre\\\/#primaryimage\"},\"image\":{\"@id\":\"https:\\\/\\\/tiranalajm.com\\\/index.php\\\/2025\\\/06\\\/05\\\/largohet-drejtori-i-kadastres-se-vlores-erjon-galanxhi-qendroi-vetem-tre-muaj-ne-detyre\\\/#primaryimage\"},\"thumbnailUrl\":\"https:\\\/\\\/tiranalajm.com\\\/wp-content\\\/uploads\\\/2025\\\/06\\\/WhatsApp-Image-2020-06-02-at-10.17.16-AM-1.jpeg\",\"datePublished\":\"2025-06-05T12:15:14+00:00\",\"dateModified\":\"2025-06-05T12:15:15+00:00\",\"breadcrumb\":{\"@id\":\"https:\\\/\\\/tiranalajm.com\\\/index.php\\\/2025\\\/06\\\/05\\\/largohet-drejtori-i-kadastres-se-vlores-erjon-galanxhi-qendroi-vetem-tre-muaj-ne-detyre\\\/#breadcrumb\"},\"inLanguage\":\"en-US\",\"potentialAction\":[{\"@type\":\"ReadAction\",\"target\":[\"https:\\\/\\\/tiranalajm.com\\\/index.php\\\/2025\\\/06\\\/05\\\/largohet-drejtori-i-kadastres-se-vlores-erjon-galanxhi-qendroi-vetem-tre-muaj-ne-detyre\\\/\"]}]},{\"@type\":\"ImageObject\",\"inLanguage\":\"en-US\",\"@id\":\"https:\\\/\\\/tiranalajm.com\\\/index.php\\\/2025\\\/06\\\/05\\\/largohet-drejtori-i-kadastres-se-vlores-erjon-galanxhi-qendroi-vetem-tre-muaj-ne-detyre\\\/#primaryimage\",\"url\":\"https:\\\/\\\/tiranalajm.com\\\/wp-content\\\/uploads\\\/2025\\\/06\\\/WhatsApp-Image-2020-06-02-at-10.17.16-AM-1.jpeg\",\"contentUrl\":\"https:\\\/\\\/tiranalajm.com\\\/wp-content\\\/uploads\\\/2025\\\/06\\\/WhatsApp-Image-2020-06-02-at-10.17.16-AM-1.jpeg\",\"width\":1280,\"height\":605},{\"@type\":\"BreadcrumbList\",\"@id\":\"https:\\\/\\\/tiranalajm.com\\\/index.php\\\/2025\\\/06\\\/05\\\/largohet-drejtori-i-kadastres-se-vlores-erjon-galanxhi-qendroi-vetem-tre-muaj-ne-detyre\\\/#breadcrumb\",\"itemListElement\":[{\"@type\":\"ListItem\",\"position\":1,\"name\":\"Home\",\"item\":\"https:\\\/\\\/tiranalajm.com\\\/\"},{\"@type\":\"ListItem\",\"position\":2,\"name\":\"Largohet drejtori i Kadastr\u00ebs s\u00eb Vlor\u00ebs, Erjon Galanxhi! Q\u00ebndroi vet\u00ebm tre muaj n\u00eb detyr\u00eb\"}]},{\"@type\":\"WebSite\",\"@id\":\"https:\\\/\\\/tiranalajm.com\\\/#website\",\"url\":\"https:\\\/\\\/tiranalajm.com\\\/\",\"name\":\"Tirana Lajm\",\"description\":\"Tirana Lajm\",\"publisher\":{\"@id\":\"https:\\\/\\\/tiranalajm.com\\\/#organization\"},\"potentialAction\":[{\"@type\":\"SearchAction\",\"target\":{\"@type\":\"EntryPoint\",\"urlTemplate\":\"https:\\\/\\\/tiranalajm.com\\\/?s={search_term_string}\"},\"query-input\":{\"@type\":\"PropertyValueSpecification\",\"valueRequired\":true,\"valueName\":\"search_term_string\"}}],\"inLanguage\":\"en-US\"},{\"@type\":\"Organization\",\"@id\":\"https:\\\/\\\/tiranalajm.com\\\/#organization\",\"name\":\"Tirana Lajm\",\"url\":\"https:\\\/\\\/tiranalajm.com\\\/\",\"logo\":{\"@type\":\"ImageObject\",\"inLanguage\":\"en-US\",\"@id\":\"https:\\\/\\\/tiranalajm.com\\\/#\\\/schema\\\/logo\\\/image\\\/\",\"url\":\"https:\\\/\\\/tiranalajm.com\\\/wp-content\\\/uploads\\\/2023\\\/08\\\/logo-tirana-lajm.jpg\",\"contentUrl\":\"https:\\\/\\\/tiranalajm.com\\\/wp-content\\\/uploads\\\/2023\\\/08\\\/logo-tirana-lajm.jpg\",\"width\":600,\"height\":360,\"caption\":\"Tirana Lajm\"},\"image\":{\"@id\":\"https:\\\/\\\/tiranalajm.com\\\/#\\\/schema\\\/logo\\\/image\\\/\"}},{\"@type\":\"Person\",\"@id\":\"https:\\\/\\\/tiranalajm.com\\\/#\\\/schema\\\/person\\\/d62adf3f0d0ba38eb923c3c1f5152717\",\"name\":\"tiranalajm.com\",\"image\":{\"@type\":\"ImageObject\",\"inLanguage\":\"en-US\",\"@id\":\"https:\\\/\\\/secure.gravatar.com\\\/avatar\\\/70082bb8d030bb6b79327cd6e282b497e1b999934e601ba07a020bca96c4dbee?s=96&d=mm&r=g\",\"url\":\"https:\\\/\\\/secure.gravatar.com\\\/avatar\\\/70082bb8d030bb6b79327cd6e282b497e1b999934e601ba07a020bca96c4dbee?s=96&d=mm&r=g\",\"contentUrl\":\"https:\\\/\\\/secure.gravatar.com\\\/avatar\\\/70082bb8d030bb6b79327cd6e282b497e1b999934e601ba07a020bca96c4dbee?s=96&d=mm&r=g\",\"caption\":\"tiranalajm.com\"},\"sameAs\":[\"http:\\\/\\\/tiranalajm.com\"],\"url\":\"https:\\\/\\\/tiranalajm.com\\\/index.php\\\/author\\\/tiranalajm-com\\\/\"}]}<\/script>\n<!-- \/ Yoast SEO plugin. -->","yoast_head_json":{"title":"Largohet drejtori i Kadastr\u00ebs s\u00eb Vlor\u00ebs, Erjon Galanxhi! Q\u00ebndroi vet\u00ebm tre muaj n\u00eb detyr\u00eb - Tirana Lajm","robots":{"index":"index","follow":"follow","max-snippet":"max-snippet:-1","max-image-preview":"max-image-preview:large","max-video-preview":"max-video-preview:-1"},"canonical":"https:\/\/tiranalajm.com\/index.php\/2025\/06\/05\/largohet-drejtori-i-kadastres-se-vlores-erjon-galanxhi-qendroi-vetem-tre-muaj-ne-detyre\/","og_locale":"en_US","og_type":"article","og_title":"Largohet drejtori i Kadastr\u00ebs s\u00eb Vlor\u00ebs, Erjon Galanxhi! Q\u00ebndroi vet\u00ebm tre muaj n\u00eb detyr\u00eb - Tirana Lajm","og_description":"Pas vet\u00ebm tre muajsh n\u00eb detyr\u00eb,&nbsp;Erjon Galanxhi \u00ebsht\u00eb larguar nga drejtimi i kadastr\u00ebs s\u00eb Vlor\u00ebs. Ende nuk jan\u00eb b\u00ebr\u00eb publike arsyet zyrtare t\u00eb shkarkimit apo dor\u00ebheqjes s\u00eb tij. Kjo \u00ebsht\u00eb nj\u00eb tjet\u00ebr l\u00ebvizje n\u00eb zinxhirin drejtues t\u00eb Kadastr\u00ebs s\u00eb Vlor\u00ebs, nj\u00eb institucion q\u00eb ka njohur nd\u00ebrrime t\u00eb shpeshta drejtuesish n\u00eb vitet e fundit. Erjon Galanxhi [&hellip;]","og_url":"https:\/\/tiranalajm.com\/index.php\/2025\/06\/05\/largohet-drejtori-i-kadastres-se-vlores-erjon-galanxhi-qendroi-vetem-tre-muaj-ne-detyre\/","og_site_name":"Tirana Lajm","article_published_time":"2025-06-05T12:15:14+00:00","article_modified_time":"2025-06-05T12:15:15+00:00","og_image":[{"width":1280,"height":605,"url":"http:\/\/tiranalajm.com\/wp-content\/uploads\/2025\/06\/WhatsApp-Image-2020-06-02-at-10.17.16-AM-1.jpeg","type":"image\/jpeg"}],"author":"tiranalajm.com","twitter_card":"summary_large_image","twitter_misc":{"Written by":"tiranalajm.com","Est. reading time":"1 minute"},"schema":{"@context":"https:\/\/schema.org","@graph":[{"@type":"Article","@id":"https:\/\/tiranalajm.com\/index.php\/2025\/06\/05\/largohet-drejtori-i-kadastres-se-vlores-erjon-galanxhi-qendroi-vetem-tre-muaj-ne-detyre\/#article","isPartOf":{"@id":"https:\/\/tiranalajm.com\/index.php\/2025\/06\/05\/largohet-drejtori-i-kadastres-se-vlores-erjon-galanxhi-qendroi-vetem-tre-muaj-ne-detyre\/"},"author":{"name":"tiranalajm.com","@id":"https:\/\/tiranalajm.com\/#\/schema\/person\/d62adf3f0d0ba38eb923c3c1f5152717"},"headline":"Largohet drejtori i Kadastr\u00ebs s\u00eb Vlor\u00ebs, Erjon Galanxhi! Q\u00ebndroi vet\u00ebm tre muaj n\u00eb detyr\u00eb","datePublished":"2025-06-05T12:15:14+00:00","dateModified":"2025-06-05T12:15:15+00:00","mainEntityOfPage":{"@id":"https:\/\/tiranalajm.com\/index.php\/2025\/06\/05\/largohet-drejtori-i-kadastres-se-vlores-erjon-galanxhi-qendroi-vetem-tre-muaj-ne-detyre\/"},"wordCount":118,"commentCount":0,"publisher":{"@id":"https:\/\/tiranalajm.com\/#organization"},"image":{"@id":"https:\/\/tiranalajm.com\/index.php\/2025\/06\/05\/largohet-drejtori-i-kadastres-se-vlores-erjon-galanxhi-qendroi-vetem-tre-muaj-ne-detyre\/#primaryimage"},"thumbnailUrl":"https:\/\/tiranalajm.com\/wp-content\/uploads\/2025\/06\/WhatsApp-Image-2020-06-02-at-10.17.16-AM-1.jpeg","articleSection":["Rreth vendit"],"inLanguage":"en-US","potentialAction":[{"@type":"CommentAction","name":"Comment","target":["https:\/\/tiranalajm.com\/index.php\/2025\/06\/05\/largohet-drejtori-i-kadastres-se-vlores-erjon-galanxhi-qendroi-vetem-tre-muaj-ne-detyre\/#respond"]}]},{"@type":"WebPage","@id":"https:\/\/tiranalajm.com\/index.php\/2025\/06\/05\/largohet-drejtori-i-kadastres-se-vlores-erjon-galanxhi-qendroi-vetem-tre-muaj-ne-detyre\/","url":"https:\/\/tiranalajm.com\/index.php\/2025\/06\/05\/largohet-drejtori-i-kadastres-se-vlores-erjon-galanxhi-qendroi-vetem-tre-muaj-ne-detyre\/","name":"Largohet drejtori i Kadastr\u00ebs s\u00eb Vlor\u00ebs, Erjon Galanxhi! Q\u00ebndroi vet\u00ebm tre muaj n\u00eb detyr\u00eb - Tirana Lajm","isPartOf":{"@id":"https:\/\/tiranalajm.com\/#website"},"primaryImageOfPage":{"@id":"https:\/\/tiranalajm.com\/index.php\/2025\/06\/05\/largohet-drejtori-i-kadastres-se-vlores-erjon-galanxhi-qendroi-vetem-tre-muaj-ne-detyre\/#primaryimage"},"image":{"@id":"https:\/\/tiranalajm.com\/index.php\/2025\/06\/05\/largohet-drejtori-i-kadastres-se-vlores-erjon-galanxhi-qendroi-vetem-tre-muaj-ne-detyre\/#primaryimage"},"thumbnailUrl":"https:\/\/tiranalajm.com\/wp-content\/uploads\/2025\/06\/WhatsApp-Image-2020-06-02-at-10.17.16-AM-1.jpeg","datePublished":"2025-06-05T12:15:14+00:00","dateModified":"2025-06-05T12:15:15+00:00","breadcrumb":{"@id":"https:\/\/tiranalajm.com\/index.php\/2025\/06\/05\/largohet-drejtori-i-kadastres-se-vlores-erjon-galanxhi-qendroi-vetem-tre-muaj-ne-detyre\/#breadcrumb"},"inLanguage":"en-US","potentialAction":[{"@type":"ReadAction","target":["https:\/\/tiranalajm.com\/index.php\/2025\/06\/05\/largohet-drejtori-i-kadastres-se-vlores-erjon-galanxhi-qendroi-vetem-tre-muaj-ne-detyre\/"]}]},{"@type":"ImageObject","inLanguage":"en-US","@id":"https:\/\/tiranalajm.com\/index.php\/2025\/06\/05\/largohet-drejtori-i-kadastres-se-vlores-erjon-galanxhi-qendroi-vetem-tre-muaj-ne-detyre\/#primaryimage","url":"https:\/\/tiranalajm.com\/wp-content\/uploads\/2025\/06\/WhatsApp-Image-2020-06-02-at-10.17.16-AM-1.jpeg","contentUrl":"https:\/\/tiranalajm.com\/wp-content\/uploads\/2025\/06\/WhatsApp-Image-2020-06-02-at-10.17.16-AM-1.jpeg","width":1280,"height":605},{"@type":"BreadcrumbList","@id":"https:\/\/tiranalajm.com\/index.php\/2025\/06\/05\/largohet-drejtori-i-kadastres-se-vlores-erjon-galanxhi-qendroi-vetem-tre-muaj-ne-detyre\/#breadcrumb","itemListElement":[{"@type":"ListItem","position":1,"name":"Home","item":"https:\/\/tiranalajm.com\/"},{"@type":"ListItem","position":2,"name":"Largohet drejtori i Kadastr\u00ebs s\u00eb Vlor\u00ebs, Erjon Galanxhi! Q\u00ebndroi vet\u00ebm tre muaj n\u00eb detyr\u00eb"}]},{"@type":"WebSite","@id":"https:\/\/tiranalajm.com\/#website","url":"https:\/\/tiranalajm.com\/","name":"Tirana Lajm","description":"Tirana Lajm","publisher":{"@id":"https:\/\/tiranalajm.com\/#organization"},"potentialAction":[{"@type":"SearchAction","target":{"@type":"EntryPoint","urlTemplate":"https:\/\/tiranalajm.com\/?s={search_term_string}"},"query-input":{"@type":"PropertyValueSpecification","valueRequired":true,"valueName":"search_term_string"}}],"inLanguage":"en-US"},{"@type":"Organization","@id":"https:\/\/tiranalajm.com\/#organization","name":"Tirana Lajm","url":"https:\/\/tiranalajm.com\/","logo":{"@type":"ImageObject","inLanguage":"en-US","@id":"https:\/\/tiranalajm.com\/#\/schema\/logo\/image\/","url":"https:\/\/tiranalajm.com\/wp-content\/uploads\/2023\/08\/logo-tirana-lajm.jpg","contentUrl":"https:\/\/tiranalajm.com\/wp-content\/uploads\/2023\/08\/logo-tirana-lajm.jpg","width":600,"height":360,"caption":"Tirana Lajm"},"image":{"@id":"https:\/\/tiranalajm.com\/#\/schema\/logo\/image\/"}},{"@type":"Person","@id":"https:\/\/tiranalajm.com\/#\/schema\/person\/d62adf3f0d0ba38eb923c3c1f5152717","name":"tiranalajm.com","image":{"@type":"ImageObject","inLanguage":"en-US","@id":"https:\/\/secure.gravatar.com\/avatar\/70082bb8d030bb6b79327cd6e282b497e1b999934e601ba07a020bca96c4dbee?s=96&d=mm&r=g","url":"https:\/\/secure.gravatar.com\/avatar\/70082bb8d030bb6b79327cd6e282b497e1b999934e601ba07a020bca96c4dbee?s=96&d=mm&r=g","contentUrl":"https:\/\/secure.gravatar.com\/avatar\/70082bb8d030bb6b79327cd6e282b497e1b999934e601ba07a020bca96c4dbee?s=96&d=mm&r=g","caption":"tiranalajm.com"},"sameAs":["http:\/\/tiranalajm.com"],"url":"https:\/\/tiranalajm.com\/index.php\/author\/tiranalajm-com\/"}]}},"_links":{"self":[{"href":"https:\/\/tiranalajm.com\/index.php\/wp-json\/wp\/v2\/posts\/215","targetHints":{"allow":["GET"]}}],"collection":[{"href":"https:\/\/tiranalajm.com\/index.php\/wp-json\/wp\/v2\/posts"}],"about":[{"href":"https:\/\/tiranalajm.com\/index.php\/wp-json\/wp\/v2\/types\/post"}],"author":[{"embeddable":true,"href":"https:\/\/tiranalajm.com\/index.php\/wp-json\/wp\/v2\/users\/1"}],"replies":[{"embeddable":true,"href":"https:\/\/tiranalajm.com\/index.php\/wp-json\/wp\/v2\/comments?post=215"}],"version-history":[{"count":1,"href":"https:\/\/tiranalajm.com\/index.php\/wp-json\/wp\/v2\/posts\/215\/revisions"}],"predecessor-version":[{"id":217,"href":"https:\/\/tiranalajm.com\/index.php\/wp-json\/wp\/v2\/posts\/215\/revisions\/217"}],"wp:featuredmedia":[{"embeddable":true,"href":"https:\/\/tiranalajm.com\/index.php\/wp-json\/wp\/v2\/media\/216"}],"wp:attachment":[{"href":"https:\/\/tiranalajm.com\/index.php\/wp-json\/wp\/v2\/media?parent=215"}],"wp:term":[{"taxonomy":"category","embeddable":true,"href":"https:\/\/tiranalajm.com\/index.php\/wp-json\/wp\/v2\/categories?post=215"},{"taxonomy":"post_tag","embeddable":true,"href":"https:\/\/tiranalajm.com\/index.php\/wp-json\/wp\/v2\/tags?post=215"}],"curies":[{"name":"wp","href":"https:\/\/api.w.org\/{rel}","templated":true}]}}