{"id":251,"date":"2026-04-04T13:55:46","date_gmt":"2026-04-04T12:55:46","guid":{"rendered":"https:\/\/tiranalajm.com\/?p=251"},"modified":"2026-04-04T13:55:46","modified_gmt":"2026-04-04T12:55:46","slug":"arrestohet-ne-nje-resort-luksoz-bosi-i-kamorres-rezervimi-per-festat-e-pashkeve-me-familjen-rezultoi-fatal","status":"publish","type":"post","link":"https:\/\/tiranalajm.com\/index.php\/2026\/04\/04\/arrestohet-ne-nje-resort-luksoz-bosi-i-kamorres-rezervimi-per-festat-e-pashkeve-me-familjen-rezultoi-fatal\/","title":{"rendered":"Arrestohet n\u00eb nj\u00eb resort luksoz bosi i Kamorr\u00ebs, rezervimi p\u00ebr festat e Pashk\u00ebve me familjen rezultoi fatal!\u00a0"},"content":{"rendered":"\n<p>Arrestohet n\u00eb Itali shefi i Camorra-s,&nbsp;<strong>Roberto Mazzarella<\/strong>.<\/p>\n\n\n\n<p>Ai fshihej n\u00eb nj\u00eb vendpushim me nj\u00eb \u00e7mim prej nj\u00eb mij\u00eb eurosh nata n\u00eb Vietri sul Mare, n\u00eb provinc\u00ebn e Salernos, ku polic\u00ebt e gjurmuan, raportojn\u00eb mediat italiane.<\/p>\n\n\n\n<p>Mazzarella, i cili nuk b\u00ebri rezistenc\u00eb, ishte n\u00eb list\u00ebn e t\u00eb arratisurve shum\u00eb t\u00eb rreziksh\u00ebm t\u00eb Ministris\u00eb s\u00eb Brendshme.<\/p>\n\n\n\n<p>I lindur n\u00eb vitin 1978, Mazzarella kishte qen\u00eb i arratisur q\u00eb nga 28 janari 2025 dhe i kishte shp\u00ebtuar kapjes pas nj\u00eb urdhri paraprak paraburgimi t\u00eb l\u00ebshuar nga Gjykata e Napolit me k\u00ebrkes\u00eb t\u00eb Drejtoris\u00eb Antimafia t\u00eb Napolit me akuzat p\u00ebr vrasje t\u00eb r\u00ebnduar me metoda mafioze.<\/p>\n\n\n\n<p>48-vje\u00e7ari u gjet n\u00eb nj\u00eb vil\u00eb luksoze n\u00eb Bregun e Amalfit, ku ishte regjistruar me emra t\u00eb rrem\u00eb p\u00ebr t\u00eb kaluar Pashk\u00ebt me familjen e tij.<\/p>\n\n\n\n<p>N\u00eb vendpushimin ku po q\u00ebndronte, karabinier\u00ebt gjet\u00ebn tre ora luksoze, af\u00ebrsisht 20,000 euro n\u00eb para t\u00eb gatshme, dokumente t\u00eb falsifikuara, telefona inteligjent\u00eb dhe dor\u00ebshkrime q\u00eb lidhen me nj\u00eb sistem t\u00eb mundsh\u00ebm kontabiliteti, i cili do t\u00eb hetohet.<\/p>\n\n\n\n<p>Arrestimi u krye nga karabinier\u00ebt e Nj\u00ebsis\u00eb Hetimore t\u00eb Komand\u00ebs Provinciale t\u00eb Napolit, e koordinuar nga Drejtoria Antimafia e Napolit.<\/p>\n","protected":false},"excerpt":{"rendered":"<p>Arrestohet n\u00eb Itali shefi i Camorra-s,&nbsp;Roberto Mazzarella. Ai fshihej n\u00eb nj\u00eb vendpushim me nj\u00eb \u00e7mim prej nj\u00eb mij\u00eb eurosh nata n\u00eb Vietri sul Mare, n\u00eb provinc\u00ebn e Salernos, ku polic\u00ebt e gjurmuan, raportojn\u00eb mediat italiane. Mazzarella, i cili nuk b\u00ebri rezistenc\u00eb, ishte n\u00eb list\u00ebn e t\u00eb arratisurve shum\u00eb t\u00eb rreziksh\u00ebm t\u00eb Ministris\u00eb s\u00eb Brendshme. I [&hellip;]<\/p>\n","protected":false},"author":1,"featured_media":252,"comment_status":"open","ping_status":"open","sticky":false,"template":"","format":"standard","meta":{"footnotes":""},"categories":[4,2],"tags":[],"class_list":["post-251","post","type-post","status-publish","format-standard","has-post-thumbnail","hentry","category-kryesore","category-rreth-botes"],"yoast_head":"<!-- This site is optimized with the Yoast SEO plugin v27.5 - https:\/\/yoast.com\/product\/yoast-seo-wordpress\/ -->\n<title>Arrestohet n\u00eb nj\u00eb resort luksoz bosi i Kamorr\u00ebs, rezervimi p\u00ebr festat e Pashk\u00ebve me familjen rezultoi fatal!\u00a0 - Tirana Lajm<\/title>\n<meta name=\"robots\" content=\"index, follow, max-snippet:-1, max-image-preview:large, max-video-preview:-1\" \/>\n<link rel=\"canonical\" href=\"https:\/\/tiranalajm.com\/index.php\/2026\/04\/04\/arrestohet-ne-nje-resort-luksoz-bosi-i-kamorres-rezervimi-per-festat-e-pashkeve-me-familjen-rezultoi-fatal\/\" \/>\n<meta property=\"og:locale\" content=\"en_US\" \/>\n<meta property=\"og:type\" content=\"article\" \/>\n<meta property=\"og:title\" content=\"Arrestohet n\u00eb nj\u00eb resort luksoz bosi i Kamorr\u00ebs, rezervimi p\u00ebr festat e Pashk\u00ebve me familjen rezultoi fatal!\u00a0 - Tirana Lajm\" \/>\n<meta property=\"og:description\" content=\"Arrestohet n\u00eb Itali shefi i Camorra-s,&nbsp;Roberto Mazzarella. Ai fshihej n\u00eb nj\u00eb vendpushim me nj\u00eb \u00e7mim prej nj\u00eb mij\u00eb eurosh nata n\u00eb Vietri sul Mare, n\u00eb provinc\u00ebn e Salernos, ku polic\u00ebt e gjurmuan, raportojn\u00eb mediat italiane. Mazzarella, i cili nuk b\u00ebri rezistenc\u00eb, ishte n\u00eb list\u00ebn e t\u00eb arratisurve shum\u00eb t\u00eb rreziksh\u00ebm t\u00eb Ministris\u00eb s\u00eb Brendshme. I [&hellip;]\" \/>\n<meta property=\"og:url\" content=\"https:\/\/tiranalajm.com\/index.php\/2026\/04\/04\/arrestohet-ne-nje-resort-luksoz-bosi-i-kamorres-rezervimi-per-festat-e-pashkeve-me-familjen-rezultoi-fatal\/\" \/>\n<meta property=\"og:site_name\" content=\"Tirana Lajm\" \/>\n<meta property=\"article:published_time\" content=\"2026-04-04T12:55:46+00:00\" \/>\n<meta property=\"og:image\" content=\"http:\/\/tiranalajm.com\/wp-content\/uploads\/2026\/04\/640-0-image-4-1775306821.png\" \/>\n\t<meta property=\"og:image:width\" content=\"640\" \/>\n\t<meta property=\"og:image:height\" content=\"443\" \/>\n\t<meta property=\"og:image:type\" content=\"image\/png\" \/>\n<meta name=\"author\" content=\"tiranalajm.com\" \/>\n<meta name=\"twitter:card\" content=\"summary_large_image\" \/>\n<meta name=\"twitter:label1\" content=\"Written by\" \/>\n\t<meta name=\"twitter:data1\" content=\"tiranalajm.com\" \/>\n\t<meta name=\"twitter:label2\" content=\"Est. reading time\" \/>\n\t<meta name=\"twitter:data2\" content=\"1 minute\" \/>\n<script type=\"application\/ld+json\" class=\"yoast-schema-graph\">{\"@context\":\"https:\\\/\\\/schema.org\",\"@graph\":[{\"@type\":\"Article\",\"@id\":\"https:\\\/\\\/tiranalajm.com\\\/index.php\\\/2026\\\/04\\\/04\\\/arrestohet-ne-nje-resort-luksoz-bosi-i-kamorres-rezervimi-per-festat-e-pashkeve-me-familjen-rezultoi-fatal\\\/#article\",\"isPartOf\":{\"@id\":\"https:\\\/\\\/tiranalajm.com\\\/index.php\\\/2026\\\/04\\\/04\\\/arrestohet-ne-nje-resort-luksoz-bosi-i-kamorres-rezervimi-per-festat-e-pashkeve-me-familjen-rezultoi-fatal\\\/\"},\"author\":{\"name\":\"tiranalajm.com\",\"@id\":\"https:\\\/\\\/tiranalajm.com\\\/#\\\/schema\\\/person\\\/d62adf3f0d0ba38eb923c3c1f5152717\"},\"headline\":\"Arrestohet n\u00eb nj\u00eb resort luksoz bosi i Kamorr\u00ebs, rezervimi p\u00ebr festat e Pashk\u00ebve me familjen rezultoi fatal!\u00a0\",\"datePublished\":\"2026-04-04T12:55:46+00:00\",\"mainEntityOfPage\":{\"@id\":\"https:\\\/\\\/tiranalajm.com\\\/index.php\\\/2026\\\/04\\\/04\\\/arrestohet-ne-nje-resort-luksoz-bosi-i-kamorres-rezervimi-per-festat-e-pashkeve-me-familjen-rezultoi-fatal\\\/\"},\"wordCount\":224,\"commentCount\":0,\"publisher\":{\"@id\":\"https:\\\/\\\/tiranalajm.com\\\/#organization\"},\"image\":{\"@id\":\"https:\\\/\\\/tiranalajm.com\\\/index.php\\\/2026\\\/04\\\/04\\\/arrestohet-ne-nje-resort-luksoz-bosi-i-kamorres-rezervimi-per-festat-e-pashkeve-me-familjen-rezultoi-fatal\\\/#primaryimage\"},\"thumbnailUrl\":\"https:\\\/\\\/tiranalajm.com\\\/wp-content\\\/uploads\\\/2026\\\/04\\\/640-0-image-4-1775306821.png\",\"articleSection\":[\"Kryesore\",\"Rreth botes\"],\"inLanguage\":\"en-US\",\"potentialAction\":[{\"@type\":\"CommentAction\",\"name\":\"Comment\",\"target\":[\"https:\\\/\\\/tiranalajm.com\\\/index.php\\\/2026\\\/04\\\/04\\\/arrestohet-ne-nje-resort-luksoz-bosi-i-kamorres-rezervimi-per-festat-e-pashkeve-me-familjen-rezultoi-fatal\\\/#respond\"]}]},{\"@type\":\"WebPage\",\"@id\":\"https:\\\/\\\/tiranalajm.com\\\/index.php\\\/2026\\\/04\\\/04\\\/arrestohet-ne-nje-resort-luksoz-bosi-i-kamorres-rezervimi-per-festat-e-pashkeve-me-familjen-rezultoi-fatal\\\/\",\"url\":\"https:\\\/\\\/tiranalajm.com\\\/index.php\\\/2026\\\/04\\\/04\\\/arrestohet-ne-nje-resort-luksoz-bosi-i-kamorres-rezervimi-per-festat-e-pashkeve-me-familjen-rezultoi-fatal\\\/\",\"name\":\"Arrestohet n\u00eb nj\u00eb resort luksoz bosi i Kamorr\u00ebs, rezervimi p\u00ebr festat e Pashk\u00ebve me familjen rezultoi fatal!\u00a0 - Tirana Lajm\",\"isPartOf\":{\"@id\":\"https:\\\/\\\/tiranalajm.com\\\/#website\"},\"primaryImageOfPage\":{\"@id\":\"https:\\\/\\\/tiranalajm.com\\\/index.php\\\/2026\\\/04\\\/04\\\/arrestohet-ne-nje-resort-luksoz-bosi-i-kamorres-rezervimi-per-festat-e-pashkeve-me-familjen-rezultoi-fatal\\\/#primaryimage\"},\"image\":{\"@id\":\"https:\\\/\\\/tiranalajm.com\\\/index.php\\\/2026\\\/04\\\/04\\\/arrestohet-ne-nje-resort-luksoz-bosi-i-kamorres-rezervimi-per-festat-e-pashkeve-me-familjen-rezultoi-fatal\\\/#primaryimage\"},\"thumbnailUrl\":\"https:\\\/\\\/tiranalajm.com\\\/wp-content\\\/uploads\\\/2026\\\/04\\\/640-0-image-4-1775306821.png\",\"datePublished\":\"2026-04-04T12:55:46+00:00\",\"breadcrumb\":{\"@id\":\"https:\\\/\\\/tiranalajm.com\\\/index.php\\\/2026\\\/04\\\/04\\\/arrestohet-ne-nje-resort-luksoz-bosi-i-kamorres-rezervimi-per-festat-e-pashkeve-me-familjen-rezultoi-fatal\\\/#breadcrumb\"},\"inLanguage\":\"en-US\",\"potentialAction\":[{\"@type\":\"ReadAction\",\"target\":[\"https:\\\/\\\/tiranalajm.com\\\/index.php\\\/2026\\\/04\\\/04\\\/arrestohet-ne-nje-resort-luksoz-bosi-i-kamorres-rezervimi-per-festat-e-pashkeve-me-familjen-rezultoi-fatal\\\/\"]}]},{\"@type\":\"ImageObject\",\"inLanguage\":\"en-US\",\"@id\":\"https:\\\/\\\/tiranalajm.com\\\/index.php\\\/2026\\\/04\\\/04\\\/arrestohet-ne-nje-resort-luksoz-bosi-i-kamorres-rezervimi-per-festat-e-pashkeve-me-familjen-rezultoi-fatal\\\/#primaryimage\",\"url\":\"https:\\\/\\\/tiranalajm.com\\\/wp-content\\\/uploads\\\/2026\\\/04\\\/640-0-image-4-1775306821.png\",\"contentUrl\":\"https:\\\/\\\/tiranalajm.com\\\/wp-content\\\/uploads\\\/2026\\\/04\\\/640-0-image-4-1775306821.png\",\"width\":640,\"height\":443},{\"@type\":\"BreadcrumbList\",\"@id\":\"https:\\\/\\\/tiranalajm.com\\\/index.php\\\/2026\\\/04\\\/04\\\/arrestohet-ne-nje-resort-luksoz-bosi-i-kamorres-rezervimi-per-festat-e-pashkeve-me-familjen-rezultoi-fatal\\\/#breadcrumb\",\"itemListElement\":[{\"@type\":\"ListItem\",\"position\":1,\"name\":\"Home\",\"item\":\"https:\\\/\\\/tiranalajm.com\\\/\"},{\"@type\":\"ListItem\",\"position\":2,\"name\":\"Arrestohet n\u00eb nj\u00eb resort luksoz bosi i Kamorr\u00ebs, rezervimi p\u00ebr festat e Pashk\u00ebve me familjen rezultoi fatal!\u00a0\"}]},{\"@type\":\"WebSite\",\"@id\":\"https:\\\/\\\/tiranalajm.com\\\/#website\",\"url\":\"https:\\\/\\\/tiranalajm.com\\\/\",\"name\":\"Tirana Lajm\",\"description\":\"Tirana Lajm\",\"publisher\":{\"@id\":\"https:\\\/\\\/tiranalajm.com\\\/#organization\"},\"potentialAction\":[{\"@type\":\"SearchAction\",\"target\":{\"@type\":\"EntryPoint\",\"urlTemplate\":\"https:\\\/\\\/tiranalajm.com\\\/?s={search_term_string}\"},\"query-input\":{\"@type\":\"PropertyValueSpecification\",\"valueRequired\":true,\"valueName\":\"search_term_string\"}}],\"inLanguage\":\"en-US\"},{\"@type\":\"Organization\",\"@id\":\"https:\\\/\\\/tiranalajm.com\\\/#organization\",\"name\":\"Tirana Lajm\",\"url\":\"https:\\\/\\\/tiranalajm.com\\\/\",\"logo\":{\"@type\":\"ImageObject\",\"inLanguage\":\"en-US\",\"@id\":\"https:\\\/\\\/tiranalajm.com\\\/#\\\/schema\\\/logo\\\/image\\\/\",\"url\":\"https:\\\/\\\/tiranalajm.com\\\/wp-content\\\/uploads\\\/2023\\\/08\\\/logo-tirana-lajm.jpg\",\"contentUrl\":\"https:\\\/\\\/tiranalajm.com\\\/wp-content\\\/uploads\\\/2023\\\/08\\\/logo-tirana-lajm.jpg\",\"width\":600,\"height\":360,\"caption\":\"Tirana Lajm\"},\"image\":{\"@id\":\"https:\\\/\\\/tiranalajm.com\\\/#\\\/schema\\\/logo\\\/image\\\/\"}},{\"@type\":\"Person\",\"@id\":\"https:\\\/\\\/tiranalajm.com\\\/#\\\/schema\\\/person\\\/d62adf3f0d0ba38eb923c3c1f5152717\",\"name\":\"tiranalajm.com\",\"image\":{\"@type\":\"ImageObject\",\"inLanguage\":\"en-US\",\"@id\":\"https:\\\/\\\/secure.gravatar.com\\\/avatar\\\/70082bb8d030bb6b79327cd6e282b497e1b999934e601ba07a020bca96c4dbee?s=96&d=mm&r=g\",\"url\":\"https:\\\/\\\/secure.gravatar.com\\\/avatar\\\/70082bb8d030bb6b79327cd6e282b497e1b999934e601ba07a020bca96c4dbee?s=96&d=mm&r=g\",\"contentUrl\":\"https:\\\/\\\/secure.gravatar.com\\\/avatar\\\/70082bb8d030bb6b79327cd6e282b497e1b999934e601ba07a020bca96c4dbee?s=96&d=mm&r=g\",\"caption\":\"tiranalajm.com\"},\"sameAs\":[\"http:\\\/\\\/tiranalajm.com\"],\"url\":\"https:\\\/\\\/tiranalajm.com\\\/index.php\\\/author\\\/tiranalajm-com\\\/\"}]}<\/script>\n<!-- \/ Yoast SEO plugin. -->","yoast_head_json":{"title":"Arrestohet n\u00eb nj\u00eb resort luksoz bosi i Kamorr\u00ebs, rezervimi p\u00ebr festat e Pashk\u00ebve me familjen rezultoi fatal!\u00a0 - Tirana Lajm","robots":{"index":"index","follow":"follow","max-snippet":"max-snippet:-1","max-image-preview":"max-image-preview:large","max-video-preview":"max-video-preview:-1"},"canonical":"https:\/\/tiranalajm.com\/index.php\/2026\/04\/04\/arrestohet-ne-nje-resort-luksoz-bosi-i-kamorres-rezervimi-per-festat-e-pashkeve-me-familjen-rezultoi-fatal\/","og_locale":"en_US","og_type":"article","og_title":"Arrestohet n\u00eb nj\u00eb resort luksoz bosi i Kamorr\u00ebs, rezervimi p\u00ebr festat e Pashk\u00ebve me familjen rezultoi fatal!\u00a0 - Tirana Lajm","og_description":"Arrestohet n\u00eb Itali shefi i Camorra-s,&nbsp;Roberto Mazzarella. Ai fshihej n\u00eb nj\u00eb vendpushim me nj\u00eb \u00e7mim prej nj\u00eb mij\u00eb eurosh nata n\u00eb Vietri sul Mare, n\u00eb provinc\u00ebn e Salernos, ku polic\u00ebt e gjurmuan, raportojn\u00eb mediat italiane. Mazzarella, i cili nuk b\u00ebri rezistenc\u00eb, ishte n\u00eb list\u00ebn e t\u00eb arratisurve shum\u00eb t\u00eb rreziksh\u00ebm t\u00eb Ministris\u00eb s\u00eb Brendshme. I [&hellip;]","og_url":"https:\/\/tiranalajm.com\/index.php\/2026\/04\/04\/arrestohet-ne-nje-resort-luksoz-bosi-i-kamorres-rezervimi-per-festat-e-pashkeve-me-familjen-rezultoi-fatal\/","og_site_name":"Tirana Lajm","article_published_time":"2026-04-04T12:55:46+00:00","og_image":[{"width":640,"height":443,"url":"http:\/\/tiranalajm.com\/wp-content\/uploads\/2026\/04\/640-0-image-4-1775306821.png","type":"image\/png"}],"author":"tiranalajm.com","twitter_card":"summary_large_image","twitter_misc":{"Written by":"tiranalajm.com","Est. reading time":"1 minute"},"schema":{"@context":"https:\/\/schema.org","@graph":[{"@type":"Article","@id":"https:\/\/tiranalajm.com\/index.php\/2026\/04\/04\/arrestohet-ne-nje-resort-luksoz-bosi-i-kamorres-rezervimi-per-festat-e-pashkeve-me-familjen-rezultoi-fatal\/#article","isPartOf":{"@id":"https:\/\/tiranalajm.com\/index.php\/2026\/04\/04\/arrestohet-ne-nje-resort-luksoz-bosi-i-kamorres-rezervimi-per-festat-e-pashkeve-me-familjen-rezultoi-fatal\/"},"author":{"name":"tiranalajm.com","@id":"https:\/\/tiranalajm.com\/#\/schema\/person\/d62adf3f0d0ba38eb923c3c1f5152717"},"headline":"Arrestohet n\u00eb nj\u00eb resort luksoz bosi i Kamorr\u00ebs, rezervimi p\u00ebr festat e Pashk\u00ebve me familjen rezultoi fatal!\u00a0","datePublished":"2026-04-04T12:55:46+00:00","mainEntityOfPage":{"@id":"https:\/\/tiranalajm.com\/index.php\/2026\/04\/04\/arrestohet-ne-nje-resort-luksoz-bosi-i-kamorres-rezervimi-per-festat-e-pashkeve-me-familjen-rezultoi-fatal\/"},"wordCount":224,"commentCount":0,"publisher":{"@id":"https:\/\/tiranalajm.com\/#organization"},"image":{"@id":"https:\/\/tiranalajm.com\/index.php\/2026\/04\/04\/arrestohet-ne-nje-resort-luksoz-bosi-i-kamorres-rezervimi-per-festat-e-pashkeve-me-familjen-rezultoi-fatal\/#primaryimage"},"thumbnailUrl":"https:\/\/tiranalajm.com\/wp-content\/uploads\/2026\/04\/640-0-image-4-1775306821.png","articleSection":["Kryesore","Rreth botes"],"inLanguage":"en-US","potentialAction":[{"@type":"CommentAction","name":"Comment","target":["https:\/\/tiranalajm.com\/index.php\/2026\/04\/04\/arrestohet-ne-nje-resort-luksoz-bosi-i-kamorres-rezervimi-per-festat-e-pashkeve-me-familjen-rezultoi-fatal\/#respond"]}]},{"@type":"WebPage","@id":"https:\/\/tiranalajm.com\/index.php\/2026\/04\/04\/arrestohet-ne-nje-resort-luksoz-bosi-i-kamorres-rezervimi-per-festat-e-pashkeve-me-familjen-rezultoi-fatal\/","url":"https:\/\/tiranalajm.com\/index.php\/2026\/04\/04\/arrestohet-ne-nje-resort-luksoz-bosi-i-kamorres-rezervimi-per-festat-e-pashkeve-me-familjen-rezultoi-fatal\/","name":"Arrestohet n\u00eb nj\u00eb resort luksoz bosi i Kamorr\u00ebs, rezervimi p\u00ebr festat e Pashk\u00ebve me familjen rezultoi fatal!\u00a0 - Tirana Lajm","isPartOf":{"@id":"https:\/\/tiranalajm.com\/#website"},"primaryImageOfPage":{"@id":"https:\/\/tiranalajm.com\/index.php\/2026\/04\/04\/arrestohet-ne-nje-resort-luksoz-bosi-i-kamorres-rezervimi-per-festat-e-pashkeve-me-familjen-rezultoi-fatal\/#primaryimage"},"image":{"@id":"https:\/\/tiranalajm.com\/index.php\/2026\/04\/04\/arrestohet-ne-nje-resort-luksoz-bosi-i-kamorres-rezervimi-per-festat-e-pashkeve-me-familjen-rezultoi-fatal\/#primaryimage"},"thumbnailUrl":"https:\/\/tiranalajm.com\/wp-content\/uploads\/2026\/04\/640-0-image-4-1775306821.png","datePublished":"2026-04-04T12:55:46+00:00","breadcrumb":{"@id":"https:\/\/tiranalajm.com\/index.php\/2026\/04\/04\/arrestohet-ne-nje-resort-luksoz-bosi-i-kamorres-rezervimi-per-festat-e-pashkeve-me-familjen-rezultoi-fatal\/#breadcrumb"},"inLanguage":"en-US","potentialAction":[{"@type":"ReadAction","target":["https:\/\/tiranalajm.com\/index.php\/2026\/04\/04\/arrestohet-ne-nje-resort-luksoz-bosi-i-kamorres-rezervimi-per-festat-e-pashkeve-me-familjen-rezultoi-fatal\/"]}]},{"@type":"ImageObject","inLanguage":"en-US","@id":"https:\/\/tiranalajm.com\/index.php\/2026\/04\/04\/arrestohet-ne-nje-resort-luksoz-bosi-i-kamorres-rezervimi-per-festat-e-pashkeve-me-familjen-rezultoi-fatal\/#primaryimage","url":"https:\/\/tiranalajm.com\/wp-content\/uploads\/2026\/04\/640-0-image-4-1775306821.png","contentUrl":"https:\/\/tiranalajm.com\/wp-content\/uploads\/2026\/04\/640-0-image-4-1775306821.png","width":640,"height":443},{"@type":"BreadcrumbList","@id":"https:\/\/tiranalajm.com\/index.php\/2026\/04\/04\/arrestohet-ne-nje-resort-luksoz-bosi-i-kamorres-rezervimi-per-festat-e-pashkeve-me-familjen-rezultoi-fatal\/#breadcrumb","itemListElement":[{"@type":"ListItem","position":1,"name":"Home","item":"https:\/\/tiranalajm.com\/"},{"@type":"ListItem","position":2,"name":"Arrestohet n\u00eb nj\u00eb resort luksoz bosi i Kamorr\u00ebs, rezervimi p\u00ebr festat e Pashk\u00ebve me familjen rezultoi fatal!\u00a0"}]},{"@type":"WebSite","@id":"https:\/\/tiranalajm.com\/#website","url":"https:\/\/tiranalajm.com\/","name":"Tirana Lajm","description":"Tirana Lajm","publisher":{"@id":"https:\/\/tiranalajm.com\/#organization"},"potentialAction":[{"@type":"SearchAction","target":{"@type":"EntryPoint","urlTemplate":"https:\/\/tiranalajm.com\/?s={search_term_string}"},"query-input":{"@type":"PropertyValueSpecification","valueRequired":true,"valueName":"search_term_string"}}],"inLanguage":"en-US"},{"@type":"Organization","@id":"https:\/\/tiranalajm.com\/#organization","name":"Tirana Lajm","url":"https:\/\/tiranalajm.com\/","logo":{"@type":"ImageObject","inLanguage":"en-US","@id":"https:\/\/tiranalajm.com\/#\/schema\/logo\/image\/","url":"https:\/\/tiranalajm.com\/wp-content\/uploads\/2023\/08\/logo-tirana-lajm.jpg","contentUrl":"https:\/\/tiranalajm.com\/wp-content\/uploads\/2023\/08\/logo-tirana-lajm.jpg","width":600,"height":360,"caption":"Tirana Lajm"},"image":{"@id":"https:\/\/tiranalajm.com\/#\/schema\/logo\/image\/"}},{"@type":"Person","@id":"https:\/\/tiranalajm.com\/#\/schema\/person\/d62adf3f0d0ba38eb923c3c1f5152717","name":"tiranalajm.com","image":{"@type":"ImageObject","inLanguage":"en-US","@id":"https:\/\/secure.gravatar.com\/avatar\/70082bb8d030bb6b79327cd6e282b497e1b999934e601ba07a020bca96c4dbee?s=96&d=mm&r=g","url":"https:\/\/secure.gravatar.com\/avatar\/70082bb8d030bb6b79327cd6e282b497e1b999934e601ba07a020bca96c4dbee?s=96&d=mm&r=g","contentUrl":"https:\/\/secure.gravatar.com\/avatar\/70082bb8d030bb6b79327cd6e282b497e1b999934e601ba07a020bca96c4dbee?s=96&d=mm&r=g","caption":"tiranalajm.com"},"sameAs":["http:\/\/tiranalajm.com"],"url":"https:\/\/tiranalajm.com\/index.php\/author\/tiranalajm-com\/"}]}},"_links":{"self":[{"href":"https:\/\/tiranalajm.com\/index.php\/wp-json\/wp\/v2\/posts\/251","targetHints":{"allow":["GET"]}}],"collection":[{"href":"https:\/\/tiranalajm.com\/index.php\/wp-json\/wp\/v2\/posts"}],"about":[{"href":"https:\/\/tiranalajm.com\/index.php\/wp-json\/wp\/v2\/types\/post"}],"author":[{"embeddable":true,"href":"https:\/\/tiranalajm.com\/index.php\/wp-json\/wp\/v2\/users\/1"}],"replies":[{"embeddable":true,"href":"https:\/\/tiranalajm.com\/index.php\/wp-json\/wp\/v2\/comments?post=251"}],"version-history":[{"count":1,"href":"https:\/\/tiranalajm.com\/index.php\/wp-json\/wp\/v2\/posts\/251\/revisions"}],"predecessor-version":[{"id":253,"href":"https:\/\/tiranalajm.com\/index.php\/wp-json\/wp\/v2\/posts\/251\/revisions\/253"}],"wp:featuredmedia":[{"embeddable":true,"href":"https:\/\/tiranalajm.com\/index.php\/wp-json\/wp\/v2\/media\/252"}],"wp:attachment":[{"href":"https:\/\/tiranalajm.com\/index.php\/wp-json\/wp\/v2\/media?parent=251"}],"wp:term":[{"taxonomy":"category","embeddable":true,"href":"https:\/\/tiranalajm.com\/index.php\/wp-json\/wp\/v2\/categories?post=251"},{"taxonomy":"post_tag","embeddable":true,"href":"https:\/\/tiranalajm.com\/index.php\/wp-json\/wp\/v2\/tags?post=251"}],"curies":[{"name":"wp","href":"https:\/\/api.w.org\/{rel}","templated":true}]}}