{"id":33,"date":"2023-08-25T16:15:39","date_gmt":"2023-08-25T15:15:39","guid":{"rendered":"https:\/\/tiranalajm.com\/?p=33"},"modified":"2023-08-25T16:15:39","modified_gmt":"2023-08-25T15:15:39","slug":"spak-trondit-3-zotet-e-luftes-anulohet-papritur-tenderi-sekret-i-armeve-petrit-kasapi-emiljano-dusha-dhe-ardian-davidhi-perpine-kontratat-monopol-gjate-viteve-te-fundi","status":"publish","type":"post","link":"https:\/\/tiranalajm.com\/index.php\/2023\/08\/25\/spak-trondit-3-zotet-e-luftes-anulohet-papritur-tenderi-sekret-i-armeve-petrit-kasapi-emiljano-dusha-dhe-ardian-davidhi-perpine-kontratat-monopol-gjate-viteve-te-fundi\/","title":{"rendered":"SPAK trondit 3 &#8220;Zot\u00ebt e luft\u00ebs&#8221;, anulohet papritur tenderi sekret i arm\u00ebve: Petrit Kasapi, Emiljano Dusha dhe Ardian Davidhi p\u00ebrpin\u00eb kontratat monopol gjat\u00eb viteve t\u00eb fundi"},"content":{"rendered":"\n<p><em>SPAK trondit 3 &#8220;Zot\u00ebt e luft\u00ebs&#8221;, <a href=\"https:\/\/mb.gov.al\/njoftim-per-anulim-te-procedures-blerje-armatim-loti-1-dhe-2\/\">anulohet papritur<\/a> tenderi sekret i arm\u00ebve: Petrit Kasapi, Emiljano Dusha dhe Ardian Davidhi p\u00ebrpin\u00eb kontratat monopol gjat\u00eb viteve t\u00eb fundi <\/em><\/p>\n\n\n\n<p>Ndryshimet n\u00eb qeveri dhe m\u00eb tep\u00ebr, shtrirja e hetimeve nga SPAK edhe te tender\u00ebt sekret t\u00eb arm\u00ebve p\u00ebr ushtrin\u00eb ka b\u00ebr\u00eb q\u00eb s\u00ebfundmi Drejtoria e Blerjeve t\u00eb P\u00ebrq\u00ebndruara t\u00eb abuloj\u00eb pa dh\u00ebn\u00eb asnj\u00eb informacion t\u00eb qen\u00ebsish\u00ebm, tenderin 16 milion euro p\u00ebr blerjen e arm\u00ebve dhe pajisjeve luftarake p\u00ebr Policin\u00eb e Shtetit.<\/p>\n\n\n\n<p>Ky ishte tenderi m\u00eb i madh q\u00eb ishte b\u00ebr\u00eb ndonj\u00ebher\u00eb n\u00eb historin\u00eb e Policis\u00eb s\u00eb Shtetit dhe burime b\u00ebjn\u00eb me dije se gj\u00ebrat ishin v\u00ebn\u00eb n\u00eb vij\u00eb edhe p\u00ebr sa i p\u00ebrket fituesve. N\u00eb fakt, tre kompani jan\u00eb ato q\u00eb fitojn\u00eb tender\u00eb t\u00eb till\u00eb armatimesh si p\u00ebr ushtrin\u00eb ashtu edhe p\u00ebr Policin\u00eb e Shtetit.&nbsp;<\/p>\n\n\n\n<p>Sipas mediave, b\u00ebhet fjal\u00eb p\u00ebr kompanit\u00eb Marsi &amp; AI me pronar Petrit Kasapin, Military System Supply Company ( MSSC ) me pronar t\u00eb vet\u00ebm biznesmenin Emiljano Dusha si edhe KOAN me pronar Ardian Davidhin.\u00a0<\/p>\n\n\n\n<p>T\u00eb dh\u00ebnat nga thesari tregojn\u00eb se t\u00eb treja k\u00ebto kompani \u00e7udit\u00ebrisht jan\u00eb n\u00eb t\u00eb gjitha tender\u00ebt e rend\u00ebsish\u00ebm t\u00eb ushtris\u00eb, policis\u00eb apo institucioneve t\u00eb tjera shtet\u00ebrore kur b\u00ebhet fjal\u00eb p\u00ebr pajisje t\u00eb siguris\u00eb.<\/p>\n\n\n\n<p>N\u00eb raste t\u00eb ndryshme, v\u00ebrehet nj\u00eb bashk\u00ebpunim n\u00eb pjes\u00ebmarrje mes Marsi &amp; AI dhe MSSC apo mes Marsi &amp; AI dhe KOAN. N\u00eb raste t\u00eb caktuara t\u00eb treja kompanit\u00eb jan\u00eb b\u00ebr\u00eb bashk\u00eb.<\/p>\n\n\n\n<p>SPAK \u00ebsht\u00eb duke verifikuar k\u00ebto tender\u00eb, sidomos ato t\u00eb cil\u00ebsuara \u201csekrete\u201d nga Ministria e Mbrojtjes dhe duket se do t\u00eb dalin perla prej hetimeve duke v\u00ebn\u00eb para p\u00ebrgjegj\u00ebsis\u00eb ligjore ata q\u00eb kan\u00eb b\u00ebr\u00eb skema t\u00eb tilla siedhe ata q\u00eb kan\u00eb lejuar t\u00eb kanalizohen k\u00ebshtu parat\u00eb publike.&nbsp;<\/p>\n\n\n\n<figure class=\"wp-block-image\"><img decoding=\"async\" src=\"https:\/\/odanews.info\/wp-content\/uploads\/2023\/08\/Screenshot-2023-08-18-at-6.11.55-PM-1024x952.png\" alt=\"\" class=\"wp-image-81\"\/><figcaption class=\"wp-element-caption\">SPAK trondit 3 &#8220;Zot\u00ebt e luft\u00ebs&#8221;, anulohet papritur tenderi sekret i arm\u00ebve: Petrit Kasapi, Emiljano Dusha dhe Ardian Davidhi p\u00ebrpin\u00eb kontratat monopol gjat\u00eb viteve t\u00eb fundit<\/figcaption><\/figure>\n\n\n\n<p>OdaNe\u00ebs ka m\u00ebsuar se t\u00eb tre personazhet njihen edhe personalisht me njeritjetrin, sidmos\u00a0Dusha me Davidhin, t\u00eb cil\u00ebt dalin n\u00eb sken\u00eb bashk\u00eb n\u00eb nj\u00eb ngjarje t\u00eb denoncuar publikisht nga nj\u00eb parti\u00a0politike.\u00a0<\/p>\n\n\n\n<p>SPAK n\u00eb raste t\u00eb tilla heton n\u00ebse ka shkelje t\u00eb barazis\u00eb n\u00eb tender\u00eb apo bashk\u00ebpunim mes kompanive me q\u00ebllim shmangien e gar\u00ebs dhe fitimit me nj\u00eb \u00e7mim m\u00eb t\u00eb lart\u00eb nga sa do t\u00eb fitohej normalisht.<\/p>\n\n\n\n<p>Situata \u00ebsht\u00eb b\u00ebr\u00eb serioze n\u00eb ushtri dhe polici, e sidomos te bizneset q\u00eb kan\u00eb menduar se mund t\u00eb b\u00ebnin qejf me parat\u00eb publike. \/<a href=\"https:\/\/tiranalajm.com\/\">TL<\/a><\/p>\n","protected":false},"excerpt":{"rendered":"<p>SPAK trondit 3 &#8220;Zot\u00ebt e luft\u00ebs&#8221;, anulohet papritur tenderi sekret i arm\u00ebve: Petrit Kasapi, Emiljano Dusha dhe Ardian Davidhi p\u00ebrpin\u00eb kontratat monopol gjat\u00eb viteve t\u00eb fundi Ndryshimet n\u00eb qeveri dhe m\u00eb tep\u00ebr, shtrirja e hetimeve nga SPAK edhe te tender\u00ebt sekret t\u00eb arm\u00ebve p\u00ebr ushtrin\u00eb ka b\u00ebr\u00eb q\u00eb s\u00ebfundmi Drejtoria e Blerjeve t\u00eb P\u00ebrq\u00ebndruara t\u00eb [&hellip;]<\/p>\n","protected":false},"author":1,"featured_media":34,"comment_status":"open","ping_status":"open","sticky":false,"template":"","format":"standard","meta":{"footnotes":""},"categories":[4,5,3],"tags":[],"class_list":["post-33","post","type-post","status-publish","format-standard","has-post-thumbnail","hentry","category-kryesore","category-ne-vemendje","category-rreth-vendit"],"yoast_head":"<!-- This site is optimized with the Yoast SEO plugin v27.4 - https:\/\/yoast.com\/product\/yoast-seo-wordpress\/ -->\n<title>SPAK trondit 3 &quot;Zot\u00ebt e luft\u00ebs&quot;, anulohet papritur tenderi sekret i arm\u00ebve: Petrit Kasapi, Emiljano Dusha dhe Ardian Davidhi p\u00ebrpin\u00eb kontratat monopol gjat\u00eb viteve t\u00eb fundi - Tirana Lajm<\/title>\n<meta name=\"description\" content=\"SPAK trondit 3 &quot;Zot\u00ebt e luft\u00ebs&quot;, anulohet papritur tenderi sekret i arm\u00ebve: Petrit Kasapi, Emiljano Dusha dhe Ardian Davidhi\" \/>\n<meta name=\"robots\" content=\"index, follow, max-snippet:-1, max-image-preview:large, max-video-preview:-1\" \/>\n<link rel=\"canonical\" href=\"https:\/\/tiranalajm.com\/index.php\/2023\/08\/25\/spak-trondit-3-zotet-e-luftes-anulohet-papritur-tenderi-sekret-i-armeve-petrit-kasapi-emiljano-dusha-dhe-ardian-davidhi-perpine-kontratat-monopol-gjate-viteve-te-fundi\/\" \/>\n<meta property=\"og:locale\" content=\"en_US\" \/>\n<meta property=\"og:type\" content=\"article\" \/>\n<meta property=\"og:title\" content=\"SPAK trondit 3 &quot;Zot\u00ebt e luft\u00ebs&quot;, anulohet papritur tenderi sekret i arm\u00ebve: Petrit Kasapi, Emiljano Dusha dhe Ardian Davidhi p\u00ebrpin\u00eb kontratat monopol gjat\u00eb viteve t\u00eb fundi - Tirana Lajm\" \/>\n<meta property=\"og:description\" content=\"SPAK trondit 3 &quot;Zot\u00ebt e luft\u00ebs&quot;, anulohet papritur tenderi sekret i arm\u00ebve: Petrit Kasapi, Emiljano Dusha dhe Ardian Davidhi\" \/>\n<meta property=\"og:url\" content=\"https:\/\/tiranalajm.com\/index.php\/2023\/08\/25\/spak-trondit-3-zotet-e-luftes-anulohet-papritur-tenderi-sekret-i-armeve-petrit-kasapi-emiljano-dusha-dhe-ardian-davidhi-perpine-kontratat-monopol-gjate-viteve-te-fundi\/\" \/>\n<meta property=\"og:site_name\" content=\"Tirana Lajm\" \/>\n<meta property=\"article:published_time\" content=\"2023-08-25T15:15:39+00:00\" \/>\n<meta property=\"og:image\" content=\"http:\/\/tiranalajm.com\/wp-content\/uploads\/2023\/08\/emiljano-dusha-petrit-kasapi-ardian-davidhi.jpg\" \/>\n\t<meta property=\"og:image:width\" content=\"1600\" \/>\n\t<meta property=\"og:image:height\" content=\"1065\" \/>\n\t<meta property=\"og:image:type\" content=\"image\/jpeg\" \/>\n<meta name=\"author\" content=\"tiranalajm.com\" \/>\n<meta name=\"twitter:card\" content=\"summary_large_image\" \/>\n<meta name=\"twitter:label1\" content=\"Written by\" \/>\n\t<meta name=\"twitter:data1\" content=\"tiranalajm.com\" \/>\n\t<meta name=\"twitter:label2\" content=\"Est. reading time\" \/>\n\t<meta name=\"twitter:data2\" content=\"2 minutes\" \/>\n<script type=\"application\/ld+json\" class=\"yoast-schema-graph\">{\"@context\":\"https:\\\/\\\/schema.org\",\"@graph\":[{\"@type\":\"Article\",\"@id\":\"https:\\\/\\\/tiranalajm.com\\\/index.php\\\/2023\\\/08\\\/25\\\/spak-trondit-3-zotet-e-luftes-anulohet-papritur-tenderi-sekret-i-armeve-petrit-kasapi-emiljano-dusha-dhe-ardian-davidhi-perpine-kontratat-monopol-gjate-viteve-te-fundi\\\/#article\",\"isPartOf\":{\"@id\":\"https:\\\/\\\/tiranalajm.com\\\/index.php\\\/2023\\\/08\\\/25\\\/spak-trondit-3-zotet-e-luftes-anulohet-papritur-tenderi-sekret-i-armeve-petrit-kasapi-emiljano-dusha-dhe-ardian-davidhi-perpine-kontratat-monopol-gjate-viteve-te-fundi\\\/\"},\"author\":{\"name\":\"tiranalajm.com\",\"@id\":\"https:\\\/\\\/tiranalajm.com\\\/#\\\/schema\\\/person\\\/d62adf3f0d0ba38eb923c3c1f5152717\"},\"headline\":\"SPAK trondit 3 &#8220;Zot\u00ebt e luft\u00ebs&#8221;, anulohet papritur tenderi sekret i arm\u00ebve: Petrit Kasapi, Emiljano Dusha dhe Ardian Davidhi p\u00ebrpin\u00eb kontratat monopol gjat\u00eb viteve t\u00eb fundi\",\"datePublished\":\"2023-08-25T15:15:39+00:00\",\"mainEntityOfPage\":{\"@id\":\"https:\\\/\\\/tiranalajm.com\\\/index.php\\\/2023\\\/08\\\/25\\\/spak-trondit-3-zotet-e-luftes-anulohet-papritur-tenderi-sekret-i-armeve-petrit-kasapi-emiljano-dusha-dhe-ardian-davidhi-perpine-kontratat-monopol-gjate-viteve-te-fundi\\\/\"},\"wordCount\":483,\"commentCount\":0,\"publisher\":{\"@id\":\"https:\\\/\\\/tiranalajm.com\\\/#organization\"},\"image\":{\"@id\":\"https:\\\/\\\/tiranalajm.com\\\/index.php\\\/2023\\\/08\\\/25\\\/spak-trondit-3-zotet-e-luftes-anulohet-papritur-tenderi-sekret-i-armeve-petrit-kasapi-emiljano-dusha-dhe-ardian-davidhi-perpine-kontratat-monopol-gjate-viteve-te-fundi\\\/#primaryimage\"},\"thumbnailUrl\":\"https:\\\/\\\/tiranalajm.com\\\/wp-content\\\/uploads\\\/2023\\\/08\\\/emiljano-dusha-petrit-kasapi-ardian-davidhi.jpg\",\"articleSection\":[\"Kryesore\",\"Ne vemendje\",\"Rreth vendit\"],\"inLanguage\":\"en-US\",\"potentialAction\":[{\"@type\":\"CommentAction\",\"name\":\"Comment\",\"target\":[\"https:\\\/\\\/tiranalajm.com\\\/index.php\\\/2023\\\/08\\\/25\\\/spak-trondit-3-zotet-e-luftes-anulohet-papritur-tenderi-sekret-i-armeve-petrit-kasapi-emiljano-dusha-dhe-ardian-davidhi-perpine-kontratat-monopol-gjate-viteve-te-fundi\\\/#respond\"]}]},{\"@type\":\"WebPage\",\"@id\":\"https:\\\/\\\/tiranalajm.com\\\/index.php\\\/2023\\\/08\\\/25\\\/spak-trondit-3-zotet-e-luftes-anulohet-papritur-tenderi-sekret-i-armeve-petrit-kasapi-emiljano-dusha-dhe-ardian-davidhi-perpine-kontratat-monopol-gjate-viteve-te-fundi\\\/\",\"url\":\"https:\\\/\\\/tiranalajm.com\\\/index.php\\\/2023\\\/08\\\/25\\\/spak-trondit-3-zotet-e-luftes-anulohet-papritur-tenderi-sekret-i-armeve-petrit-kasapi-emiljano-dusha-dhe-ardian-davidhi-perpine-kontratat-monopol-gjate-viteve-te-fundi\\\/\",\"name\":\"SPAK trondit 3 \\\"Zot\u00ebt e luft\u00ebs\\\", anulohet papritur tenderi sekret i arm\u00ebve: Petrit Kasapi, Emiljano Dusha dhe Ardian Davidhi p\u00ebrpin\u00eb kontratat monopol gjat\u00eb viteve t\u00eb fundi - Tirana Lajm\",\"isPartOf\":{\"@id\":\"https:\\\/\\\/tiranalajm.com\\\/#website\"},\"primaryImageOfPage\":{\"@id\":\"https:\\\/\\\/tiranalajm.com\\\/index.php\\\/2023\\\/08\\\/25\\\/spak-trondit-3-zotet-e-luftes-anulohet-papritur-tenderi-sekret-i-armeve-petrit-kasapi-emiljano-dusha-dhe-ardian-davidhi-perpine-kontratat-monopol-gjate-viteve-te-fundi\\\/#primaryimage\"},\"image\":{\"@id\":\"https:\\\/\\\/tiranalajm.com\\\/index.php\\\/2023\\\/08\\\/25\\\/spak-trondit-3-zotet-e-luftes-anulohet-papritur-tenderi-sekret-i-armeve-petrit-kasapi-emiljano-dusha-dhe-ardian-davidhi-perpine-kontratat-monopol-gjate-viteve-te-fundi\\\/#primaryimage\"},\"thumbnailUrl\":\"https:\\\/\\\/tiranalajm.com\\\/wp-content\\\/uploads\\\/2023\\\/08\\\/emiljano-dusha-petrit-kasapi-ardian-davidhi.jpg\",\"datePublished\":\"2023-08-25T15:15:39+00:00\",\"description\":\"SPAK trondit 3 \\\"Zot\u00ebt e luft\u00ebs\\\", anulohet papritur tenderi sekret i arm\u00ebve: Petrit Kasapi, Emiljano Dusha dhe Ardian Davidhi\",\"breadcrumb\":{\"@id\":\"https:\\\/\\\/tiranalajm.com\\\/index.php\\\/2023\\\/08\\\/25\\\/spak-trondit-3-zotet-e-luftes-anulohet-papritur-tenderi-sekret-i-armeve-petrit-kasapi-emiljano-dusha-dhe-ardian-davidhi-perpine-kontratat-monopol-gjate-viteve-te-fundi\\\/#breadcrumb\"},\"inLanguage\":\"en-US\",\"potentialAction\":[{\"@type\":\"ReadAction\",\"target\":[\"https:\\\/\\\/tiranalajm.com\\\/index.php\\\/2023\\\/08\\\/25\\\/spak-trondit-3-zotet-e-luftes-anulohet-papritur-tenderi-sekret-i-armeve-petrit-kasapi-emiljano-dusha-dhe-ardian-davidhi-perpine-kontratat-monopol-gjate-viteve-te-fundi\\\/\"]}]},{\"@type\":\"ImageObject\",\"inLanguage\":\"en-US\",\"@id\":\"https:\\\/\\\/tiranalajm.com\\\/index.php\\\/2023\\\/08\\\/25\\\/spak-trondit-3-zotet-e-luftes-anulohet-papritur-tenderi-sekret-i-armeve-petrit-kasapi-emiljano-dusha-dhe-ardian-davidhi-perpine-kontratat-monopol-gjate-viteve-te-fundi\\\/#primaryimage\",\"url\":\"https:\\\/\\\/tiranalajm.com\\\/wp-content\\\/uploads\\\/2023\\\/08\\\/emiljano-dusha-petrit-kasapi-ardian-davidhi.jpg\",\"contentUrl\":\"https:\\\/\\\/tiranalajm.com\\\/wp-content\\\/uploads\\\/2023\\\/08\\\/emiljano-dusha-petrit-kasapi-ardian-davidhi.jpg\",\"width\":1600,\"height\":1065},{\"@type\":\"BreadcrumbList\",\"@id\":\"https:\\\/\\\/tiranalajm.com\\\/index.php\\\/2023\\\/08\\\/25\\\/spak-trondit-3-zotet-e-luftes-anulohet-papritur-tenderi-sekret-i-armeve-petrit-kasapi-emiljano-dusha-dhe-ardian-davidhi-perpine-kontratat-monopol-gjate-viteve-te-fundi\\\/#breadcrumb\",\"itemListElement\":[{\"@type\":\"ListItem\",\"position\":1,\"name\":\"Home\",\"item\":\"https:\\\/\\\/tiranalajm.com\\\/\"},{\"@type\":\"ListItem\",\"position\":2,\"name\":\"SPAK trondit 3 &#8220;Zot\u00ebt e luft\u00ebs&#8221;, anulohet papritur tenderi sekret i arm\u00ebve: Petrit Kasapi, Emiljano Dusha dhe Ardian Davidhi p\u00ebrpin\u00eb kontratat monopol gjat\u00eb viteve t\u00eb fundi\"}]},{\"@type\":\"WebSite\",\"@id\":\"https:\\\/\\\/tiranalajm.com\\\/#website\",\"url\":\"https:\\\/\\\/tiranalajm.com\\\/\",\"name\":\"Tirana Lajm\",\"description\":\"Tirana Lajm\",\"publisher\":{\"@id\":\"https:\\\/\\\/tiranalajm.com\\\/#organization\"},\"potentialAction\":[{\"@type\":\"SearchAction\",\"target\":{\"@type\":\"EntryPoint\",\"urlTemplate\":\"https:\\\/\\\/tiranalajm.com\\\/?s={search_term_string}\"},\"query-input\":{\"@type\":\"PropertyValueSpecification\",\"valueRequired\":true,\"valueName\":\"search_term_string\"}}],\"inLanguage\":\"en-US\"},{\"@type\":\"Organization\",\"@id\":\"https:\\\/\\\/tiranalajm.com\\\/#organization\",\"name\":\"Tirana Lajm\",\"url\":\"https:\\\/\\\/tiranalajm.com\\\/\",\"logo\":{\"@type\":\"ImageObject\",\"inLanguage\":\"en-US\",\"@id\":\"https:\\\/\\\/tiranalajm.com\\\/#\\\/schema\\\/logo\\\/image\\\/\",\"url\":\"https:\\\/\\\/tiranalajm.com\\\/wp-content\\\/uploads\\\/2023\\\/08\\\/logo-tirana-lajm.jpg\",\"contentUrl\":\"https:\\\/\\\/tiranalajm.com\\\/wp-content\\\/uploads\\\/2023\\\/08\\\/logo-tirana-lajm.jpg\",\"width\":600,\"height\":360,\"caption\":\"Tirana Lajm\"},\"image\":{\"@id\":\"https:\\\/\\\/tiranalajm.com\\\/#\\\/schema\\\/logo\\\/image\\\/\"}},{\"@type\":\"Person\",\"@id\":\"https:\\\/\\\/tiranalajm.com\\\/#\\\/schema\\\/person\\\/d62adf3f0d0ba38eb923c3c1f5152717\",\"name\":\"tiranalajm.com\",\"image\":{\"@type\":\"ImageObject\",\"inLanguage\":\"en-US\",\"@id\":\"https:\\\/\\\/secure.gravatar.com\\\/avatar\\\/70082bb8d030bb6b79327cd6e282b497e1b999934e601ba07a020bca96c4dbee?s=96&d=mm&r=g\",\"url\":\"https:\\\/\\\/secure.gravatar.com\\\/avatar\\\/70082bb8d030bb6b79327cd6e282b497e1b999934e601ba07a020bca96c4dbee?s=96&d=mm&r=g\",\"contentUrl\":\"https:\\\/\\\/secure.gravatar.com\\\/avatar\\\/70082bb8d030bb6b79327cd6e282b497e1b999934e601ba07a020bca96c4dbee?s=96&d=mm&r=g\",\"caption\":\"tiranalajm.com\"},\"sameAs\":[\"http:\\\/\\\/tiranalajm.com\"],\"url\":\"https:\\\/\\\/tiranalajm.com\\\/index.php\\\/author\\\/tiranalajm-com\\\/\"}]}<\/script>\n<!-- \/ Yoast SEO plugin. -->","yoast_head_json":{"title":"SPAK trondit 3 \"Zot\u00ebt e luft\u00ebs\", anulohet papritur tenderi sekret i arm\u00ebve: Petrit Kasapi, Emiljano Dusha dhe Ardian Davidhi p\u00ebrpin\u00eb kontratat monopol gjat\u00eb viteve t\u00eb fundi - Tirana Lajm","description":"SPAK trondit 3 \"Zot\u00ebt e luft\u00ebs\", anulohet papritur tenderi sekret i arm\u00ebve: Petrit Kasapi, Emiljano Dusha dhe Ardian Davidhi","robots":{"index":"index","follow":"follow","max-snippet":"max-snippet:-1","max-image-preview":"max-image-preview:large","max-video-preview":"max-video-preview:-1"},"canonical":"https:\/\/tiranalajm.com\/index.php\/2023\/08\/25\/spak-trondit-3-zotet-e-luftes-anulohet-papritur-tenderi-sekret-i-armeve-petrit-kasapi-emiljano-dusha-dhe-ardian-davidhi-perpine-kontratat-monopol-gjate-viteve-te-fundi\/","og_locale":"en_US","og_type":"article","og_title":"SPAK trondit 3 \"Zot\u00ebt e luft\u00ebs\", anulohet papritur tenderi sekret i arm\u00ebve: Petrit Kasapi, Emiljano Dusha dhe Ardian Davidhi p\u00ebrpin\u00eb kontratat monopol gjat\u00eb viteve t\u00eb fundi - Tirana Lajm","og_description":"SPAK trondit 3 \"Zot\u00ebt e luft\u00ebs\", anulohet papritur tenderi sekret i arm\u00ebve: Petrit Kasapi, Emiljano Dusha dhe Ardian Davidhi","og_url":"https:\/\/tiranalajm.com\/index.php\/2023\/08\/25\/spak-trondit-3-zotet-e-luftes-anulohet-papritur-tenderi-sekret-i-armeve-petrit-kasapi-emiljano-dusha-dhe-ardian-davidhi-perpine-kontratat-monopol-gjate-viteve-te-fundi\/","og_site_name":"Tirana Lajm","article_published_time":"2023-08-25T15:15:39+00:00","og_image":[{"width":1600,"height":1065,"url":"http:\/\/tiranalajm.com\/wp-content\/uploads\/2023\/08\/emiljano-dusha-petrit-kasapi-ardian-davidhi.jpg","type":"image\/jpeg"}],"author":"tiranalajm.com","twitter_card":"summary_large_image","twitter_misc":{"Written by":"tiranalajm.com","Est. reading time":"2 minutes"},"schema":{"@context":"https:\/\/schema.org","@graph":[{"@type":"Article","@id":"https:\/\/tiranalajm.com\/index.php\/2023\/08\/25\/spak-trondit-3-zotet-e-luftes-anulohet-papritur-tenderi-sekret-i-armeve-petrit-kasapi-emiljano-dusha-dhe-ardian-davidhi-perpine-kontratat-monopol-gjate-viteve-te-fundi\/#article","isPartOf":{"@id":"https:\/\/tiranalajm.com\/index.php\/2023\/08\/25\/spak-trondit-3-zotet-e-luftes-anulohet-papritur-tenderi-sekret-i-armeve-petrit-kasapi-emiljano-dusha-dhe-ardian-davidhi-perpine-kontratat-monopol-gjate-viteve-te-fundi\/"},"author":{"name":"tiranalajm.com","@id":"https:\/\/tiranalajm.com\/#\/schema\/person\/d62adf3f0d0ba38eb923c3c1f5152717"},"headline":"SPAK trondit 3 &#8220;Zot\u00ebt e luft\u00ebs&#8221;, anulohet papritur tenderi sekret i arm\u00ebve: Petrit Kasapi, Emiljano Dusha dhe Ardian Davidhi p\u00ebrpin\u00eb kontratat monopol gjat\u00eb viteve t\u00eb fundi","datePublished":"2023-08-25T15:15:39+00:00","mainEntityOfPage":{"@id":"https:\/\/tiranalajm.com\/index.php\/2023\/08\/25\/spak-trondit-3-zotet-e-luftes-anulohet-papritur-tenderi-sekret-i-armeve-petrit-kasapi-emiljano-dusha-dhe-ardian-davidhi-perpine-kontratat-monopol-gjate-viteve-te-fundi\/"},"wordCount":483,"commentCount":0,"publisher":{"@id":"https:\/\/tiranalajm.com\/#organization"},"image":{"@id":"https:\/\/tiranalajm.com\/index.php\/2023\/08\/25\/spak-trondit-3-zotet-e-luftes-anulohet-papritur-tenderi-sekret-i-armeve-petrit-kasapi-emiljano-dusha-dhe-ardian-davidhi-perpine-kontratat-monopol-gjate-viteve-te-fundi\/#primaryimage"},"thumbnailUrl":"https:\/\/tiranalajm.com\/wp-content\/uploads\/2023\/08\/emiljano-dusha-petrit-kasapi-ardian-davidhi.jpg","articleSection":["Kryesore","Ne vemendje","Rreth vendit"],"inLanguage":"en-US","potentialAction":[{"@type":"CommentAction","name":"Comment","target":["https:\/\/tiranalajm.com\/index.php\/2023\/08\/25\/spak-trondit-3-zotet-e-luftes-anulohet-papritur-tenderi-sekret-i-armeve-petrit-kasapi-emiljano-dusha-dhe-ardian-davidhi-perpine-kontratat-monopol-gjate-viteve-te-fundi\/#respond"]}]},{"@type":"WebPage","@id":"https:\/\/tiranalajm.com\/index.php\/2023\/08\/25\/spak-trondit-3-zotet-e-luftes-anulohet-papritur-tenderi-sekret-i-armeve-petrit-kasapi-emiljano-dusha-dhe-ardian-davidhi-perpine-kontratat-monopol-gjate-viteve-te-fundi\/","url":"https:\/\/tiranalajm.com\/index.php\/2023\/08\/25\/spak-trondit-3-zotet-e-luftes-anulohet-papritur-tenderi-sekret-i-armeve-petrit-kasapi-emiljano-dusha-dhe-ardian-davidhi-perpine-kontratat-monopol-gjate-viteve-te-fundi\/","name":"SPAK trondit 3 \"Zot\u00ebt e luft\u00ebs\", anulohet papritur tenderi sekret i arm\u00ebve: Petrit Kasapi, Emiljano Dusha dhe Ardian Davidhi p\u00ebrpin\u00eb kontratat monopol gjat\u00eb viteve t\u00eb fundi - Tirana Lajm","isPartOf":{"@id":"https:\/\/tiranalajm.com\/#website"},"primaryImageOfPage":{"@id":"https:\/\/tiranalajm.com\/index.php\/2023\/08\/25\/spak-trondit-3-zotet-e-luftes-anulohet-papritur-tenderi-sekret-i-armeve-petrit-kasapi-emiljano-dusha-dhe-ardian-davidhi-perpine-kontratat-monopol-gjate-viteve-te-fundi\/#primaryimage"},"image":{"@id":"https:\/\/tiranalajm.com\/index.php\/2023\/08\/25\/spak-trondit-3-zotet-e-luftes-anulohet-papritur-tenderi-sekret-i-armeve-petrit-kasapi-emiljano-dusha-dhe-ardian-davidhi-perpine-kontratat-monopol-gjate-viteve-te-fundi\/#primaryimage"},"thumbnailUrl":"https:\/\/tiranalajm.com\/wp-content\/uploads\/2023\/08\/emiljano-dusha-petrit-kasapi-ardian-davidhi.jpg","datePublished":"2023-08-25T15:15:39+00:00","description":"SPAK trondit 3 \"Zot\u00ebt e luft\u00ebs\", anulohet papritur tenderi sekret i arm\u00ebve: Petrit Kasapi, Emiljano Dusha dhe Ardian Davidhi","breadcrumb":{"@id":"https:\/\/tiranalajm.com\/index.php\/2023\/08\/25\/spak-trondit-3-zotet-e-luftes-anulohet-papritur-tenderi-sekret-i-armeve-petrit-kasapi-emiljano-dusha-dhe-ardian-davidhi-perpine-kontratat-monopol-gjate-viteve-te-fundi\/#breadcrumb"},"inLanguage":"en-US","potentialAction":[{"@type":"ReadAction","target":["https:\/\/tiranalajm.com\/index.php\/2023\/08\/25\/spak-trondit-3-zotet-e-luftes-anulohet-papritur-tenderi-sekret-i-armeve-petrit-kasapi-emiljano-dusha-dhe-ardian-davidhi-perpine-kontratat-monopol-gjate-viteve-te-fundi\/"]}]},{"@type":"ImageObject","inLanguage":"en-US","@id":"https:\/\/tiranalajm.com\/index.php\/2023\/08\/25\/spak-trondit-3-zotet-e-luftes-anulohet-papritur-tenderi-sekret-i-armeve-petrit-kasapi-emiljano-dusha-dhe-ardian-davidhi-perpine-kontratat-monopol-gjate-viteve-te-fundi\/#primaryimage","url":"https:\/\/tiranalajm.com\/wp-content\/uploads\/2023\/08\/emiljano-dusha-petrit-kasapi-ardian-davidhi.jpg","contentUrl":"https:\/\/tiranalajm.com\/wp-content\/uploads\/2023\/08\/emiljano-dusha-petrit-kasapi-ardian-davidhi.jpg","width":1600,"height":1065},{"@type":"BreadcrumbList","@id":"https:\/\/tiranalajm.com\/index.php\/2023\/08\/25\/spak-trondit-3-zotet-e-luftes-anulohet-papritur-tenderi-sekret-i-armeve-petrit-kasapi-emiljano-dusha-dhe-ardian-davidhi-perpine-kontratat-monopol-gjate-viteve-te-fundi\/#breadcrumb","itemListElement":[{"@type":"ListItem","position":1,"name":"Home","item":"https:\/\/tiranalajm.com\/"},{"@type":"ListItem","position":2,"name":"SPAK trondit 3 &#8220;Zot\u00ebt e luft\u00ebs&#8221;, anulohet papritur tenderi sekret i arm\u00ebve: Petrit Kasapi, Emiljano Dusha dhe Ardian Davidhi p\u00ebrpin\u00eb kontratat monopol gjat\u00eb viteve t\u00eb fundi"}]},{"@type":"WebSite","@id":"https:\/\/tiranalajm.com\/#website","url":"https:\/\/tiranalajm.com\/","name":"Tirana Lajm","description":"Tirana Lajm","publisher":{"@id":"https:\/\/tiranalajm.com\/#organization"},"potentialAction":[{"@type":"SearchAction","target":{"@type":"EntryPoint","urlTemplate":"https:\/\/tiranalajm.com\/?s={search_term_string}"},"query-input":{"@type":"PropertyValueSpecification","valueRequired":true,"valueName":"search_term_string"}}],"inLanguage":"en-US"},{"@type":"Organization","@id":"https:\/\/tiranalajm.com\/#organization","name":"Tirana Lajm","url":"https:\/\/tiranalajm.com\/","logo":{"@type":"ImageObject","inLanguage":"en-US","@id":"https:\/\/tiranalajm.com\/#\/schema\/logo\/image\/","url":"https:\/\/tiranalajm.com\/wp-content\/uploads\/2023\/08\/logo-tirana-lajm.jpg","contentUrl":"https:\/\/tiranalajm.com\/wp-content\/uploads\/2023\/08\/logo-tirana-lajm.jpg","width":600,"height":360,"caption":"Tirana Lajm"},"image":{"@id":"https:\/\/tiranalajm.com\/#\/schema\/logo\/image\/"}},{"@type":"Person","@id":"https:\/\/tiranalajm.com\/#\/schema\/person\/d62adf3f0d0ba38eb923c3c1f5152717","name":"tiranalajm.com","image":{"@type":"ImageObject","inLanguage":"en-US","@id":"https:\/\/secure.gravatar.com\/avatar\/70082bb8d030bb6b79327cd6e282b497e1b999934e601ba07a020bca96c4dbee?s=96&d=mm&r=g","url":"https:\/\/secure.gravatar.com\/avatar\/70082bb8d030bb6b79327cd6e282b497e1b999934e601ba07a020bca96c4dbee?s=96&d=mm&r=g","contentUrl":"https:\/\/secure.gravatar.com\/avatar\/70082bb8d030bb6b79327cd6e282b497e1b999934e601ba07a020bca96c4dbee?s=96&d=mm&r=g","caption":"tiranalajm.com"},"sameAs":["http:\/\/tiranalajm.com"],"url":"https:\/\/tiranalajm.com\/index.php\/author\/tiranalajm-com\/"}]}},"_links":{"self":[{"href":"https:\/\/tiranalajm.com\/index.php\/wp-json\/wp\/v2\/posts\/33","targetHints":{"allow":["GET"]}}],"collection":[{"href":"https:\/\/tiranalajm.com\/index.php\/wp-json\/wp\/v2\/posts"}],"about":[{"href":"https:\/\/tiranalajm.com\/index.php\/wp-json\/wp\/v2\/types\/post"}],"author":[{"embeddable":true,"href":"https:\/\/tiranalajm.com\/index.php\/wp-json\/wp\/v2\/users\/1"}],"replies":[{"embeddable":true,"href":"https:\/\/tiranalajm.com\/index.php\/wp-json\/wp\/v2\/comments?post=33"}],"version-history":[{"count":1,"href":"https:\/\/tiranalajm.com\/index.php\/wp-json\/wp\/v2\/posts\/33\/revisions"}],"predecessor-version":[{"id":35,"href":"https:\/\/tiranalajm.com\/index.php\/wp-json\/wp\/v2\/posts\/33\/revisions\/35"}],"wp:featuredmedia":[{"embeddable":true,"href":"https:\/\/tiranalajm.com\/index.php\/wp-json\/wp\/v2\/media\/34"}],"wp:attachment":[{"href":"https:\/\/tiranalajm.com\/index.php\/wp-json\/wp\/v2\/media?parent=33"}],"wp:term":[{"taxonomy":"category","embeddable":true,"href":"https:\/\/tiranalajm.com\/index.php\/wp-json\/wp\/v2\/categories?post=33"},{"taxonomy":"post_tag","embeddable":true,"href":"https:\/\/tiranalajm.com\/index.php\/wp-json\/wp\/v2\/tags?post=33"}],"curies":[{"name":"wp","href":"https:\/\/api.w.org\/{rel}","templated":true}]}}