{"id":40,"date":"2023-08-28T19:54:29","date_gmt":"2023-08-28T18:54:29","guid":{"rendered":"https:\/\/tiranalajm.com\/?p=40"},"modified":"2023-08-28T19:54:33","modified_gmt":"2023-08-28T18:54:33","slug":"stervitja-me-e-veshtire-shikoni-si-trajnohen-forcat-speciale-shqiptare-ne-mbijetese-shpetim-dhe-marrje-ne-pyetje-foto","status":"publish","type":"post","link":"https:\/\/tiranalajm.com\/index.php\/2023\/08\/28\/stervitja-me-e-veshtire-shikoni-si-trajnohen-forcat-speciale-shqiptare-ne-mbijetese-shpetim-dhe-marrje-ne-pyetje-foto\/","title":{"rendered":"St\u00ebrvitja m\u00eb e v\u00ebshtir\u00eb! Shikoni si trajnohen Forcat Speciale shqiptare n\u00eb mbijetes\u00eb, shp\u00ebtim dhe marrje n\u00eb pyetje (FOTO)\u00a0"},"content":{"rendered":"\n<p>Forcat Speciale shqiptare kan\u00eb p\u00ebrfunduar nj\u00eb prej st\u00ebrvitjeve m\u00eb t\u00eb v\u00ebshtira q\u00eb p\u00ebrfshin nj\u00eb s\u00ebr\u00eb temash komplekse si marrje n\u00eb pyetje, mbijetes\u00eb, ikje dhe shp\u00ebtim.<\/p>\n\n\n\n<p>Shefi i Shtabit t\u00eb P\u00ebrgjithsh\u00ebm, Gjeneral Major Arben Kingji thot\u00eb se ky kurs \u00ebsht\u00eb fillesa e nj\u00eb grupi solid kursant\u00ebsh t\u00eb dalluar q\u00eb do t\u00eb b\u00ebhen pjes\u00eb e trup\u00ebs m\u00eb t\u00eb trajnuar n\u00eb Forcave t\u00eb Armatosura.<\/p>\n\n\n\n<p>\u201cAspekte nga st\u00ebrvitja p\u00ebrfundimtare komplekse dhe m\u00eb e v\u00ebshtir\u00eb e Kursit t\u00eb XIV Baz\u00eb t\u00eb Forcave Speciale, n\u00eb tema t\u00eb ndryshme si mbijetesa, kapje, marrje n\u00eb pyetje, ikje dhe shp\u00ebtim. Ky kurs \u00ebsht\u00eb fillesa e nj\u00eb grupi solid kursant\u00ebsh t\u00eb dalluar, q\u00eb priten t\u00eb b\u00ebhen pjes\u00eb e trup\u00ebs m\u00eb t\u00eb trajnuar dhe t\u00eb respektuar t\u00eb Forcave t\u00eb Armatosura\u201d, shprehet Kingji.<\/p>\n\n\n\n<p>N\u00eb pamjet e shp\u00ebrndara dallohet se si Forcat Speciale trajnohen p\u00ebr t\u00eb mbijetuar, p\u00ebr t\u00eb nxjerr\u00eb informacione nga personat e kapur, apo p\u00ebr t\u00eb shp\u00ebtuar dhe larguar nga situata rrob\u00ebrie.<\/p>\n\n\n\n<figure class=\"wp-block-gallery has-nested-images columns-default is-cropped wp-block-gallery-1 is-layout-flex wp-block-gallery-is-layout-flex\">\n<figure class=\"wp-block-image size-large\"><img loading=\"lazy\" decoding=\"async\" width=\"640\" height=\"778\" data-id=\"41\" src=\"https:\/\/tiranalajm.com\/wp-content\/uploads\/2023\/08\/640-0-369648512-259727513554999-4022756142265973792-n-1693247327.jpeg\" alt=\"\" class=\"wp-image-41\" srcset=\"https:\/\/tiranalajm.com\/wp-content\/uploads\/2023\/08\/640-0-369648512-259727513554999-4022756142265973792-n-1693247327.jpeg 640w, https:\/\/tiranalajm.com\/wp-content\/uploads\/2023\/08\/640-0-369648512-259727513554999-4022756142265973792-n-1693247327-247x300.jpeg 247w\" sizes=\"auto, (max-width: 640px) 100vw, 640px\" \/><\/figure>\n\n\n\n<figure class=\"wp-block-image size-large\"><img loading=\"lazy\" decoding=\"async\" width=\"640\" height=\"431\" data-id=\"42\" src=\"https:\/\/tiranalajm.com\/wp-content\/uploads\/2023\/08\/640-0-369654497-259727480221669-2183312015052908381-n-1693247327.jpeg\" alt=\"\" class=\"wp-image-42\" srcset=\"https:\/\/tiranalajm.com\/wp-content\/uploads\/2023\/08\/640-0-369654497-259727480221669-2183312015052908381-n-1693247327.jpeg 640w, https:\/\/tiranalajm.com\/wp-content\/uploads\/2023\/08\/640-0-369654497-259727480221669-2183312015052908381-n-1693247327-300x202.jpeg 300w\" sizes=\"auto, (max-width: 640px) 100vw, 640px\" \/><\/figure>\n\n\n\n<figure class=\"wp-block-image size-large\"><img loading=\"lazy\" decoding=\"async\" width=\"640\" height=\"903\" data-id=\"43\" src=\"https:\/\/tiranalajm.com\/wp-content\/uploads\/2023\/08\/640-0-369698579-259727686888315-6175372655012432046-n-1693247327.jpeg\" alt=\"\" class=\"wp-image-43\" srcset=\"https:\/\/tiranalajm.com\/wp-content\/uploads\/2023\/08\/640-0-369698579-259727686888315-6175372655012432046-n-1693247327.jpeg 640w, https:\/\/tiranalajm.com\/wp-content\/uploads\/2023\/08\/640-0-369698579-259727686888315-6175372655012432046-n-1693247327-213x300.jpeg 213w\" sizes=\"auto, (max-width: 640px) 100vw, 640px\" \/><\/figure>\n\n\n\n<figure class=\"wp-block-image size-large\"><img loading=\"lazy\" decoding=\"async\" width=\"640\" height=\"360\" data-id=\"46\" src=\"https:\/\/tiranalajm.com\/wp-content\/uploads\/2023\/08\/640-0-369972683-259727803554970-2728481881392843836-n-1693247327.jpeg\" alt=\"\" class=\"wp-image-46\" srcset=\"https:\/\/tiranalajm.com\/wp-content\/uploads\/2023\/08\/640-0-369972683-259727803554970-2728481881392843836-n-1693247327.jpeg 640w, https:\/\/tiranalajm.com\/wp-content\/uploads\/2023\/08\/640-0-369972683-259727803554970-2728481881392843836-n-1693247327-300x169.jpeg 300w\" sizes=\"auto, (max-width: 640px) 100vw, 640px\" \/><\/figure>\n\n\n\n<figure class=\"wp-block-image size-large\"><img loading=\"lazy\" decoding=\"async\" width=\"640\" height=\"482\" data-id=\"44\" src=\"https:\/\/tiranalajm.com\/wp-content\/uploads\/2023\/08\/640-0-370357770-259727743554976-1282098813964061227-n-1693247327.jpeg\" alt=\"\" class=\"wp-image-44\" srcset=\"https:\/\/tiranalajm.com\/wp-content\/uploads\/2023\/08\/640-0-370357770-259727743554976-1282098813964061227-n-1693247327.jpeg 640w, https:\/\/tiranalajm.com\/wp-content\/uploads\/2023\/08\/640-0-370357770-259727743554976-1282098813964061227-n-1693247327-300x226.jpeg 300w\" sizes=\"auto, (max-width: 640px) 100vw, 640px\" \/><\/figure>\n\n\n\n<figure class=\"wp-block-image size-large\"><img loading=\"lazy\" decoding=\"async\" width=\"640\" height=\"462\" data-id=\"45\" src=\"https:\/\/tiranalajm.com\/wp-content\/uploads\/2023\/08\/640-0-sdfwaefwggggg111-1693247328.png\" alt=\"\" class=\"wp-image-45\" srcset=\"https:\/\/tiranalajm.com\/wp-content\/uploads\/2023\/08\/640-0-sdfwaefwggggg111-1693247328.png 640w, https:\/\/tiranalajm.com\/wp-content\/uploads\/2023\/08\/640-0-sdfwaefwggggg111-1693247328-300x217.png 300w\" sizes=\"auto, (max-width: 640px) 100vw, 640px\" \/><\/figure>\n<\/figure>\n\n\n\n<p><\/p>\n","protected":false},"excerpt":{"rendered":"<p>Forcat Speciale shqiptare kan\u00eb p\u00ebrfunduar nj\u00eb prej st\u00ebrvitjeve m\u00eb t\u00eb v\u00ebshtira q\u00eb p\u00ebrfshin nj\u00eb s\u00ebr\u00eb temash komplekse si marrje n\u00eb pyetje, mbijetes\u00eb, ikje dhe shp\u00ebtim. Shefi i Shtabit t\u00eb P\u00ebrgjithsh\u00ebm, Gjeneral Major Arben Kingji thot\u00eb se ky kurs \u00ebsht\u00eb fillesa e nj\u00eb grupi solid kursant\u00ebsh t\u00eb dalluar q\u00eb do t\u00eb b\u00ebhen pjes\u00eb e trup\u00ebs m\u00eb [&hellip;]<\/p>\n","protected":false},"author":1,"featured_media":46,"comment_status":"open","ping_status":"open","sticky":false,"template":"","format":"standard","meta":{"footnotes":""},"categories":[5,3],"tags":[],"class_list":["post-40","post","type-post","status-publish","format-standard","has-post-thumbnail","hentry","category-ne-vemendje","category-rreth-vendit"],"yoast_head":"<!-- This site is optimized with the Yoast SEO plugin v27.5 - https:\/\/yoast.com\/product\/yoast-seo-wordpress\/ -->\n<title>St\u00ebrvitja m\u00eb e v\u00ebshtir\u00eb! Shikoni si trajnohen Forcat Speciale shqiptare n\u00eb mbijetes\u00eb, shp\u00ebtim dhe marrje n\u00eb pyetje (FOTO)\u00a0 - Tirana Lajm<\/title>\n<meta name=\"robots\" content=\"index, follow, max-snippet:-1, max-image-preview:large, max-video-preview:-1\" \/>\n<link rel=\"canonical\" href=\"https:\/\/tiranalajm.com\/index.php\/2023\/08\/28\/stervitja-me-e-veshtire-shikoni-si-trajnohen-forcat-speciale-shqiptare-ne-mbijetese-shpetim-dhe-marrje-ne-pyetje-foto\/\" \/>\n<meta property=\"og:locale\" content=\"en_US\" \/>\n<meta property=\"og:type\" content=\"article\" \/>\n<meta property=\"og:title\" content=\"St\u00ebrvitja m\u00eb e v\u00ebshtir\u00eb! Shikoni si trajnohen Forcat Speciale shqiptare n\u00eb mbijetes\u00eb, shp\u00ebtim dhe marrje n\u00eb pyetje (FOTO)\u00a0 - Tirana Lajm\" \/>\n<meta property=\"og:description\" content=\"Forcat Speciale shqiptare kan\u00eb p\u00ebrfunduar nj\u00eb prej st\u00ebrvitjeve m\u00eb t\u00eb v\u00ebshtira q\u00eb p\u00ebrfshin nj\u00eb s\u00ebr\u00eb temash komplekse si marrje n\u00eb pyetje, mbijetes\u00eb, ikje dhe shp\u00ebtim. Shefi i Shtabit t\u00eb P\u00ebrgjithsh\u00ebm, Gjeneral Major Arben Kingji thot\u00eb se ky kurs \u00ebsht\u00eb fillesa e nj\u00eb grupi solid kursant\u00ebsh t\u00eb dalluar q\u00eb do t\u00eb b\u00ebhen pjes\u00eb e trup\u00ebs m\u00eb [&hellip;]\" \/>\n<meta property=\"og:url\" content=\"https:\/\/tiranalajm.com\/index.php\/2023\/08\/28\/stervitja-me-e-veshtire-shikoni-si-trajnohen-forcat-speciale-shqiptare-ne-mbijetese-shpetim-dhe-marrje-ne-pyetje-foto\/\" \/>\n<meta property=\"og:site_name\" content=\"Tirana Lajm\" \/>\n<meta property=\"article:published_time\" content=\"2023-08-28T18:54:29+00:00\" \/>\n<meta property=\"article:modified_time\" content=\"2023-08-28T18:54:33+00:00\" \/>\n<meta property=\"og:image\" content=\"http:\/\/tiranalajm.com\/wp-content\/uploads\/2023\/08\/640-0-369972683-259727803554970-2728481881392843836-n-1693247327.jpeg\" \/>\n\t<meta property=\"og:image:width\" content=\"640\" \/>\n\t<meta property=\"og:image:height\" content=\"360\" \/>\n\t<meta property=\"og:image:type\" content=\"image\/jpeg\" \/>\n<meta name=\"author\" content=\"tiranalajm.com\" \/>\n<meta name=\"twitter:card\" content=\"summary_large_image\" \/>\n<meta name=\"twitter:label1\" content=\"Written by\" \/>\n\t<meta name=\"twitter:data1\" content=\"tiranalajm.com\" \/>\n\t<meta name=\"twitter:label2\" content=\"Est. reading time\" \/>\n\t<meta name=\"twitter:data2\" content=\"2 minutes\" \/>\n<script type=\"application\/ld+json\" class=\"yoast-schema-graph\">{\"@context\":\"https:\\\/\\\/schema.org\",\"@graph\":[{\"@type\":\"Article\",\"@id\":\"https:\\\/\\\/tiranalajm.com\\\/index.php\\\/2023\\\/08\\\/28\\\/stervitja-me-e-veshtire-shikoni-si-trajnohen-forcat-speciale-shqiptare-ne-mbijetese-shpetim-dhe-marrje-ne-pyetje-foto\\\/#article\",\"isPartOf\":{\"@id\":\"https:\\\/\\\/tiranalajm.com\\\/index.php\\\/2023\\\/08\\\/28\\\/stervitja-me-e-veshtire-shikoni-si-trajnohen-forcat-speciale-shqiptare-ne-mbijetese-shpetim-dhe-marrje-ne-pyetje-foto\\\/\"},\"author\":{\"name\":\"tiranalajm.com\",\"@id\":\"https:\\\/\\\/tiranalajm.com\\\/#\\\/schema\\\/person\\\/d62adf3f0d0ba38eb923c3c1f5152717\"},\"headline\":\"St\u00ebrvitja m\u00eb e v\u00ebshtir\u00eb! Shikoni si trajnohen Forcat Speciale shqiptare n\u00eb mbijetes\u00eb, shp\u00ebtim dhe marrje n\u00eb pyetje (FOTO)\u00a0\",\"datePublished\":\"2023-08-28T18:54:29+00:00\",\"dateModified\":\"2023-08-28T18:54:33+00:00\",\"mainEntityOfPage\":{\"@id\":\"https:\\\/\\\/tiranalajm.com\\\/index.php\\\/2023\\\/08\\\/28\\\/stervitja-me-e-veshtire-shikoni-si-trajnohen-forcat-speciale-shqiptare-ne-mbijetese-shpetim-dhe-marrje-ne-pyetje-foto\\\/\"},\"wordCount\":196,\"commentCount\":0,\"publisher\":{\"@id\":\"https:\\\/\\\/tiranalajm.com\\\/#organization\"},\"image\":{\"@id\":\"https:\\\/\\\/tiranalajm.com\\\/index.php\\\/2023\\\/08\\\/28\\\/stervitja-me-e-veshtire-shikoni-si-trajnohen-forcat-speciale-shqiptare-ne-mbijetese-shpetim-dhe-marrje-ne-pyetje-foto\\\/#primaryimage\"},\"thumbnailUrl\":\"https:\\\/\\\/tiranalajm.com\\\/wp-content\\\/uploads\\\/2023\\\/08\\\/640-0-369972683-259727803554970-2728481881392843836-n-1693247327.jpeg\",\"articleSection\":[\"Ne vemendje\",\"Rreth vendit\"],\"inLanguage\":\"en-US\",\"potentialAction\":[{\"@type\":\"CommentAction\",\"name\":\"Comment\",\"target\":[\"https:\\\/\\\/tiranalajm.com\\\/index.php\\\/2023\\\/08\\\/28\\\/stervitja-me-e-veshtire-shikoni-si-trajnohen-forcat-speciale-shqiptare-ne-mbijetese-shpetim-dhe-marrje-ne-pyetje-foto\\\/#respond\"]}]},{\"@type\":\"WebPage\",\"@id\":\"https:\\\/\\\/tiranalajm.com\\\/index.php\\\/2023\\\/08\\\/28\\\/stervitja-me-e-veshtire-shikoni-si-trajnohen-forcat-speciale-shqiptare-ne-mbijetese-shpetim-dhe-marrje-ne-pyetje-foto\\\/\",\"url\":\"https:\\\/\\\/tiranalajm.com\\\/index.php\\\/2023\\\/08\\\/28\\\/stervitja-me-e-veshtire-shikoni-si-trajnohen-forcat-speciale-shqiptare-ne-mbijetese-shpetim-dhe-marrje-ne-pyetje-foto\\\/\",\"name\":\"St\u00ebrvitja m\u00eb e v\u00ebshtir\u00eb! Shikoni si trajnohen Forcat Speciale shqiptare n\u00eb mbijetes\u00eb, shp\u00ebtim dhe marrje n\u00eb pyetje (FOTO)\u00a0 - Tirana Lajm\",\"isPartOf\":{\"@id\":\"https:\\\/\\\/tiranalajm.com\\\/#website\"},\"primaryImageOfPage\":{\"@id\":\"https:\\\/\\\/tiranalajm.com\\\/index.php\\\/2023\\\/08\\\/28\\\/stervitja-me-e-veshtire-shikoni-si-trajnohen-forcat-speciale-shqiptare-ne-mbijetese-shpetim-dhe-marrje-ne-pyetje-foto\\\/#primaryimage\"},\"image\":{\"@id\":\"https:\\\/\\\/tiranalajm.com\\\/index.php\\\/2023\\\/08\\\/28\\\/stervitja-me-e-veshtire-shikoni-si-trajnohen-forcat-speciale-shqiptare-ne-mbijetese-shpetim-dhe-marrje-ne-pyetje-foto\\\/#primaryimage\"},\"thumbnailUrl\":\"https:\\\/\\\/tiranalajm.com\\\/wp-content\\\/uploads\\\/2023\\\/08\\\/640-0-369972683-259727803554970-2728481881392843836-n-1693247327.jpeg\",\"datePublished\":\"2023-08-28T18:54:29+00:00\",\"dateModified\":\"2023-08-28T18:54:33+00:00\",\"breadcrumb\":{\"@id\":\"https:\\\/\\\/tiranalajm.com\\\/index.php\\\/2023\\\/08\\\/28\\\/stervitja-me-e-veshtire-shikoni-si-trajnohen-forcat-speciale-shqiptare-ne-mbijetese-shpetim-dhe-marrje-ne-pyetje-foto\\\/#breadcrumb\"},\"inLanguage\":\"en-US\",\"potentialAction\":[{\"@type\":\"ReadAction\",\"target\":[\"https:\\\/\\\/tiranalajm.com\\\/index.php\\\/2023\\\/08\\\/28\\\/stervitja-me-e-veshtire-shikoni-si-trajnohen-forcat-speciale-shqiptare-ne-mbijetese-shpetim-dhe-marrje-ne-pyetje-foto\\\/\"]}]},{\"@type\":\"ImageObject\",\"inLanguage\":\"en-US\",\"@id\":\"https:\\\/\\\/tiranalajm.com\\\/index.php\\\/2023\\\/08\\\/28\\\/stervitja-me-e-veshtire-shikoni-si-trajnohen-forcat-speciale-shqiptare-ne-mbijetese-shpetim-dhe-marrje-ne-pyetje-foto\\\/#primaryimage\",\"url\":\"https:\\\/\\\/tiranalajm.com\\\/wp-content\\\/uploads\\\/2023\\\/08\\\/640-0-369972683-259727803554970-2728481881392843836-n-1693247327.jpeg\",\"contentUrl\":\"https:\\\/\\\/tiranalajm.com\\\/wp-content\\\/uploads\\\/2023\\\/08\\\/640-0-369972683-259727803554970-2728481881392843836-n-1693247327.jpeg\",\"width\":640,\"height\":360},{\"@type\":\"BreadcrumbList\",\"@id\":\"https:\\\/\\\/tiranalajm.com\\\/index.php\\\/2023\\\/08\\\/28\\\/stervitja-me-e-veshtire-shikoni-si-trajnohen-forcat-speciale-shqiptare-ne-mbijetese-shpetim-dhe-marrje-ne-pyetje-foto\\\/#breadcrumb\",\"itemListElement\":[{\"@type\":\"ListItem\",\"position\":1,\"name\":\"Home\",\"item\":\"https:\\\/\\\/tiranalajm.com\\\/\"},{\"@type\":\"ListItem\",\"position\":2,\"name\":\"St\u00ebrvitja m\u00eb e v\u00ebshtir\u00eb! Shikoni si trajnohen Forcat Speciale shqiptare n\u00eb mbijetes\u00eb, shp\u00ebtim dhe marrje n\u00eb pyetje (FOTO)\u00a0\"}]},{\"@type\":\"WebSite\",\"@id\":\"https:\\\/\\\/tiranalajm.com\\\/#website\",\"url\":\"https:\\\/\\\/tiranalajm.com\\\/\",\"name\":\"Tirana Lajm\",\"description\":\"Tirana Lajm\",\"publisher\":{\"@id\":\"https:\\\/\\\/tiranalajm.com\\\/#organization\"},\"potentialAction\":[{\"@type\":\"SearchAction\",\"target\":{\"@type\":\"EntryPoint\",\"urlTemplate\":\"https:\\\/\\\/tiranalajm.com\\\/?s={search_term_string}\"},\"query-input\":{\"@type\":\"PropertyValueSpecification\",\"valueRequired\":true,\"valueName\":\"search_term_string\"}}],\"inLanguage\":\"en-US\"},{\"@type\":\"Organization\",\"@id\":\"https:\\\/\\\/tiranalajm.com\\\/#organization\",\"name\":\"Tirana Lajm\",\"url\":\"https:\\\/\\\/tiranalajm.com\\\/\",\"logo\":{\"@type\":\"ImageObject\",\"inLanguage\":\"en-US\",\"@id\":\"https:\\\/\\\/tiranalajm.com\\\/#\\\/schema\\\/logo\\\/image\\\/\",\"url\":\"https:\\\/\\\/tiranalajm.com\\\/wp-content\\\/uploads\\\/2023\\\/08\\\/logo-tirana-lajm.jpg\",\"contentUrl\":\"https:\\\/\\\/tiranalajm.com\\\/wp-content\\\/uploads\\\/2023\\\/08\\\/logo-tirana-lajm.jpg\",\"width\":600,\"height\":360,\"caption\":\"Tirana Lajm\"},\"image\":{\"@id\":\"https:\\\/\\\/tiranalajm.com\\\/#\\\/schema\\\/logo\\\/image\\\/\"}},{\"@type\":\"Person\",\"@id\":\"https:\\\/\\\/tiranalajm.com\\\/#\\\/schema\\\/person\\\/d62adf3f0d0ba38eb923c3c1f5152717\",\"name\":\"tiranalajm.com\",\"image\":{\"@type\":\"ImageObject\",\"inLanguage\":\"en-US\",\"@id\":\"https:\\\/\\\/secure.gravatar.com\\\/avatar\\\/70082bb8d030bb6b79327cd6e282b497e1b999934e601ba07a020bca96c4dbee?s=96&d=mm&r=g\",\"url\":\"https:\\\/\\\/secure.gravatar.com\\\/avatar\\\/70082bb8d030bb6b79327cd6e282b497e1b999934e601ba07a020bca96c4dbee?s=96&d=mm&r=g\",\"contentUrl\":\"https:\\\/\\\/secure.gravatar.com\\\/avatar\\\/70082bb8d030bb6b79327cd6e282b497e1b999934e601ba07a020bca96c4dbee?s=96&d=mm&r=g\",\"caption\":\"tiranalajm.com\"},\"sameAs\":[\"http:\\\/\\\/tiranalajm.com\"],\"url\":\"https:\\\/\\\/tiranalajm.com\\\/index.php\\\/author\\\/tiranalajm-com\\\/\"}]}<\/script>\n<!-- \/ Yoast SEO plugin. -->","yoast_head_json":{"title":"St\u00ebrvitja m\u00eb e v\u00ebshtir\u00eb! Shikoni si trajnohen Forcat Speciale shqiptare n\u00eb mbijetes\u00eb, shp\u00ebtim dhe marrje n\u00eb pyetje (FOTO)\u00a0 - Tirana Lajm","robots":{"index":"index","follow":"follow","max-snippet":"max-snippet:-1","max-image-preview":"max-image-preview:large","max-video-preview":"max-video-preview:-1"},"canonical":"https:\/\/tiranalajm.com\/index.php\/2023\/08\/28\/stervitja-me-e-veshtire-shikoni-si-trajnohen-forcat-speciale-shqiptare-ne-mbijetese-shpetim-dhe-marrje-ne-pyetje-foto\/","og_locale":"en_US","og_type":"article","og_title":"St\u00ebrvitja m\u00eb e v\u00ebshtir\u00eb! Shikoni si trajnohen Forcat Speciale shqiptare n\u00eb mbijetes\u00eb, shp\u00ebtim dhe marrje n\u00eb pyetje (FOTO)\u00a0 - Tirana Lajm","og_description":"Forcat Speciale shqiptare kan\u00eb p\u00ebrfunduar nj\u00eb prej st\u00ebrvitjeve m\u00eb t\u00eb v\u00ebshtira q\u00eb p\u00ebrfshin nj\u00eb s\u00ebr\u00eb temash komplekse si marrje n\u00eb pyetje, mbijetes\u00eb, ikje dhe shp\u00ebtim. Shefi i Shtabit t\u00eb P\u00ebrgjithsh\u00ebm, Gjeneral Major Arben Kingji thot\u00eb se ky kurs \u00ebsht\u00eb fillesa e nj\u00eb grupi solid kursant\u00ebsh t\u00eb dalluar q\u00eb do t\u00eb b\u00ebhen pjes\u00eb e trup\u00ebs m\u00eb [&hellip;]","og_url":"https:\/\/tiranalajm.com\/index.php\/2023\/08\/28\/stervitja-me-e-veshtire-shikoni-si-trajnohen-forcat-speciale-shqiptare-ne-mbijetese-shpetim-dhe-marrje-ne-pyetje-foto\/","og_site_name":"Tirana Lajm","article_published_time":"2023-08-28T18:54:29+00:00","article_modified_time":"2023-08-28T18:54:33+00:00","og_image":[{"width":640,"height":360,"url":"http:\/\/tiranalajm.com\/wp-content\/uploads\/2023\/08\/640-0-369972683-259727803554970-2728481881392843836-n-1693247327.jpeg","type":"image\/jpeg"}],"author":"tiranalajm.com","twitter_card":"summary_large_image","twitter_misc":{"Written by":"tiranalajm.com","Est. reading time":"2 minutes"},"schema":{"@context":"https:\/\/schema.org","@graph":[{"@type":"Article","@id":"https:\/\/tiranalajm.com\/index.php\/2023\/08\/28\/stervitja-me-e-veshtire-shikoni-si-trajnohen-forcat-speciale-shqiptare-ne-mbijetese-shpetim-dhe-marrje-ne-pyetje-foto\/#article","isPartOf":{"@id":"https:\/\/tiranalajm.com\/index.php\/2023\/08\/28\/stervitja-me-e-veshtire-shikoni-si-trajnohen-forcat-speciale-shqiptare-ne-mbijetese-shpetim-dhe-marrje-ne-pyetje-foto\/"},"author":{"name":"tiranalajm.com","@id":"https:\/\/tiranalajm.com\/#\/schema\/person\/d62adf3f0d0ba38eb923c3c1f5152717"},"headline":"St\u00ebrvitja m\u00eb e v\u00ebshtir\u00eb! Shikoni si trajnohen Forcat Speciale shqiptare n\u00eb mbijetes\u00eb, shp\u00ebtim dhe marrje n\u00eb pyetje (FOTO)\u00a0","datePublished":"2023-08-28T18:54:29+00:00","dateModified":"2023-08-28T18:54:33+00:00","mainEntityOfPage":{"@id":"https:\/\/tiranalajm.com\/index.php\/2023\/08\/28\/stervitja-me-e-veshtire-shikoni-si-trajnohen-forcat-speciale-shqiptare-ne-mbijetese-shpetim-dhe-marrje-ne-pyetje-foto\/"},"wordCount":196,"commentCount":0,"publisher":{"@id":"https:\/\/tiranalajm.com\/#organization"},"image":{"@id":"https:\/\/tiranalajm.com\/index.php\/2023\/08\/28\/stervitja-me-e-veshtire-shikoni-si-trajnohen-forcat-speciale-shqiptare-ne-mbijetese-shpetim-dhe-marrje-ne-pyetje-foto\/#primaryimage"},"thumbnailUrl":"https:\/\/tiranalajm.com\/wp-content\/uploads\/2023\/08\/640-0-369972683-259727803554970-2728481881392843836-n-1693247327.jpeg","articleSection":["Ne vemendje","Rreth vendit"],"inLanguage":"en-US","potentialAction":[{"@type":"CommentAction","name":"Comment","target":["https:\/\/tiranalajm.com\/index.php\/2023\/08\/28\/stervitja-me-e-veshtire-shikoni-si-trajnohen-forcat-speciale-shqiptare-ne-mbijetese-shpetim-dhe-marrje-ne-pyetje-foto\/#respond"]}]},{"@type":"WebPage","@id":"https:\/\/tiranalajm.com\/index.php\/2023\/08\/28\/stervitja-me-e-veshtire-shikoni-si-trajnohen-forcat-speciale-shqiptare-ne-mbijetese-shpetim-dhe-marrje-ne-pyetje-foto\/","url":"https:\/\/tiranalajm.com\/index.php\/2023\/08\/28\/stervitja-me-e-veshtire-shikoni-si-trajnohen-forcat-speciale-shqiptare-ne-mbijetese-shpetim-dhe-marrje-ne-pyetje-foto\/","name":"St\u00ebrvitja m\u00eb e v\u00ebshtir\u00eb! Shikoni si trajnohen Forcat Speciale shqiptare n\u00eb mbijetes\u00eb, shp\u00ebtim dhe marrje n\u00eb pyetje (FOTO)\u00a0 - Tirana Lajm","isPartOf":{"@id":"https:\/\/tiranalajm.com\/#website"},"primaryImageOfPage":{"@id":"https:\/\/tiranalajm.com\/index.php\/2023\/08\/28\/stervitja-me-e-veshtire-shikoni-si-trajnohen-forcat-speciale-shqiptare-ne-mbijetese-shpetim-dhe-marrje-ne-pyetje-foto\/#primaryimage"},"image":{"@id":"https:\/\/tiranalajm.com\/index.php\/2023\/08\/28\/stervitja-me-e-veshtire-shikoni-si-trajnohen-forcat-speciale-shqiptare-ne-mbijetese-shpetim-dhe-marrje-ne-pyetje-foto\/#primaryimage"},"thumbnailUrl":"https:\/\/tiranalajm.com\/wp-content\/uploads\/2023\/08\/640-0-369972683-259727803554970-2728481881392843836-n-1693247327.jpeg","datePublished":"2023-08-28T18:54:29+00:00","dateModified":"2023-08-28T18:54:33+00:00","breadcrumb":{"@id":"https:\/\/tiranalajm.com\/index.php\/2023\/08\/28\/stervitja-me-e-veshtire-shikoni-si-trajnohen-forcat-speciale-shqiptare-ne-mbijetese-shpetim-dhe-marrje-ne-pyetje-foto\/#breadcrumb"},"inLanguage":"en-US","potentialAction":[{"@type":"ReadAction","target":["https:\/\/tiranalajm.com\/index.php\/2023\/08\/28\/stervitja-me-e-veshtire-shikoni-si-trajnohen-forcat-speciale-shqiptare-ne-mbijetese-shpetim-dhe-marrje-ne-pyetje-foto\/"]}]},{"@type":"ImageObject","inLanguage":"en-US","@id":"https:\/\/tiranalajm.com\/index.php\/2023\/08\/28\/stervitja-me-e-veshtire-shikoni-si-trajnohen-forcat-speciale-shqiptare-ne-mbijetese-shpetim-dhe-marrje-ne-pyetje-foto\/#primaryimage","url":"https:\/\/tiranalajm.com\/wp-content\/uploads\/2023\/08\/640-0-369972683-259727803554970-2728481881392843836-n-1693247327.jpeg","contentUrl":"https:\/\/tiranalajm.com\/wp-content\/uploads\/2023\/08\/640-0-369972683-259727803554970-2728481881392843836-n-1693247327.jpeg","width":640,"height":360},{"@type":"BreadcrumbList","@id":"https:\/\/tiranalajm.com\/index.php\/2023\/08\/28\/stervitja-me-e-veshtire-shikoni-si-trajnohen-forcat-speciale-shqiptare-ne-mbijetese-shpetim-dhe-marrje-ne-pyetje-foto\/#breadcrumb","itemListElement":[{"@type":"ListItem","position":1,"name":"Home","item":"https:\/\/tiranalajm.com\/"},{"@type":"ListItem","position":2,"name":"St\u00ebrvitja m\u00eb e v\u00ebshtir\u00eb! Shikoni si trajnohen Forcat Speciale shqiptare n\u00eb mbijetes\u00eb, shp\u00ebtim dhe marrje n\u00eb pyetje (FOTO)\u00a0"}]},{"@type":"WebSite","@id":"https:\/\/tiranalajm.com\/#website","url":"https:\/\/tiranalajm.com\/","name":"Tirana Lajm","description":"Tirana Lajm","publisher":{"@id":"https:\/\/tiranalajm.com\/#organization"},"potentialAction":[{"@type":"SearchAction","target":{"@type":"EntryPoint","urlTemplate":"https:\/\/tiranalajm.com\/?s={search_term_string}"},"query-input":{"@type":"PropertyValueSpecification","valueRequired":true,"valueName":"search_term_string"}}],"inLanguage":"en-US"},{"@type":"Organization","@id":"https:\/\/tiranalajm.com\/#organization","name":"Tirana Lajm","url":"https:\/\/tiranalajm.com\/","logo":{"@type":"ImageObject","inLanguage":"en-US","@id":"https:\/\/tiranalajm.com\/#\/schema\/logo\/image\/","url":"https:\/\/tiranalajm.com\/wp-content\/uploads\/2023\/08\/logo-tirana-lajm.jpg","contentUrl":"https:\/\/tiranalajm.com\/wp-content\/uploads\/2023\/08\/logo-tirana-lajm.jpg","width":600,"height":360,"caption":"Tirana Lajm"},"image":{"@id":"https:\/\/tiranalajm.com\/#\/schema\/logo\/image\/"}},{"@type":"Person","@id":"https:\/\/tiranalajm.com\/#\/schema\/person\/d62adf3f0d0ba38eb923c3c1f5152717","name":"tiranalajm.com","image":{"@type":"ImageObject","inLanguage":"en-US","@id":"https:\/\/secure.gravatar.com\/avatar\/70082bb8d030bb6b79327cd6e282b497e1b999934e601ba07a020bca96c4dbee?s=96&d=mm&r=g","url":"https:\/\/secure.gravatar.com\/avatar\/70082bb8d030bb6b79327cd6e282b497e1b999934e601ba07a020bca96c4dbee?s=96&d=mm&r=g","contentUrl":"https:\/\/secure.gravatar.com\/avatar\/70082bb8d030bb6b79327cd6e282b497e1b999934e601ba07a020bca96c4dbee?s=96&d=mm&r=g","caption":"tiranalajm.com"},"sameAs":["http:\/\/tiranalajm.com"],"url":"https:\/\/tiranalajm.com\/index.php\/author\/tiranalajm-com\/"}]}},"_links":{"self":[{"href":"https:\/\/tiranalajm.com\/index.php\/wp-json\/wp\/v2\/posts\/40","targetHints":{"allow":["GET"]}}],"collection":[{"href":"https:\/\/tiranalajm.com\/index.php\/wp-json\/wp\/v2\/posts"}],"about":[{"href":"https:\/\/tiranalajm.com\/index.php\/wp-json\/wp\/v2\/types\/post"}],"author":[{"embeddable":true,"href":"https:\/\/tiranalajm.com\/index.php\/wp-json\/wp\/v2\/users\/1"}],"replies":[{"embeddable":true,"href":"https:\/\/tiranalajm.com\/index.php\/wp-json\/wp\/v2\/comments?post=40"}],"version-history":[{"count":1,"href":"https:\/\/tiranalajm.com\/index.php\/wp-json\/wp\/v2\/posts\/40\/revisions"}],"predecessor-version":[{"id":47,"href":"https:\/\/tiranalajm.com\/index.php\/wp-json\/wp\/v2\/posts\/40\/revisions\/47"}],"wp:featuredmedia":[{"embeddable":true,"href":"https:\/\/tiranalajm.com\/index.php\/wp-json\/wp\/v2\/media\/46"}],"wp:attachment":[{"href":"https:\/\/tiranalajm.com\/index.php\/wp-json\/wp\/v2\/media?parent=40"}],"wp:term":[{"taxonomy":"category","embeddable":true,"href":"https:\/\/tiranalajm.com\/index.php\/wp-json\/wp\/v2\/categories?post=40"},{"taxonomy":"post_tag","embeddable":true,"href":"https:\/\/tiranalajm.com\/index.php\/wp-json\/wp\/v2\/tags?post=40"}],"curies":[{"name":"wp","href":"https:\/\/api.w.org\/{rel}","templated":true}]}}