{"id":48,"date":"2023-08-28T19:55:32","date_gmt":"2023-08-28T18:55:32","guid":{"rendered":"https:\/\/tiranalajm.com\/?p=48"},"modified":"2023-08-28T19:55:39","modified_gmt":"2023-08-28T18:55:39","slug":"kush-duhet-te-na-sulmoje-batuta-e-erret-e-rames-per-ballkanin-perendimor-qe-vuri-ne-siklet-lideret-e-be-se","status":"publish","type":"post","link":"https:\/\/tiranalajm.com\/index.php\/2023\/08\/28\/kush-duhet-te-na-sulmoje-batuta-e-erret-e-rames-per-ballkanin-perendimor-qe-vuri-ne-siklet-lideret-e-be-se\/","title":{"rendered":"\u201cKush duhet t\u00eb na sulmoj\u00eb?\u201d &#8211; Batuta e err\u00ebt e Ram\u00ebs p\u00ebr Ballkanin Per\u00ebndimor q\u00eb vuri n\u00eb siklet lider\u00ebt e BE-s\u00eb\u00a0"},"content":{"rendered":"\n<p>\u201cKush duhet t\u00eb sulmoj\u00eb k\u00eb n\u00eb Ballkanin Per\u00ebndimor, q\u00eb procesi i integrimit t\u00eb p\u00ebrshpejtohet si p\u00ebr Ukrain\u00ebn e sulmuar nga Rusia?\u201d.<\/p>\n\n\n\n<p>Ka qen\u00eb kjo pyetja e nj\u00eb \u201cbatute t\u00eb err\u00ebt\u201d (si\u00e7 e em\u00ebrtoi vet\u00eb Rama), b\u00ebr\u00eb nga kryeministri Edi Rama n\u00eb Forumin Strategjik t\u00eb Bled n\u00eb Slloveni, lidhur me dinamik\u00ebn e gjith\u00eb situat\u00ebs n\u00eb Ballkanin Per\u00ebndimor dhe procesin e integrimit evropian, i cili prej koh\u00ebsh \u00ebsht\u00eb i mbetur n\u00eb nj\u00eb stanjacion letargjik.<\/p>\n\n\n\n<p>Referuar pjes\u00ebs se Charles Michel k\u00ebrkoi q\u00eb brenda vitit 2030, BE-ja t\u00eb jet\u00eb gati t\u00eb nis\u00eb an\u00ebtar\u00ebsimet e reja n\u00eb Ballkan, Rama ka k\u00ebrkuar t\u00eb mos ket\u00eb vet\u00ebm leksione, por edhe mb\u00ebshtetje konkrete.<\/p>\n\n\n\n<p>Ndaj, duke b\u00ebr\u00eb shembull situat\u00ebn e krijuar nga lufta n\u00eb Ukrain\u00eb, e cila ka p\u00ebrshpejtuar procesin p\u00ebr Kievin, Rama ka zgjedhur q\u00eb p\u00ebrmes batut\u00ebs, t\u00eb tregoj\u00eb se si realisht gjith\u00e7ka q\u00ebndron.<\/p>\n","protected":false},"excerpt":{"rendered":"<p>\u201cKush duhet t\u00eb sulmoj\u00eb k\u00eb n\u00eb Ballkanin Per\u00ebndimor, q\u00eb procesi i integrimit t\u00eb p\u00ebrshpejtohet si p\u00ebr Ukrain\u00ebn e sulmuar nga Rusia?\u201d. Ka qen\u00eb kjo pyetja e nj\u00eb \u201cbatute t\u00eb err\u00ebt\u201d (si\u00e7 e em\u00ebrtoi vet\u00eb Rama), b\u00ebr\u00eb nga kryeministri Edi Rama n\u00eb Forumin Strategjik t\u00eb Bled n\u00eb Slloveni, lidhur me dinamik\u00ebn e gjith\u00eb situat\u00ebs n\u00eb Ballkanin [&hellip;]<\/p>\n","protected":false},"author":1,"featured_media":49,"comment_status":"open","ping_status":"open","sticky":false,"template":"","format":"standard","meta":{"footnotes":""},"categories":[4,3],"tags":[],"class_list":["post-48","post","type-post","status-publish","format-standard","has-post-thumbnail","hentry","category-kryesore","category-rreth-vendit"],"yoast_head":"<!-- This site is optimized with the Yoast SEO plugin v27.4 - https:\/\/yoast.com\/product\/yoast-seo-wordpress\/ -->\n<title>\u201cKush duhet t\u00eb na sulmoj\u00eb?\u201d - Batuta e err\u00ebt e Ram\u00ebs p\u00ebr Ballkanin Per\u00ebndimor q\u00eb vuri n\u00eb siklet lider\u00ebt e BE-s\u00eb\u00a0 - Tirana Lajm<\/title>\n<meta name=\"robots\" content=\"index, follow, max-snippet:-1, max-image-preview:large, max-video-preview:-1\" \/>\n<link rel=\"canonical\" href=\"https:\/\/tiranalajm.com\/index.php\/2023\/08\/28\/kush-duhet-te-na-sulmoje-batuta-e-erret-e-rames-per-ballkanin-perendimor-qe-vuri-ne-siklet-lideret-e-be-se\/\" \/>\n<meta property=\"og:locale\" content=\"en_US\" \/>\n<meta property=\"og:type\" content=\"article\" \/>\n<meta property=\"og:title\" content=\"\u201cKush duhet t\u00eb na sulmoj\u00eb?\u201d - Batuta e err\u00ebt e Ram\u00ebs p\u00ebr Ballkanin Per\u00ebndimor q\u00eb vuri n\u00eb siklet lider\u00ebt e BE-s\u00eb\u00a0 - Tirana Lajm\" \/>\n<meta property=\"og:description\" content=\"\u201cKush duhet t\u00eb sulmoj\u00eb k\u00eb n\u00eb Ballkanin Per\u00ebndimor, q\u00eb procesi i integrimit t\u00eb p\u00ebrshpejtohet si p\u00ebr Ukrain\u00ebn e sulmuar nga Rusia?\u201d. Ka qen\u00eb kjo pyetja e nj\u00eb \u201cbatute t\u00eb err\u00ebt\u201d (si\u00e7 e em\u00ebrtoi vet\u00eb Rama), b\u00ebr\u00eb nga kryeministri Edi Rama n\u00eb Forumin Strategjik t\u00eb Bled n\u00eb Slloveni, lidhur me dinamik\u00ebn e gjith\u00eb situat\u00ebs n\u00eb Ballkanin [&hellip;]\" \/>\n<meta property=\"og:url\" content=\"https:\/\/tiranalajm.com\/index.php\/2023\/08\/28\/kush-duhet-te-na-sulmoje-batuta-e-erret-e-rames-per-ballkanin-perendimor-qe-vuri-ne-siklet-lideret-e-be-se\/\" \/>\n<meta property=\"og:site_name\" content=\"Tirana Lajm\" \/>\n<meta property=\"article:published_time\" content=\"2023-08-28T18:55:32+00:00\" \/>\n<meta property=\"article:modified_time\" content=\"2023-08-28T18:55:39+00:00\" \/>\n<meta property=\"og:image\" content=\"http:\/\/tiranalajm.com\/wp-content\/uploads\/2023\/08\/640-0-rama-1693242633.jpeg\" \/>\n\t<meta property=\"og:image:width\" content=\"640\" \/>\n\t<meta property=\"og:image:height\" content=\"427\" \/>\n\t<meta property=\"og:image:type\" content=\"image\/jpeg\" \/>\n<meta name=\"author\" content=\"tiranalajm.com\" \/>\n<meta name=\"twitter:card\" content=\"summary_large_image\" \/>\n<meta name=\"twitter:label1\" content=\"Written by\" \/>\n\t<meta name=\"twitter:data1\" content=\"tiranalajm.com\" \/>\n\t<meta name=\"twitter:label2\" content=\"Est. reading time\" \/>\n\t<meta name=\"twitter:data2\" content=\"1 minute\" \/>\n<script type=\"application\/ld+json\" class=\"yoast-schema-graph\">{\"@context\":\"https:\\\/\\\/schema.org\",\"@graph\":[{\"@type\":\"Article\",\"@id\":\"https:\\\/\\\/tiranalajm.com\\\/index.php\\\/2023\\\/08\\\/28\\\/kush-duhet-te-na-sulmoje-batuta-e-erret-e-rames-per-ballkanin-perendimor-qe-vuri-ne-siklet-lideret-e-be-se\\\/#article\",\"isPartOf\":{\"@id\":\"https:\\\/\\\/tiranalajm.com\\\/index.php\\\/2023\\\/08\\\/28\\\/kush-duhet-te-na-sulmoje-batuta-e-erret-e-rames-per-ballkanin-perendimor-qe-vuri-ne-siklet-lideret-e-be-se\\\/\"},\"author\":{\"name\":\"tiranalajm.com\",\"@id\":\"https:\\\/\\\/tiranalajm.com\\\/#\\\/schema\\\/person\\\/d62adf3f0d0ba38eb923c3c1f5152717\"},\"headline\":\"\u201cKush duhet t\u00eb na sulmoj\u00eb?\u201d &#8211; Batuta e err\u00ebt e Ram\u00ebs p\u00ebr Ballkanin Per\u00ebndimor q\u00eb vuri n\u00eb siklet lider\u00ebt e BE-s\u00eb\u00a0\",\"datePublished\":\"2023-08-28T18:55:32+00:00\",\"dateModified\":\"2023-08-28T18:55:39+00:00\",\"mainEntityOfPage\":{\"@id\":\"https:\\\/\\\/tiranalajm.com\\\/index.php\\\/2023\\\/08\\\/28\\\/kush-duhet-te-na-sulmoje-batuta-e-erret-e-rames-per-ballkanin-perendimor-qe-vuri-ne-siklet-lideret-e-be-se\\\/\"},\"wordCount\":187,\"commentCount\":0,\"publisher\":{\"@id\":\"https:\\\/\\\/tiranalajm.com\\\/#organization\"},\"image\":{\"@id\":\"https:\\\/\\\/tiranalajm.com\\\/index.php\\\/2023\\\/08\\\/28\\\/kush-duhet-te-na-sulmoje-batuta-e-erret-e-rames-per-ballkanin-perendimor-qe-vuri-ne-siklet-lideret-e-be-se\\\/#primaryimage\"},\"thumbnailUrl\":\"https:\\\/\\\/tiranalajm.com\\\/wp-content\\\/uploads\\\/2023\\\/08\\\/640-0-rama-1693242633.jpeg\",\"articleSection\":[\"Kryesore\",\"Rreth vendit\"],\"inLanguage\":\"en-US\",\"potentialAction\":[{\"@type\":\"CommentAction\",\"name\":\"Comment\",\"target\":[\"https:\\\/\\\/tiranalajm.com\\\/index.php\\\/2023\\\/08\\\/28\\\/kush-duhet-te-na-sulmoje-batuta-e-erret-e-rames-per-ballkanin-perendimor-qe-vuri-ne-siklet-lideret-e-be-se\\\/#respond\"]}]},{\"@type\":\"WebPage\",\"@id\":\"https:\\\/\\\/tiranalajm.com\\\/index.php\\\/2023\\\/08\\\/28\\\/kush-duhet-te-na-sulmoje-batuta-e-erret-e-rames-per-ballkanin-perendimor-qe-vuri-ne-siklet-lideret-e-be-se\\\/\",\"url\":\"https:\\\/\\\/tiranalajm.com\\\/index.php\\\/2023\\\/08\\\/28\\\/kush-duhet-te-na-sulmoje-batuta-e-erret-e-rames-per-ballkanin-perendimor-qe-vuri-ne-siklet-lideret-e-be-se\\\/\",\"name\":\"\u201cKush duhet t\u00eb na sulmoj\u00eb?\u201d - Batuta e err\u00ebt e Ram\u00ebs p\u00ebr Ballkanin Per\u00ebndimor q\u00eb vuri n\u00eb siklet lider\u00ebt e BE-s\u00eb\u00a0 - Tirana Lajm\",\"isPartOf\":{\"@id\":\"https:\\\/\\\/tiranalajm.com\\\/#website\"},\"primaryImageOfPage\":{\"@id\":\"https:\\\/\\\/tiranalajm.com\\\/index.php\\\/2023\\\/08\\\/28\\\/kush-duhet-te-na-sulmoje-batuta-e-erret-e-rames-per-ballkanin-perendimor-qe-vuri-ne-siklet-lideret-e-be-se\\\/#primaryimage\"},\"image\":{\"@id\":\"https:\\\/\\\/tiranalajm.com\\\/index.php\\\/2023\\\/08\\\/28\\\/kush-duhet-te-na-sulmoje-batuta-e-erret-e-rames-per-ballkanin-perendimor-qe-vuri-ne-siklet-lideret-e-be-se\\\/#primaryimage\"},\"thumbnailUrl\":\"https:\\\/\\\/tiranalajm.com\\\/wp-content\\\/uploads\\\/2023\\\/08\\\/640-0-rama-1693242633.jpeg\",\"datePublished\":\"2023-08-28T18:55:32+00:00\",\"dateModified\":\"2023-08-28T18:55:39+00:00\",\"breadcrumb\":{\"@id\":\"https:\\\/\\\/tiranalajm.com\\\/index.php\\\/2023\\\/08\\\/28\\\/kush-duhet-te-na-sulmoje-batuta-e-erret-e-rames-per-ballkanin-perendimor-qe-vuri-ne-siklet-lideret-e-be-se\\\/#breadcrumb\"},\"inLanguage\":\"en-US\",\"potentialAction\":[{\"@type\":\"ReadAction\",\"target\":[\"https:\\\/\\\/tiranalajm.com\\\/index.php\\\/2023\\\/08\\\/28\\\/kush-duhet-te-na-sulmoje-batuta-e-erret-e-rames-per-ballkanin-perendimor-qe-vuri-ne-siklet-lideret-e-be-se\\\/\"]}]},{\"@type\":\"ImageObject\",\"inLanguage\":\"en-US\",\"@id\":\"https:\\\/\\\/tiranalajm.com\\\/index.php\\\/2023\\\/08\\\/28\\\/kush-duhet-te-na-sulmoje-batuta-e-erret-e-rames-per-ballkanin-perendimor-qe-vuri-ne-siklet-lideret-e-be-se\\\/#primaryimage\",\"url\":\"https:\\\/\\\/tiranalajm.com\\\/wp-content\\\/uploads\\\/2023\\\/08\\\/640-0-rama-1693242633.jpeg\",\"contentUrl\":\"https:\\\/\\\/tiranalajm.com\\\/wp-content\\\/uploads\\\/2023\\\/08\\\/640-0-rama-1693242633.jpeg\",\"width\":640,\"height\":427},{\"@type\":\"BreadcrumbList\",\"@id\":\"https:\\\/\\\/tiranalajm.com\\\/index.php\\\/2023\\\/08\\\/28\\\/kush-duhet-te-na-sulmoje-batuta-e-erret-e-rames-per-ballkanin-perendimor-qe-vuri-ne-siklet-lideret-e-be-se\\\/#breadcrumb\",\"itemListElement\":[{\"@type\":\"ListItem\",\"position\":1,\"name\":\"Home\",\"item\":\"https:\\\/\\\/tiranalajm.com\\\/\"},{\"@type\":\"ListItem\",\"position\":2,\"name\":\"\u201cKush duhet t\u00eb na sulmoj\u00eb?\u201d &#8211; Batuta e err\u00ebt e Ram\u00ebs p\u00ebr Ballkanin Per\u00ebndimor q\u00eb vuri n\u00eb siklet lider\u00ebt e BE-s\u00eb\u00a0\"}]},{\"@type\":\"WebSite\",\"@id\":\"https:\\\/\\\/tiranalajm.com\\\/#website\",\"url\":\"https:\\\/\\\/tiranalajm.com\\\/\",\"name\":\"Tirana Lajm\",\"description\":\"Tirana Lajm\",\"publisher\":{\"@id\":\"https:\\\/\\\/tiranalajm.com\\\/#organization\"},\"potentialAction\":[{\"@type\":\"SearchAction\",\"target\":{\"@type\":\"EntryPoint\",\"urlTemplate\":\"https:\\\/\\\/tiranalajm.com\\\/?s={search_term_string}\"},\"query-input\":{\"@type\":\"PropertyValueSpecification\",\"valueRequired\":true,\"valueName\":\"search_term_string\"}}],\"inLanguage\":\"en-US\"},{\"@type\":\"Organization\",\"@id\":\"https:\\\/\\\/tiranalajm.com\\\/#organization\",\"name\":\"Tirana Lajm\",\"url\":\"https:\\\/\\\/tiranalajm.com\\\/\",\"logo\":{\"@type\":\"ImageObject\",\"inLanguage\":\"en-US\",\"@id\":\"https:\\\/\\\/tiranalajm.com\\\/#\\\/schema\\\/logo\\\/image\\\/\",\"url\":\"https:\\\/\\\/tiranalajm.com\\\/wp-content\\\/uploads\\\/2023\\\/08\\\/logo-tirana-lajm.jpg\",\"contentUrl\":\"https:\\\/\\\/tiranalajm.com\\\/wp-content\\\/uploads\\\/2023\\\/08\\\/logo-tirana-lajm.jpg\",\"width\":600,\"height\":360,\"caption\":\"Tirana Lajm\"},\"image\":{\"@id\":\"https:\\\/\\\/tiranalajm.com\\\/#\\\/schema\\\/logo\\\/image\\\/\"}},{\"@type\":\"Person\",\"@id\":\"https:\\\/\\\/tiranalajm.com\\\/#\\\/schema\\\/person\\\/d62adf3f0d0ba38eb923c3c1f5152717\",\"name\":\"tiranalajm.com\",\"image\":{\"@type\":\"ImageObject\",\"inLanguage\":\"en-US\",\"@id\":\"https:\\\/\\\/secure.gravatar.com\\\/avatar\\\/70082bb8d030bb6b79327cd6e282b497e1b999934e601ba07a020bca96c4dbee?s=96&d=mm&r=g\",\"url\":\"https:\\\/\\\/secure.gravatar.com\\\/avatar\\\/70082bb8d030bb6b79327cd6e282b497e1b999934e601ba07a020bca96c4dbee?s=96&d=mm&r=g\",\"contentUrl\":\"https:\\\/\\\/secure.gravatar.com\\\/avatar\\\/70082bb8d030bb6b79327cd6e282b497e1b999934e601ba07a020bca96c4dbee?s=96&d=mm&r=g\",\"caption\":\"tiranalajm.com\"},\"sameAs\":[\"http:\\\/\\\/tiranalajm.com\"],\"url\":\"https:\\\/\\\/tiranalajm.com\\\/index.php\\\/author\\\/tiranalajm-com\\\/\"}]}<\/script>\n<!-- \/ Yoast SEO plugin. -->","yoast_head_json":{"title":"\u201cKush duhet t\u00eb na sulmoj\u00eb?\u201d - Batuta e err\u00ebt e Ram\u00ebs p\u00ebr Ballkanin Per\u00ebndimor q\u00eb vuri n\u00eb siklet lider\u00ebt e BE-s\u00eb\u00a0 - Tirana Lajm","robots":{"index":"index","follow":"follow","max-snippet":"max-snippet:-1","max-image-preview":"max-image-preview:large","max-video-preview":"max-video-preview:-1"},"canonical":"https:\/\/tiranalajm.com\/index.php\/2023\/08\/28\/kush-duhet-te-na-sulmoje-batuta-e-erret-e-rames-per-ballkanin-perendimor-qe-vuri-ne-siklet-lideret-e-be-se\/","og_locale":"en_US","og_type":"article","og_title":"\u201cKush duhet t\u00eb na sulmoj\u00eb?\u201d - Batuta e err\u00ebt e Ram\u00ebs p\u00ebr Ballkanin Per\u00ebndimor q\u00eb vuri n\u00eb siklet lider\u00ebt e BE-s\u00eb\u00a0 - Tirana Lajm","og_description":"\u201cKush duhet t\u00eb sulmoj\u00eb k\u00eb n\u00eb Ballkanin Per\u00ebndimor, q\u00eb procesi i integrimit t\u00eb p\u00ebrshpejtohet si p\u00ebr Ukrain\u00ebn e sulmuar nga Rusia?\u201d. Ka qen\u00eb kjo pyetja e nj\u00eb \u201cbatute t\u00eb err\u00ebt\u201d (si\u00e7 e em\u00ebrtoi vet\u00eb Rama), b\u00ebr\u00eb nga kryeministri Edi Rama n\u00eb Forumin Strategjik t\u00eb Bled n\u00eb Slloveni, lidhur me dinamik\u00ebn e gjith\u00eb situat\u00ebs n\u00eb Ballkanin [&hellip;]","og_url":"https:\/\/tiranalajm.com\/index.php\/2023\/08\/28\/kush-duhet-te-na-sulmoje-batuta-e-erret-e-rames-per-ballkanin-perendimor-qe-vuri-ne-siklet-lideret-e-be-se\/","og_site_name":"Tirana Lajm","article_published_time":"2023-08-28T18:55:32+00:00","article_modified_time":"2023-08-28T18:55:39+00:00","og_image":[{"width":640,"height":427,"url":"http:\/\/tiranalajm.com\/wp-content\/uploads\/2023\/08\/640-0-rama-1693242633.jpeg","type":"image\/jpeg"}],"author":"tiranalajm.com","twitter_card":"summary_large_image","twitter_misc":{"Written by":"tiranalajm.com","Est. reading time":"1 minute"},"schema":{"@context":"https:\/\/schema.org","@graph":[{"@type":"Article","@id":"https:\/\/tiranalajm.com\/index.php\/2023\/08\/28\/kush-duhet-te-na-sulmoje-batuta-e-erret-e-rames-per-ballkanin-perendimor-qe-vuri-ne-siklet-lideret-e-be-se\/#article","isPartOf":{"@id":"https:\/\/tiranalajm.com\/index.php\/2023\/08\/28\/kush-duhet-te-na-sulmoje-batuta-e-erret-e-rames-per-ballkanin-perendimor-qe-vuri-ne-siklet-lideret-e-be-se\/"},"author":{"name":"tiranalajm.com","@id":"https:\/\/tiranalajm.com\/#\/schema\/person\/d62adf3f0d0ba38eb923c3c1f5152717"},"headline":"\u201cKush duhet t\u00eb na sulmoj\u00eb?\u201d &#8211; Batuta e err\u00ebt e Ram\u00ebs p\u00ebr Ballkanin Per\u00ebndimor q\u00eb vuri n\u00eb siklet lider\u00ebt e BE-s\u00eb\u00a0","datePublished":"2023-08-28T18:55:32+00:00","dateModified":"2023-08-28T18:55:39+00:00","mainEntityOfPage":{"@id":"https:\/\/tiranalajm.com\/index.php\/2023\/08\/28\/kush-duhet-te-na-sulmoje-batuta-e-erret-e-rames-per-ballkanin-perendimor-qe-vuri-ne-siklet-lideret-e-be-se\/"},"wordCount":187,"commentCount":0,"publisher":{"@id":"https:\/\/tiranalajm.com\/#organization"},"image":{"@id":"https:\/\/tiranalajm.com\/index.php\/2023\/08\/28\/kush-duhet-te-na-sulmoje-batuta-e-erret-e-rames-per-ballkanin-perendimor-qe-vuri-ne-siklet-lideret-e-be-se\/#primaryimage"},"thumbnailUrl":"https:\/\/tiranalajm.com\/wp-content\/uploads\/2023\/08\/640-0-rama-1693242633.jpeg","articleSection":["Kryesore","Rreth vendit"],"inLanguage":"en-US","potentialAction":[{"@type":"CommentAction","name":"Comment","target":["https:\/\/tiranalajm.com\/index.php\/2023\/08\/28\/kush-duhet-te-na-sulmoje-batuta-e-erret-e-rames-per-ballkanin-perendimor-qe-vuri-ne-siklet-lideret-e-be-se\/#respond"]}]},{"@type":"WebPage","@id":"https:\/\/tiranalajm.com\/index.php\/2023\/08\/28\/kush-duhet-te-na-sulmoje-batuta-e-erret-e-rames-per-ballkanin-perendimor-qe-vuri-ne-siklet-lideret-e-be-se\/","url":"https:\/\/tiranalajm.com\/index.php\/2023\/08\/28\/kush-duhet-te-na-sulmoje-batuta-e-erret-e-rames-per-ballkanin-perendimor-qe-vuri-ne-siklet-lideret-e-be-se\/","name":"\u201cKush duhet t\u00eb na sulmoj\u00eb?\u201d - Batuta e err\u00ebt e Ram\u00ebs p\u00ebr Ballkanin Per\u00ebndimor q\u00eb vuri n\u00eb siklet lider\u00ebt e BE-s\u00eb\u00a0 - Tirana Lajm","isPartOf":{"@id":"https:\/\/tiranalajm.com\/#website"},"primaryImageOfPage":{"@id":"https:\/\/tiranalajm.com\/index.php\/2023\/08\/28\/kush-duhet-te-na-sulmoje-batuta-e-erret-e-rames-per-ballkanin-perendimor-qe-vuri-ne-siklet-lideret-e-be-se\/#primaryimage"},"image":{"@id":"https:\/\/tiranalajm.com\/index.php\/2023\/08\/28\/kush-duhet-te-na-sulmoje-batuta-e-erret-e-rames-per-ballkanin-perendimor-qe-vuri-ne-siklet-lideret-e-be-se\/#primaryimage"},"thumbnailUrl":"https:\/\/tiranalajm.com\/wp-content\/uploads\/2023\/08\/640-0-rama-1693242633.jpeg","datePublished":"2023-08-28T18:55:32+00:00","dateModified":"2023-08-28T18:55:39+00:00","breadcrumb":{"@id":"https:\/\/tiranalajm.com\/index.php\/2023\/08\/28\/kush-duhet-te-na-sulmoje-batuta-e-erret-e-rames-per-ballkanin-perendimor-qe-vuri-ne-siklet-lideret-e-be-se\/#breadcrumb"},"inLanguage":"en-US","potentialAction":[{"@type":"ReadAction","target":["https:\/\/tiranalajm.com\/index.php\/2023\/08\/28\/kush-duhet-te-na-sulmoje-batuta-e-erret-e-rames-per-ballkanin-perendimor-qe-vuri-ne-siklet-lideret-e-be-se\/"]}]},{"@type":"ImageObject","inLanguage":"en-US","@id":"https:\/\/tiranalajm.com\/index.php\/2023\/08\/28\/kush-duhet-te-na-sulmoje-batuta-e-erret-e-rames-per-ballkanin-perendimor-qe-vuri-ne-siklet-lideret-e-be-se\/#primaryimage","url":"https:\/\/tiranalajm.com\/wp-content\/uploads\/2023\/08\/640-0-rama-1693242633.jpeg","contentUrl":"https:\/\/tiranalajm.com\/wp-content\/uploads\/2023\/08\/640-0-rama-1693242633.jpeg","width":640,"height":427},{"@type":"BreadcrumbList","@id":"https:\/\/tiranalajm.com\/index.php\/2023\/08\/28\/kush-duhet-te-na-sulmoje-batuta-e-erret-e-rames-per-ballkanin-perendimor-qe-vuri-ne-siklet-lideret-e-be-se\/#breadcrumb","itemListElement":[{"@type":"ListItem","position":1,"name":"Home","item":"https:\/\/tiranalajm.com\/"},{"@type":"ListItem","position":2,"name":"\u201cKush duhet t\u00eb na sulmoj\u00eb?\u201d &#8211; Batuta e err\u00ebt e Ram\u00ebs p\u00ebr Ballkanin Per\u00ebndimor q\u00eb vuri n\u00eb siklet lider\u00ebt e BE-s\u00eb\u00a0"}]},{"@type":"WebSite","@id":"https:\/\/tiranalajm.com\/#website","url":"https:\/\/tiranalajm.com\/","name":"Tirana Lajm","description":"Tirana Lajm","publisher":{"@id":"https:\/\/tiranalajm.com\/#organization"},"potentialAction":[{"@type":"SearchAction","target":{"@type":"EntryPoint","urlTemplate":"https:\/\/tiranalajm.com\/?s={search_term_string}"},"query-input":{"@type":"PropertyValueSpecification","valueRequired":true,"valueName":"search_term_string"}}],"inLanguage":"en-US"},{"@type":"Organization","@id":"https:\/\/tiranalajm.com\/#organization","name":"Tirana Lajm","url":"https:\/\/tiranalajm.com\/","logo":{"@type":"ImageObject","inLanguage":"en-US","@id":"https:\/\/tiranalajm.com\/#\/schema\/logo\/image\/","url":"https:\/\/tiranalajm.com\/wp-content\/uploads\/2023\/08\/logo-tirana-lajm.jpg","contentUrl":"https:\/\/tiranalajm.com\/wp-content\/uploads\/2023\/08\/logo-tirana-lajm.jpg","width":600,"height":360,"caption":"Tirana Lajm"},"image":{"@id":"https:\/\/tiranalajm.com\/#\/schema\/logo\/image\/"}},{"@type":"Person","@id":"https:\/\/tiranalajm.com\/#\/schema\/person\/d62adf3f0d0ba38eb923c3c1f5152717","name":"tiranalajm.com","image":{"@type":"ImageObject","inLanguage":"en-US","@id":"https:\/\/secure.gravatar.com\/avatar\/70082bb8d030bb6b79327cd6e282b497e1b999934e601ba07a020bca96c4dbee?s=96&d=mm&r=g","url":"https:\/\/secure.gravatar.com\/avatar\/70082bb8d030bb6b79327cd6e282b497e1b999934e601ba07a020bca96c4dbee?s=96&d=mm&r=g","contentUrl":"https:\/\/secure.gravatar.com\/avatar\/70082bb8d030bb6b79327cd6e282b497e1b999934e601ba07a020bca96c4dbee?s=96&d=mm&r=g","caption":"tiranalajm.com"},"sameAs":["http:\/\/tiranalajm.com"],"url":"https:\/\/tiranalajm.com\/index.php\/author\/tiranalajm-com\/"}]}},"_links":{"self":[{"href":"https:\/\/tiranalajm.com\/index.php\/wp-json\/wp\/v2\/posts\/48","targetHints":{"allow":["GET"]}}],"collection":[{"href":"https:\/\/tiranalajm.com\/index.php\/wp-json\/wp\/v2\/posts"}],"about":[{"href":"https:\/\/tiranalajm.com\/index.php\/wp-json\/wp\/v2\/types\/post"}],"author":[{"embeddable":true,"href":"https:\/\/tiranalajm.com\/index.php\/wp-json\/wp\/v2\/users\/1"}],"replies":[{"embeddable":true,"href":"https:\/\/tiranalajm.com\/index.php\/wp-json\/wp\/v2\/comments?post=48"}],"version-history":[{"count":1,"href":"https:\/\/tiranalajm.com\/index.php\/wp-json\/wp\/v2\/posts\/48\/revisions"}],"predecessor-version":[{"id":50,"href":"https:\/\/tiranalajm.com\/index.php\/wp-json\/wp\/v2\/posts\/48\/revisions\/50"}],"wp:featuredmedia":[{"embeddable":true,"href":"https:\/\/tiranalajm.com\/index.php\/wp-json\/wp\/v2\/media\/49"}],"wp:attachment":[{"href":"https:\/\/tiranalajm.com\/index.php\/wp-json\/wp\/v2\/media?parent=48"}],"wp:term":[{"taxonomy":"category","embeddable":true,"href":"https:\/\/tiranalajm.com\/index.php\/wp-json\/wp\/v2\/categories?post=48"},{"taxonomy":"post_tag","embeddable":true,"href":"https:\/\/tiranalajm.com\/index.php\/wp-json\/wp\/v2\/tags?post=48"}],"curies":[{"name":"wp","href":"https:\/\/api.w.org\/{rel}","templated":true}]}}