{"id":58,"date":"2023-11-06T14:03:59","date_gmt":"2023-11-06T14:03:59","guid":{"rendered":"https:\/\/tiranalajm.com\/?p=58"},"modified":"2023-11-06T14:08:32","modified_gmt":"2023-11-06T14:08:32","slug":"nga-akuzat-per-spiunazh-te-kthimi-i-anijes-ushtarake-ne-lokal-dasmash-ana-tjete-e-nje-koloneli-te-shkarkuar-me-turp","status":"publish","type":"post","link":"https:\/\/tiranalajm.com\/index.php\/2023\/11\/06\/nga-akuzat-per-spiunazh-te-kthimi-i-anijes-ushtarake-ne-lokal-dasmash-ana-tjete-e-nje-koloneli-te-shkarkuar-me-turp\/","title":{"rendered":"Nga akuzat p\u00ebr spiunazh te kthimi i anijes ushtarake n\u00eb lokal dasmash, ana tjet\u00ebr e nj\u00eb koloneli t\u00eb shkarkuar me turp"},"content":{"rendered":"\n<p><\/p>\n\n\n\n<p>Shqip\u00ebria nuk po gjen derman n\u00eb lidhje me pronat e ushtris\u00eb, t\u00eb cilat jan\u00eb zaptuar nga oligark\u00ebt, por edhe me vet\u00eb ushtrin\u00eb, e cila ka patur n\u00eb gjirin e saj personazhe sa groteske aq edhe qesharake, t\u00eb cil\u00ebt n\u00eb mendjen e tyre kan\u00eb luftuar sa me NATO-n ashtu edhe me Traktatin e Varshav\u00ebs.<\/p>\n\n\n\n<p>Jan\u00eb histori q\u00eb tregohen n\u00eb net\u00eb t\u00eb gjata dimri n\u00ebn zjarrin bubulak si edhe g\u00ebshtrenjat q\u00eb ja b\u00ebjn\u00eb \u201ckrak\u201d, por \u00e7udit\u00ebrisht n\u00eb Shqip\u00ebri histori dhe banalitete t\u00eb tilla i sheh n\u00eb studio televizive nga personazhe me lidhje t\u00eb dyshuara t\u00eb n\u00ebndheshme dhe me agjenda t\u00eb caktuara.<\/p>\n\n\n\n<p><a href=\"https:\/\/www.facebook.com\/61550663492164\/videos\/717566246485823\"><strong>SHIH VIDEON<\/strong><\/a><\/p>\n\n\n\n<p>Artur Me\u00e7ollari u b\u00eb fillimisht i njohur p\u00ebr publikun aty nga viti 2016-2017 pas akuzave publike si spiun i sh\u00ebrbimeve t\u00eb huaja jomike, nd\u00ebrkoh\u00eb q\u00eb ishte pjes\u00eb e grupit negociator p\u00ebr detin. <\/p>\n\n\n\n<p>\u201c<strong>Dua t\u00eb denoncoj me ashp\u00ebrsin\u00eb m\u00eb t\u00eb madhe vendosjen n\u00eb kryer t\u00eb grupit t\u00eb nj\u00eb ish-spiuni t\u00eb FA i larguar pas dokumentimeve t\u00eb Sh\u00ebrbimit Informativ<\/strong>\u201d, u shpreh opozita n\u00eb at\u00eb koh\u00eb p\u00ebrmes <a href=\"https:\/\/www.balkanweb.com\/artur-mecollari-emerohet-zv-komandant-i-frocave-detare\/\">informacioneve nga brenda ushtris\u00eb<\/a> duke sh\u00ebnjestruar pik\u00ebrisht Me\u00e7ollarin.<\/p>\n\n\n\n<p>N\u00eb at\u00eb koh\u00eb ai u thirr nga ministrja p\u00ebr t\u00eb dh\u00ebn\u00eb shpjegime, por m\u00eb pas nuk u mor m\u00eb vesh \u00e7far\u00eb ndodhi.<\/p>\n\n\n\n<p>Pasi b\u00ebri nj\u00eb vrim\u00eb n\u00eb uj\u00eb, me harta dhe p\u00ebrralla mbi detin, Mecollari u detyrua t\u00eb t\u00ebrhiqej.<\/p>\n\n\n\n<p>Ai del p\u00ebr her\u00eb t\u00eb <a href=\"https:\/\/abcnews.al\/dalin-pamjet-kjo-eshte-video-qe-i-kushtoi-postin-zv-komandantit-te-forces-detare\/\">dyt\u00eb n\u00eb sken\u00eb n\u00eb rolin e dekoruesit t\u00eb sallave t\u00eb dasmave.<\/a><\/p>\n\n\n\n<p>N\u00eb rastin n\u00eb fjal\u00eb, nuk kemi t\u00eb b\u00ebjm\u00eb me nj\u00eb sall\u00eb dasmash, por me nj\u00eb anije ushtarake shqiptare, p\u00ebr t\u00eb cilan ish-zv.komandanti i Flot\u00ebs, pik\u00ebrisht Me\u00e7ollari jep urdh\u00ebr q\u00eb t\u00eb zbukurohet me lule, shirita t\u00ebbardh\u00eb dhe t\u00eb gjitha tak\u00ebmet q\u00eb p\u00ebrdoren n\u00eb rastet e zbukurimit t\u00eb restoranteve ku pasi futet \u00e7ifti, shqyhet mish e pihen birra deri n\u00eb m\u00ebngjes.<\/p>\n\n\n\n<figure class=\"wp-block-embed is-type-wp-embed is-provider-streamable wp-block-embed-streamable\"><div class=\"wp-block-embed__wrapper\">\n<iframe loading=\"lazy\" class=\"wp-embedded-content\" sandbox=\"allow-scripts\" security=\"restricted\" title=\"Dalin pamjet e dasmes qe po pergatitej ne anijen ushtarake\" src=\"https:\/\/streamable.com\/o\/bfr9mi#?secret=haAPXGuxce\" data-secret=\"haAPXGuxce\" frameborder=\"0\" scrolling=\"no\" width=\"396\" height=\"720\"><\/iframe>\n<\/div><\/figure>\n\n\n\n<p>Pasi u kap n\u00eb flagranc\u00eb nga ministrja e Mbrojtjes, Olta Xha\u00e7ka, Me\u00e7ollari me t\u00eb drejt\u00eb shkarkohet nga detyra pasi kishte p\u00ebrdhosur figur\u00ebn e ushtris\u00eb s\u00eb vendit, por mbi t\u00eb gjitha, kishte vendosur nj\u00eb anije ushtarake n\u00eb sh\u00ebrbim t\u00eb qejfeve t\u00eb dasmor\u00ebve.<\/p>\n\n\n\n<p>Operimi i anijieve t\u00eb tilla \u00ebsht\u00eb i kushtuesh\u00ebm, nuk dihet nga e gjeti guximin ish-zv.komandanti i Flot\u00ebs p\u00ebr ta kthyer n\u00eb lokal dasmash.<\/p>\n\n\n\n<p>Pasi u shkarkua me ceremoni nis edhe opozitarizmi i Me\u00e7ollarit. Deri sa ishte n\u00eb detyr\u00eb, ky komandant legjendar nuk kishte hasur asnj\u00eb problem p\u00ebr m\u00ebnyr\u00ebn se si qeverisej vendi apo si drejtohej ushtria.<\/p>\n\n\n\n<p>Si opozitar pasi e hoq\u00ebn nga puna, Artur Me\u00e7ollari nis t\u00eb sh\u00ebtis\u00eb studiot televizive p\u00ebrmes lidhjeve t\u00eb tij t\u00eb \u00e7uditshme me segmente t\u00eb caktuara aty dhe akuzon Xha\u00e7k\u00ebn e t\u00eb tjer\u00eb p\u00ebr shkelje, nd\u00ebrkoh\u00eb q\u00eb shkel\u00ebsi ishte ai vet\u00eb.<\/p>\n\n\n\n<p>P\u00ebr hir t\u00eb s\u00eb v\u00ebrtet\u00ebs, nuk ka t\u00eb dh\u00ebna n\u00ebse Me\u00e7ollari \u00ebsht\u00eb apo jo spiun, pasi kushdo q\u00eb akuzon p\u00ebr di\u00e7ka t\u00eb till\u00eb duhet t\u00eb nxjerr\u00eb dokumente, por fakt \u00ebsht\u00eb se ka marr\u00eb pjes\u00eb aktive (nuk dihet n\u00ebse ka dh\u00ebn\u00eb urdh\u00ebr apo e ka zbukuruar vet\u00eb) n\u00eb dekorimin e anijes luftarake p\u00ebr ta v\u00ebn\u00eb n\u00eb sh\u00ebrbim t\u00eb qejfeve t\u00eb miqve t\u00eb tij dasmor p\u00ebr t\u00eb rr\u00ebk\u00ebllyer m\u00eb pas raki, shampanj\u00eb e birra si ahengxhinj dhe pijanec\u00eb mejhanesh mbi Flot\u00ebn Detare t\u00eb vendit.<\/p>\n\n\n\n<p>T\u00eb pakt\u00ebn Me\u00e7ollari duhet pyetur p\u00ebr di\u00e7ka t\u00eb till\u00eb kur del n\u00eb media. \/TL<\/p>\n","protected":false},"excerpt":{"rendered":"<p>Shqip\u00ebria nuk po gjen derman n\u00eb lidhje me pronat e ushtris\u00eb, t\u00eb cilat jan\u00eb zaptuar nga oligark\u00ebt, por edhe me vet\u00eb ushtrin\u00eb, e cila ka patur n\u00eb gjirin e saj personazhe sa groteske aq edhe qesharake, t\u00eb cil\u00ebt n\u00eb mendjen e tyre kan\u00eb luftuar sa me NATO-n ashtu edhe me Traktatin e Varshav\u00ebs. Jan\u00eb histori [&hellip;]<\/p>\n","protected":false},"author":1,"featured_media":60,"comment_status":"open","ping_status":"open","sticky":false,"template":"","format":"standard","meta":{"footnotes":""},"categories":[4,3],"tags":[],"class_list":["post-58","post","type-post","status-publish","format-standard","has-post-thumbnail","hentry","category-kryesore","category-rreth-vendit"],"yoast_head":"<!-- This site is optimized with the Yoast SEO plugin v27.5 - https:\/\/yoast.com\/product\/yoast-seo-wordpress\/ -->\n<title>Nga akuzat p\u00ebr spiunazh te kthimi i anijes ushtarake n\u00eb lokal dasmash, ana tjet\u00ebr e nj\u00eb koloneli t\u00eb shkarkuar me turp - Tirana Lajm<\/title>\n<meta name=\"description\" content=\"Nga akuzat p\u00ebr spiunazh te kthimi i anijes ushtarake n\u00eb lokal dasmash, ana tjet\u00ebr e nj\u00eb koloneli t\u00eb shkarkuar me turp\" \/>\n<meta name=\"robots\" content=\"index, follow, max-snippet:-1, max-image-preview:large, max-video-preview:-1\" \/>\n<link rel=\"canonical\" href=\"https:\/\/tiranalajm.com\/index.php\/2023\/11\/06\/nga-akuzat-per-spiunazh-te-kthimi-i-anijes-ushtarake-ne-lokal-dasmash-ana-tjete-e-nje-koloneli-te-shkarkuar-me-turp\/\" \/>\n<meta property=\"og:locale\" content=\"en_US\" \/>\n<meta property=\"og:type\" content=\"article\" \/>\n<meta property=\"og:title\" content=\"Nga akuzat p\u00ebr spiunazh te kthimi i anijes ushtarake n\u00eb lokal dasmash, ana tjet\u00ebr e nj\u00eb koloneli t\u00eb shkarkuar me turp - Tirana Lajm\" \/>\n<meta property=\"og:description\" content=\"Nga akuzat p\u00ebr spiunazh te kthimi i anijes ushtarake n\u00eb lokal dasmash, ana tjet\u00ebr e nj\u00eb koloneli t\u00eb shkarkuar me turp\" \/>\n<meta property=\"og:url\" content=\"https:\/\/tiranalajm.com\/index.php\/2023\/11\/06\/nga-akuzat-per-spiunazh-te-kthimi-i-anijes-ushtarake-ne-lokal-dasmash-ana-tjete-e-nje-koloneli-te-shkarkuar-me-turp\/\" \/>\n<meta property=\"og:site_name\" content=\"Tirana Lajm\" \/>\n<meta property=\"article:published_time\" content=\"2023-11-06T14:03:59+00:00\" \/>\n<meta property=\"article:modified_time\" content=\"2023-11-06T14:08:32+00:00\" \/>\n<meta property=\"og:image\" content=\"http:\/\/tiranalajm.com\/wp-content\/uploads\/2023\/11\/artur-mecollari-ok.png\" \/>\n\t<meta property=\"og:image:width\" content=\"800\" \/>\n\t<meta property=\"og:image:height\" content=\"517\" \/>\n\t<meta property=\"og:image:type\" content=\"image\/png\" \/>\n<meta name=\"author\" content=\"tiranalajm.com\" \/>\n<meta name=\"twitter:card\" content=\"summary_large_image\" \/>\n<meta name=\"twitter:label1\" content=\"Written by\" \/>\n\t<meta name=\"twitter:data1\" content=\"tiranalajm.com\" \/>\n\t<meta name=\"twitter:label2\" content=\"Est. reading time\" \/>\n\t<meta name=\"twitter:data2\" content=\"3 minutes\" \/>\n<script type=\"application\/ld+json\" class=\"yoast-schema-graph\">{\"@context\":\"https:\\\/\\\/schema.org\",\"@graph\":[{\"@type\":\"Article\",\"@id\":\"https:\\\/\\\/tiranalajm.com\\\/index.php\\\/2023\\\/11\\\/06\\\/nga-akuzat-per-spiunazh-te-kthimi-i-anijes-ushtarake-ne-lokal-dasmash-ana-tjete-e-nje-koloneli-te-shkarkuar-me-turp\\\/#article\",\"isPartOf\":{\"@id\":\"https:\\\/\\\/tiranalajm.com\\\/index.php\\\/2023\\\/11\\\/06\\\/nga-akuzat-per-spiunazh-te-kthimi-i-anijes-ushtarake-ne-lokal-dasmash-ana-tjete-e-nje-koloneli-te-shkarkuar-me-turp\\\/\"},\"author\":{\"name\":\"tiranalajm.com\",\"@id\":\"https:\\\/\\\/tiranalajm.com\\\/#\\\/schema\\\/person\\\/d62adf3f0d0ba38eb923c3c1f5152717\"},\"headline\":\"Nga akuzat p\u00ebr spiunazh te kthimi i anijes ushtarake n\u00eb lokal dasmash, ana tjet\u00ebr e nj\u00eb koloneli t\u00eb shkarkuar me turp\",\"datePublished\":\"2023-11-06T14:03:59+00:00\",\"dateModified\":\"2023-11-06T14:08:32+00:00\",\"mainEntityOfPage\":{\"@id\":\"https:\\\/\\\/tiranalajm.com\\\/index.php\\\/2023\\\/11\\\/06\\\/nga-akuzat-per-spiunazh-te-kthimi-i-anijes-ushtarake-ne-lokal-dasmash-ana-tjete-e-nje-koloneli-te-shkarkuar-me-turp\\\/\"},\"wordCount\":630,\"commentCount\":0,\"publisher\":{\"@id\":\"https:\\\/\\\/tiranalajm.com\\\/#organization\"},\"image\":{\"@id\":\"https:\\\/\\\/tiranalajm.com\\\/index.php\\\/2023\\\/11\\\/06\\\/nga-akuzat-per-spiunazh-te-kthimi-i-anijes-ushtarake-ne-lokal-dasmash-ana-tjete-e-nje-koloneli-te-shkarkuar-me-turp\\\/#primaryimage\"},\"thumbnailUrl\":\"https:\\\/\\\/tiranalajm.com\\\/wp-content\\\/uploads\\\/2023\\\/11\\\/artur-mecollari-ok.png\",\"articleSection\":[\"Kryesore\",\"Rreth vendit\"],\"inLanguage\":\"en-US\",\"potentialAction\":[{\"@type\":\"CommentAction\",\"name\":\"Comment\",\"target\":[\"https:\\\/\\\/tiranalajm.com\\\/index.php\\\/2023\\\/11\\\/06\\\/nga-akuzat-per-spiunazh-te-kthimi-i-anijes-ushtarake-ne-lokal-dasmash-ana-tjete-e-nje-koloneli-te-shkarkuar-me-turp\\\/#respond\"]}]},{\"@type\":\"WebPage\",\"@id\":\"https:\\\/\\\/tiranalajm.com\\\/index.php\\\/2023\\\/11\\\/06\\\/nga-akuzat-per-spiunazh-te-kthimi-i-anijes-ushtarake-ne-lokal-dasmash-ana-tjete-e-nje-koloneli-te-shkarkuar-me-turp\\\/\",\"url\":\"https:\\\/\\\/tiranalajm.com\\\/index.php\\\/2023\\\/11\\\/06\\\/nga-akuzat-per-spiunazh-te-kthimi-i-anijes-ushtarake-ne-lokal-dasmash-ana-tjete-e-nje-koloneli-te-shkarkuar-me-turp\\\/\",\"name\":\"Nga akuzat p\u00ebr spiunazh te kthimi i anijes ushtarake n\u00eb lokal dasmash, ana tjet\u00ebr e nj\u00eb koloneli t\u00eb shkarkuar me turp - Tirana Lajm\",\"isPartOf\":{\"@id\":\"https:\\\/\\\/tiranalajm.com\\\/#website\"},\"primaryImageOfPage\":{\"@id\":\"https:\\\/\\\/tiranalajm.com\\\/index.php\\\/2023\\\/11\\\/06\\\/nga-akuzat-per-spiunazh-te-kthimi-i-anijes-ushtarake-ne-lokal-dasmash-ana-tjete-e-nje-koloneli-te-shkarkuar-me-turp\\\/#primaryimage\"},\"image\":{\"@id\":\"https:\\\/\\\/tiranalajm.com\\\/index.php\\\/2023\\\/11\\\/06\\\/nga-akuzat-per-spiunazh-te-kthimi-i-anijes-ushtarake-ne-lokal-dasmash-ana-tjete-e-nje-koloneli-te-shkarkuar-me-turp\\\/#primaryimage\"},\"thumbnailUrl\":\"https:\\\/\\\/tiranalajm.com\\\/wp-content\\\/uploads\\\/2023\\\/11\\\/artur-mecollari-ok.png\",\"datePublished\":\"2023-11-06T14:03:59+00:00\",\"dateModified\":\"2023-11-06T14:08:32+00:00\",\"description\":\"Nga akuzat p\u00ebr spiunazh te kthimi i anijes ushtarake n\u00eb lokal dasmash, ana tjet\u00ebr e nj\u00eb koloneli t\u00eb shkarkuar me turp\",\"breadcrumb\":{\"@id\":\"https:\\\/\\\/tiranalajm.com\\\/index.php\\\/2023\\\/11\\\/06\\\/nga-akuzat-per-spiunazh-te-kthimi-i-anijes-ushtarake-ne-lokal-dasmash-ana-tjete-e-nje-koloneli-te-shkarkuar-me-turp\\\/#breadcrumb\"},\"inLanguage\":\"en-US\",\"potentialAction\":[{\"@type\":\"ReadAction\",\"target\":[\"https:\\\/\\\/tiranalajm.com\\\/index.php\\\/2023\\\/11\\\/06\\\/nga-akuzat-per-spiunazh-te-kthimi-i-anijes-ushtarake-ne-lokal-dasmash-ana-tjete-e-nje-koloneli-te-shkarkuar-me-turp\\\/\"]}]},{\"@type\":\"ImageObject\",\"inLanguage\":\"en-US\",\"@id\":\"https:\\\/\\\/tiranalajm.com\\\/index.php\\\/2023\\\/11\\\/06\\\/nga-akuzat-per-spiunazh-te-kthimi-i-anijes-ushtarake-ne-lokal-dasmash-ana-tjete-e-nje-koloneli-te-shkarkuar-me-turp\\\/#primaryimage\",\"url\":\"https:\\\/\\\/tiranalajm.com\\\/wp-content\\\/uploads\\\/2023\\\/11\\\/artur-mecollari-ok.png\",\"contentUrl\":\"https:\\\/\\\/tiranalajm.com\\\/wp-content\\\/uploads\\\/2023\\\/11\\\/artur-mecollari-ok.png\",\"width\":800,\"height\":517},{\"@type\":\"BreadcrumbList\",\"@id\":\"https:\\\/\\\/tiranalajm.com\\\/index.php\\\/2023\\\/11\\\/06\\\/nga-akuzat-per-spiunazh-te-kthimi-i-anijes-ushtarake-ne-lokal-dasmash-ana-tjete-e-nje-koloneli-te-shkarkuar-me-turp\\\/#breadcrumb\",\"itemListElement\":[{\"@type\":\"ListItem\",\"position\":1,\"name\":\"Home\",\"item\":\"https:\\\/\\\/tiranalajm.com\\\/\"},{\"@type\":\"ListItem\",\"position\":2,\"name\":\"Nga akuzat p\u00ebr spiunazh te kthimi i anijes ushtarake n\u00eb lokal dasmash, ana tjet\u00ebr e nj\u00eb koloneli t\u00eb shkarkuar me turp\"}]},{\"@type\":\"WebSite\",\"@id\":\"https:\\\/\\\/tiranalajm.com\\\/#website\",\"url\":\"https:\\\/\\\/tiranalajm.com\\\/\",\"name\":\"Tirana Lajm\",\"description\":\"Tirana Lajm\",\"publisher\":{\"@id\":\"https:\\\/\\\/tiranalajm.com\\\/#organization\"},\"potentialAction\":[{\"@type\":\"SearchAction\",\"target\":{\"@type\":\"EntryPoint\",\"urlTemplate\":\"https:\\\/\\\/tiranalajm.com\\\/?s={search_term_string}\"},\"query-input\":{\"@type\":\"PropertyValueSpecification\",\"valueRequired\":true,\"valueName\":\"search_term_string\"}}],\"inLanguage\":\"en-US\"},{\"@type\":\"Organization\",\"@id\":\"https:\\\/\\\/tiranalajm.com\\\/#organization\",\"name\":\"Tirana Lajm\",\"url\":\"https:\\\/\\\/tiranalajm.com\\\/\",\"logo\":{\"@type\":\"ImageObject\",\"inLanguage\":\"en-US\",\"@id\":\"https:\\\/\\\/tiranalajm.com\\\/#\\\/schema\\\/logo\\\/image\\\/\",\"url\":\"https:\\\/\\\/tiranalajm.com\\\/wp-content\\\/uploads\\\/2023\\\/08\\\/logo-tirana-lajm.jpg\",\"contentUrl\":\"https:\\\/\\\/tiranalajm.com\\\/wp-content\\\/uploads\\\/2023\\\/08\\\/logo-tirana-lajm.jpg\",\"width\":600,\"height\":360,\"caption\":\"Tirana Lajm\"},\"image\":{\"@id\":\"https:\\\/\\\/tiranalajm.com\\\/#\\\/schema\\\/logo\\\/image\\\/\"}},{\"@type\":\"Person\",\"@id\":\"https:\\\/\\\/tiranalajm.com\\\/#\\\/schema\\\/person\\\/d62adf3f0d0ba38eb923c3c1f5152717\",\"name\":\"tiranalajm.com\",\"image\":{\"@type\":\"ImageObject\",\"inLanguage\":\"en-US\",\"@id\":\"https:\\\/\\\/secure.gravatar.com\\\/avatar\\\/70082bb8d030bb6b79327cd6e282b497e1b999934e601ba07a020bca96c4dbee?s=96&d=mm&r=g\",\"url\":\"https:\\\/\\\/secure.gravatar.com\\\/avatar\\\/70082bb8d030bb6b79327cd6e282b497e1b999934e601ba07a020bca96c4dbee?s=96&d=mm&r=g\",\"contentUrl\":\"https:\\\/\\\/secure.gravatar.com\\\/avatar\\\/70082bb8d030bb6b79327cd6e282b497e1b999934e601ba07a020bca96c4dbee?s=96&d=mm&r=g\",\"caption\":\"tiranalajm.com\"},\"sameAs\":[\"http:\\\/\\\/tiranalajm.com\"],\"url\":\"https:\\\/\\\/tiranalajm.com\\\/index.php\\\/author\\\/tiranalajm-com\\\/\"}]}<\/script>\n<!-- \/ Yoast SEO plugin. -->","yoast_head_json":{"title":"Nga akuzat p\u00ebr spiunazh te kthimi i anijes ushtarake n\u00eb lokal dasmash, ana tjet\u00ebr e nj\u00eb koloneli t\u00eb shkarkuar me turp - Tirana Lajm","description":"Nga akuzat p\u00ebr spiunazh te kthimi i anijes ushtarake n\u00eb lokal dasmash, ana tjet\u00ebr e nj\u00eb koloneli t\u00eb shkarkuar me turp","robots":{"index":"index","follow":"follow","max-snippet":"max-snippet:-1","max-image-preview":"max-image-preview:large","max-video-preview":"max-video-preview:-1"},"canonical":"https:\/\/tiranalajm.com\/index.php\/2023\/11\/06\/nga-akuzat-per-spiunazh-te-kthimi-i-anijes-ushtarake-ne-lokal-dasmash-ana-tjete-e-nje-koloneli-te-shkarkuar-me-turp\/","og_locale":"en_US","og_type":"article","og_title":"Nga akuzat p\u00ebr spiunazh te kthimi i anijes ushtarake n\u00eb lokal dasmash, ana tjet\u00ebr e nj\u00eb koloneli t\u00eb shkarkuar me turp - Tirana Lajm","og_description":"Nga akuzat p\u00ebr spiunazh te kthimi i anijes ushtarake n\u00eb lokal dasmash, ana tjet\u00ebr e nj\u00eb koloneli t\u00eb shkarkuar me turp","og_url":"https:\/\/tiranalajm.com\/index.php\/2023\/11\/06\/nga-akuzat-per-spiunazh-te-kthimi-i-anijes-ushtarake-ne-lokal-dasmash-ana-tjete-e-nje-koloneli-te-shkarkuar-me-turp\/","og_site_name":"Tirana Lajm","article_published_time":"2023-11-06T14:03:59+00:00","article_modified_time":"2023-11-06T14:08:32+00:00","og_image":[{"width":800,"height":517,"url":"http:\/\/tiranalajm.com\/wp-content\/uploads\/2023\/11\/artur-mecollari-ok.png","type":"image\/png"}],"author":"tiranalajm.com","twitter_card":"summary_large_image","twitter_misc":{"Written by":"tiranalajm.com","Est. reading time":"3 minutes"},"schema":{"@context":"https:\/\/schema.org","@graph":[{"@type":"Article","@id":"https:\/\/tiranalajm.com\/index.php\/2023\/11\/06\/nga-akuzat-per-spiunazh-te-kthimi-i-anijes-ushtarake-ne-lokal-dasmash-ana-tjete-e-nje-koloneli-te-shkarkuar-me-turp\/#article","isPartOf":{"@id":"https:\/\/tiranalajm.com\/index.php\/2023\/11\/06\/nga-akuzat-per-spiunazh-te-kthimi-i-anijes-ushtarake-ne-lokal-dasmash-ana-tjete-e-nje-koloneli-te-shkarkuar-me-turp\/"},"author":{"name":"tiranalajm.com","@id":"https:\/\/tiranalajm.com\/#\/schema\/person\/d62adf3f0d0ba38eb923c3c1f5152717"},"headline":"Nga akuzat p\u00ebr spiunazh te kthimi i anijes ushtarake n\u00eb lokal dasmash, ana tjet\u00ebr e nj\u00eb koloneli t\u00eb shkarkuar me turp","datePublished":"2023-11-06T14:03:59+00:00","dateModified":"2023-11-06T14:08:32+00:00","mainEntityOfPage":{"@id":"https:\/\/tiranalajm.com\/index.php\/2023\/11\/06\/nga-akuzat-per-spiunazh-te-kthimi-i-anijes-ushtarake-ne-lokal-dasmash-ana-tjete-e-nje-koloneli-te-shkarkuar-me-turp\/"},"wordCount":630,"commentCount":0,"publisher":{"@id":"https:\/\/tiranalajm.com\/#organization"},"image":{"@id":"https:\/\/tiranalajm.com\/index.php\/2023\/11\/06\/nga-akuzat-per-spiunazh-te-kthimi-i-anijes-ushtarake-ne-lokal-dasmash-ana-tjete-e-nje-koloneli-te-shkarkuar-me-turp\/#primaryimage"},"thumbnailUrl":"https:\/\/tiranalajm.com\/wp-content\/uploads\/2023\/11\/artur-mecollari-ok.png","articleSection":["Kryesore","Rreth vendit"],"inLanguage":"en-US","potentialAction":[{"@type":"CommentAction","name":"Comment","target":["https:\/\/tiranalajm.com\/index.php\/2023\/11\/06\/nga-akuzat-per-spiunazh-te-kthimi-i-anijes-ushtarake-ne-lokal-dasmash-ana-tjete-e-nje-koloneli-te-shkarkuar-me-turp\/#respond"]}]},{"@type":"WebPage","@id":"https:\/\/tiranalajm.com\/index.php\/2023\/11\/06\/nga-akuzat-per-spiunazh-te-kthimi-i-anijes-ushtarake-ne-lokal-dasmash-ana-tjete-e-nje-koloneli-te-shkarkuar-me-turp\/","url":"https:\/\/tiranalajm.com\/index.php\/2023\/11\/06\/nga-akuzat-per-spiunazh-te-kthimi-i-anijes-ushtarake-ne-lokal-dasmash-ana-tjete-e-nje-koloneli-te-shkarkuar-me-turp\/","name":"Nga akuzat p\u00ebr spiunazh te kthimi i anijes ushtarake n\u00eb lokal dasmash, ana tjet\u00ebr e nj\u00eb koloneli t\u00eb shkarkuar me turp - Tirana Lajm","isPartOf":{"@id":"https:\/\/tiranalajm.com\/#website"},"primaryImageOfPage":{"@id":"https:\/\/tiranalajm.com\/index.php\/2023\/11\/06\/nga-akuzat-per-spiunazh-te-kthimi-i-anijes-ushtarake-ne-lokal-dasmash-ana-tjete-e-nje-koloneli-te-shkarkuar-me-turp\/#primaryimage"},"image":{"@id":"https:\/\/tiranalajm.com\/index.php\/2023\/11\/06\/nga-akuzat-per-spiunazh-te-kthimi-i-anijes-ushtarake-ne-lokal-dasmash-ana-tjete-e-nje-koloneli-te-shkarkuar-me-turp\/#primaryimage"},"thumbnailUrl":"https:\/\/tiranalajm.com\/wp-content\/uploads\/2023\/11\/artur-mecollari-ok.png","datePublished":"2023-11-06T14:03:59+00:00","dateModified":"2023-11-06T14:08:32+00:00","description":"Nga akuzat p\u00ebr spiunazh te kthimi i anijes ushtarake n\u00eb lokal dasmash, ana tjet\u00ebr e nj\u00eb koloneli t\u00eb shkarkuar me turp","breadcrumb":{"@id":"https:\/\/tiranalajm.com\/index.php\/2023\/11\/06\/nga-akuzat-per-spiunazh-te-kthimi-i-anijes-ushtarake-ne-lokal-dasmash-ana-tjete-e-nje-koloneli-te-shkarkuar-me-turp\/#breadcrumb"},"inLanguage":"en-US","potentialAction":[{"@type":"ReadAction","target":["https:\/\/tiranalajm.com\/index.php\/2023\/11\/06\/nga-akuzat-per-spiunazh-te-kthimi-i-anijes-ushtarake-ne-lokal-dasmash-ana-tjete-e-nje-koloneli-te-shkarkuar-me-turp\/"]}]},{"@type":"ImageObject","inLanguage":"en-US","@id":"https:\/\/tiranalajm.com\/index.php\/2023\/11\/06\/nga-akuzat-per-spiunazh-te-kthimi-i-anijes-ushtarake-ne-lokal-dasmash-ana-tjete-e-nje-koloneli-te-shkarkuar-me-turp\/#primaryimage","url":"https:\/\/tiranalajm.com\/wp-content\/uploads\/2023\/11\/artur-mecollari-ok.png","contentUrl":"https:\/\/tiranalajm.com\/wp-content\/uploads\/2023\/11\/artur-mecollari-ok.png","width":800,"height":517},{"@type":"BreadcrumbList","@id":"https:\/\/tiranalajm.com\/index.php\/2023\/11\/06\/nga-akuzat-per-spiunazh-te-kthimi-i-anijes-ushtarake-ne-lokal-dasmash-ana-tjete-e-nje-koloneli-te-shkarkuar-me-turp\/#breadcrumb","itemListElement":[{"@type":"ListItem","position":1,"name":"Home","item":"https:\/\/tiranalajm.com\/"},{"@type":"ListItem","position":2,"name":"Nga akuzat p\u00ebr spiunazh te kthimi i anijes ushtarake n\u00eb lokal dasmash, ana tjet\u00ebr e nj\u00eb koloneli t\u00eb shkarkuar me turp"}]},{"@type":"WebSite","@id":"https:\/\/tiranalajm.com\/#website","url":"https:\/\/tiranalajm.com\/","name":"Tirana Lajm","description":"Tirana Lajm","publisher":{"@id":"https:\/\/tiranalajm.com\/#organization"},"potentialAction":[{"@type":"SearchAction","target":{"@type":"EntryPoint","urlTemplate":"https:\/\/tiranalajm.com\/?s={search_term_string}"},"query-input":{"@type":"PropertyValueSpecification","valueRequired":true,"valueName":"search_term_string"}}],"inLanguage":"en-US"},{"@type":"Organization","@id":"https:\/\/tiranalajm.com\/#organization","name":"Tirana Lajm","url":"https:\/\/tiranalajm.com\/","logo":{"@type":"ImageObject","inLanguage":"en-US","@id":"https:\/\/tiranalajm.com\/#\/schema\/logo\/image\/","url":"https:\/\/tiranalajm.com\/wp-content\/uploads\/2023\/08\/logo-tirana-lajm.jpg","contentUrl":"https:\/\/tiranalajm.com\/wp-content\/uploads\/2023\/08\/logo-tirana-lajm.jpg","width":600,"height":360,"caption":"Tirana Lajm"},"image":{"@id":"https:\/\/tiranalajm.com\/#\/schema\/logo\/image\/"}},{"@type":"Person","@id":"https:\/\/tiranalajm.com\/#\/schema\/person\/d62adf3f0d0ba38eb923c3c1f5152717","name":"tiranalajm.com","image":{"@type":"ImageObject","inLanguage":"en-US","@id":"https:\/\/secure.gravatar.com\/avatar\/70082bb8d030bb6b79327cd6e282b497e1b999934e601ba07a020bca96c4dbee?s=96&d=mm&r=g","url":"https:\/\/secure.gravatar.com\/avatar\/70082bb8d030bb6b79327cd6e282b497e1b999934e601ba07a020bca96c4dbee?s=96&d=mm&r=g","contentUrl":"https:\/\/secure.gravatar.com\/avatar\/70082bb8d030bb6b79327cd6e282b497e1b999934e601ba07a020bca96c4dbee?s=96&d=mm&r=g","caption":"tiranalajm.com"},"sameAs":["http:\/\/tiranalajm.com"],"url":"https:\/\/tiranalajm.com\/index.php\/author\/tiranalajm-com\/"}]}},"_links":{"self":[{"href":"https:\/\/tiranalajm.com\/index.php\/wp-json\/wp\/v2\/posts\/58","targetHints":{"allow":["GET"]}}],"collection":[{"href":"https:\/\/tiranalajm.com\/index.php\/wp-json\/wp\/v2\/posts"}],"about":[{"href":"https:\/\/tiranalajm.com\/index.php\/wp-json\/wp\/v2\/types\/post"}],"author":[{"embeddable":true,"href":"https:\/\/tiranalajm.com\/index.php\/wp-json\/wp\/v2\/users\/1"}],"replies":[{"embeddable":true,"href":"https:\/\/tiranalajm.com\/index.php\/wp-json\/wp\/v2\/comments?post=58"}],"version-history":[{"count":4,"href":"https:\/\/tiranalajm.com\/index.php\/wp-json\/wp\/v2\/posts\/58\/revisions"}],"predecessor-version":[{"id":65,"href":"https:\/\/tiranalajm.com\/index.php\/wp-json\/wp\/v2\/posts\/58\/revisions\/65"}],"wp:featuredmedia":[{"embeddable":true,"href":"https:\/\/tiranalajm.com\/index.php\/wp-json\/wp\/v2\/media\/60"}],"wp:attachment":[{"href":"https:\/\/tiranalajm.com\/index.php\/wp-json\/wp\/v2\/media?parent=58"}],"wp:term":[{"taxonomy":"category","embeddable":true,"href":"https:\/\/tiranalajm.com\/index.php\/wp-json\/wp\/v2\/categories?post=58"},{"taxonomy":"post_tag","embeddable":true,"href":"https:\/\/tiranalajm.com\/index.php\/wp-json\/wp\/v2\/tags?post=58"}],"curies":[{"name":"wp","href":"https:\/\/api.w.org\/{rel}","templated":true}]}}