{"id":66,"date":"2024-03-29T11:50:13","date_gmt":"2024-03-29T11:50:13","guid":{"rendered":"https:\/\/tiranalajm.com\/?p=66"},"modified":"2024-04-23T21:20:41","modified_gmt":"2024-04-23T20:20:41","slug":"akuzat-pronari-i-credins-bank-u-dha-makinen-ne-perdorim-trafikanteve-a-ka-hyre-paraja-e-droges-ne-sistemin-bankar-shqiptar","status":"publish","type":"post","link":"https:\/\/tiranalajm.com\/index.php\/2024\/03\/29\/akuzat-pronari-i-credins-bank-u-dha-makinen-ne-perdorim-trafikanteve-a-ka-hyre-paraja-e-droges-ne-sistemin-bankar-shqiptar\/","title":{"rendered":"AKUZAT\/ Pronari i Credins Bank u dha makin\u00ebn n\u00eb p\u00ebrdorim trafikant\u00ebve, a ka hyr\u00eb paraja e drog\u00ebs n\u00eb sistemin bankar shqiptar ?!\u00a0"},"content":{"rendered":"\n<p><\/p>\n\n\n\n<p><\/p>\n\n\n\n<p>Kreu i Grupit Parlamentar t\u00eb PD, <a href=\"https:\/\/tvklan.al\/makina-qe-perdoren-trafikantet-e-kujt-bardhi-rreshton-emrat-nuk-po-i-permend\">Gazment Bardhi <\/a>ka b\u00ebr\u00eb akuza t\u00eb forta ndaj v\u00ebllait t\u00eb kryeministrit Rama, Olsi Rama, i cili sipas tij ka l\u00ebvizur me makin\u00ebn q\u00eb p\u00ebrdornin trafikant\u00ebt e grupit t\u00eb kokain\u00ebs n\u00eb Xibrak\u00eb, raporton <a href=\"https:\/\/tiranalajm.com\">Tirana Lajm<\/a>.<\/p>\n\n\n\n<p>Grupi u shkat\u00ebrrua n\u00eb janar 2015 ku pati edhe t\u00eb arrestuar p\u00ebr shkak t\u00eb k\u00ebmb\u00ebnguljes s\u00eb gjerman\u00ebve.&nbsp;<\/p>\n\n\n\n<p><em>\u201cNga dosja penale rezulton q\u00eb prokuroria n\u00eb rastin e laboratorit t\u00eb Xibrak\u00ebs, arrestoi 9 persona. Nd\u00ebrkoh\u00eb, n\u00eb dosjen e Prokuroris\u00eb flitet p\u00ebr nj\u00eb person t\u00eb paidentifikuar nga policia, prokuror\u00ebt jan\u00eb kujdesuar q\u00eb k\u00ebt\u00eb fatur\u00ebn e mosidentifikimit t\u2019ia japin policis\u00eb \u00ebsht\u00eb n\u00eb kontroll nga Edi Rama.&nbsp;<\/em><\/p>\n\n\n\n<p><em>N\u00eb dosjen e Policis\u00eb, ky person identifikohen si nj\u00eb person 45-vje\u00e7 me flok\u00eb t\u00eb shkurtra dhe q\u00eb p\u00ebrdor mjetin me targ\u00eb AA 653 DM. Por, ajo q\u00eb i mbivendoset sipas t\u00eb dh\u00ebnave t\u00eb sistemit TIMS rezulton q\u00eb p\u00ebrdoruesi i makin\u00ebs t\u00eb jet\u00eb Olsi Rama. Ai ka p\u00ebrdorur makin\u00eb q\u00eb \u00ebsht\u00eb p\u00ebrdorur nga ky person i paidentifikuar.&nbsp;<\/em><\/p>\n\n\n\n<p><em>A ka shqiptar\u00eb q\u00eb policia arrin t\u00eb dalloj\u00eb nj\u00eb person n\u00eb pamje, ka th\u00ebn\u00eb mosh\u00ebn 45 vje\u00e7, nd\u00ebrkoh\u00eb emrin nuk ia ka v\u00ebn\u00eb. Emrin ia ka v\u00ebn\u00eb sistemi TIMS.N\u00eb pron\u00ebsi t\u00eb makin\u00ebs \u00ebsht\u00eb nj\u00eb zonj\u00eb. &nbsp;Ai person \u00ebsht\u00eb identifikuar si drejtues. T\u00eb nj\u00ebjtin automjet e p\u00ebrdorin dhe tre trafikant\u00ebt e tjer\u00eb q\u00eb jan\u00eb identifikuar, i kat\u00ebrti q\u00eb nuk \u00ebsht\u00eb identifikuar rezulton q\u00eb \u00ebsht\u00eb Olsi Rama, v\u00ebllai i kryeministrit\u201d,-<\/em>tha Bardhi&nbsp;mbr\u00ebm\u00eb n\u00eb Opinion.<\/p>\n\n\n\n<p>Nd\u00ebrkoh\u00eb, detaje t\u00eb tjera dol\u00ebn gjat\u00eb emisionit, t\u00eb cilat nuk jan\u00eb publikuar n\u00eb media ndryshe nga akuzat e Bardhit ndaj v\u00ebllait t\u00eb kryeministrit. Kur gazetar\u00ebt i than\u00eb q\u00eb ai duhej t\u00eb p\u00ebrmendte emrat e pronar\u00ebve t\u00eb makinave, me t\u00eb cil\u00ebt kishte udh\u00ebtuar grupi kriminal, pjes\u00eb e t\u00eb cil\u00ebve pretendohet se ishte edhe v\u00ebllai i kryeministrit Rama, Bardhi tha se ata kishin p\u00ebrdorur tre makina.&nbsp;<\/p>\n\n\n\n<p>Makina e par\u00eb sipas Bardhit ishte n\u00eb pron\u00ebsi t\u00eb Ornela Bregut, makina e dyt\u00eb n\u00eb pron\u00ebsi t\u00eb Arta Dades dhe makina e tret\u00eb n\u00eb pron\u00ebsi t\u00eb nj\u00ebrit prej aksioner\u00ebve t\u00eb Bank\u00ebs Credins. Bardhi nuk p\u00ebrmendi emra p\u00ebr k\u00ebt\u00eb t\u00eb fundit.&nbsp;<\/p>\n\n\n\n<figure class=\"wp-block-image size-full\"><img loading=\"lazy\" decoding=\"async\" width=\"780\" height=\"440\" src=\"https:\/\/tiranalajm.com\/wp-content\/uploads\/2024\/03\/grupi-xibrakes.jpeg\" alt=\"\" class=\"wp-image-67\" srcset=\"https:\/\/tiranalajm.com\/wp-content\/uploads\/2024\/03\/grupi-xibrakes.jpeg 780w, https:\/\/tiranalajm.com\/wp-content\/uploads\/2024\/03\/grupi-xibrakes-300x169.jpeg 300w, https:\/\/tiranalajm.com\/wp-content\/uploads\/2024\/03\/grupi-xibrakes-768x433.jpeg 768w\" sizes=\"auto, (max-width: 780px) 100vw, 780px\" \/><figcaption class=\"wp-element-caption\">Pronari i Credins Bank u dha makin\u00ebn n\u00eb p\u00ebrdorim trafikant\u00ebve, a ka hyr\u00eb paraja e drog\u00ebs n\u00eb sistemin bankar shqiptar ?!&nbsp;Bardhi akuzon edhe Arta Daden dhe Ornela Bregun <\/figcaption><\/figure>\n\n\n\n<p>Pyetja q\u00eb shtrohet \u00ebsht\u00eb: Kush \u00ebsht\u00eb aksioneri i nj\u00eb banke shqiptare q\u00eb i v\u00eb n\u00eb dispozicion makin\u00ebn e tij nj\u00eb grupi t\u00eb famsh\u00ebm kriminal q\u00eb merret me trafik kokaine nga Kolumbia n\u00eb Shqip\u00ebri dhe mbi t\u00eb gjitha, a ka lidhje aktiviteti i k\u00ebsaj banke me kokain\u00ebn dhe trafikun e drog\u00ebs?&nbsp;<\/p>\n\n\n\n<p><strong><em>A jan\u00eb futur parat\u00eb e kokain\u00ebs n\u00eb sistemin bankar shqipar? Qeveria ka krijuar nj\u00eb nj\u00ebsi t\u00eb posa\u00e7me tani p\u00ebr verifikimin e parave t\u00eb drog\u00ebs, e cila duket se do t\u00eb duhet q\u00eb t\u00eb b\u00ebj\u00eb verifikimet p\u00ebrkat\u00ebse n\u00ebse parat\u00eb e kokain\u00ebs s\u00eb Kolumbis\u00eb jan\u00eb futur apo jo n\u00eb sistemin bankar t\u00eb vendit p\u00ebrmes Bank\u00ebs Credins.<\/em><\/strong><\/p>\n\n\n\n<p>DEBATI<\/p>\n\n\n\n<p><strong>Spartak Koka:<\/strong>&nbsp;<em>A keni dijeni ju q\u00eb pronarja e mjetit, q\u00eb rezulton ligj\u00ebrisht n\u00eb sistem \u00ebsht\u00eb motra e nj\u00eb ish-ministre t\u00eb Partis\u00eb Demokratike? Dhe n\u00ebse po, \u00e7far\u00eb e lidh at\u00eb me k\u00ebt\u00eb grup? Me k\u00ebt\u00eb makin\u00eb, a ka l\u00ebvizur motra e ish-ministres, a ka l\u00ebvizur bashk\u00ebshorti i saj? A keni hulumtuar ju si PD gjat\u00eb k\u00ebtyre dit\u00ebve se k\u00ebta persona kan\u00eb patur lidhje apo jo, shoq\u00ebrore, kriminale me k\u00ebta persona?<\/em><\/p>\n\n\n\n<p><strong>Gazment Bardhi:<\/strong><em>&nbsp;S\u00eb pari, po \u00ebsht\u00eb e v\u00ebrtet\u00eb\u2026 \u00cbsht\u00eb Onela Bregu shtetasja q\u00eb rezulton pronare e makin\u00ebs n\u00eb k\u00ebt\u00eb moment. Un\u00eb nuk e p\u00ebrmenda, sikund\u00ebr makina tjet\u00ebr figuron n\u00eb emrin e zonj\u00ebs Arta Dade. Makina tjet\u00ebr q\u00eb un\u00eb kam p\u00ebrmendur. Po un\u00eb nuk po i p\u00ebrmend k\u00ebto emra, makina e tret\u00eb q\u00eb ka p\u00ebrdorur po grupi Olsi Rama bashk\u00eb me t\u00eb tjer\u00ebt \u00ebsht\u00eb n\u00eb pron\u00ebsi t\u00eb nj\u00eb prej aksioner\u00ebve t\u00eb bank\u00ebs \u201cCredins\u201d. Un\u00eb nuk po i p\u00ebrmend emrat, duke qen\u00eb se verifikimi\u2026<\/em><\/p>\n\n\n\n<p><strong>REAGIMI I OLSI RAM\u00cbS<\/strong><\/p>\n\n\n\n<p>Nuk jam as i shokuar, as hi\u00e7 i habitur nga kjo rinxjerrje e nj\u00eb akuze t\u00eb p\u00ebrs\u00ebritur vite m\u00eb par\u00eb prej nj\u00eb njeriu q\u00eb nuk ka l\u00ebn\u00eb pjes\u00eb t\u00eb familjes time pa prekur paburr\u00ebrisht.&nbsp;<\/p>\n\n\n\n<p>Futja e njer\u00ebzve t\u00eb familjes ton\u00eb \u2013 nga babai i ndar\u00eb nga jeta para se sa Edi t\u00eb merrte detyr\u00ebn, tek i biri kur ishte vet\u00ebm 10 vje\u00e7 \u2013 n\u00eb \u00e7orb\u00ebn e thashethemeve dhe akuzave nga m\u00eb monstruozet q\u00eb kund\u00ebrshtar\u00ebt e tim v\u00ebllai i sajojn\u00eb se s\u2019din\u00eb se si ta mundin at\u00eb me vot\u00eb, \u00ebsht\u00eb nj\u00eb mizerabilitet njer\u00ebzor q\u00eb ne fatkeq\u00ebsisht e kemi pranuar si nj\u00eb realitet, por t\u00eb cilin duhet me doemos ta ndryshojm\u00eb sa nuk \u00ebsht\u00eb shum\u00eb von\u00eb.<\/p>\n\n\n\n<p>Deri m\u00eb sot nuk kisha marr\u00eb asnj\u00ebher\u00eb mundimin tju p\u00ebrgjigjesha akuzave drejt meje i nd\u00ebrgjegjsh\u00ebm se k\u00ebto ishin dhe jan\u00eb pjes\u00eb e balt\u00ebs poltike ndaj tim v\u00ebllai e jo ndaj meje. Kush m\u00eb njeh e di sa i past\u00ebr jam dhe sa kjo balt\u00eb nuk m\u00eb p\u00ebrket, ndaj dhe nuk kam dashur ta hedh mbrapsht.<\/p>\n\n\n\n<p>T\u00eb njoh\u00ebsh njer\u00ebz dhe madje edhe t\u00eb udh\u00ebtosh me ta n\u00eb ndonj\u00eb rast apo n\u00eb shum\u00eb raste, nuk \u00ebsht\u00eb as di\u00e7ka p\u00ebr t\u00eb cil\u00ebn duhet t\u2019i marr\u00ebsh leje apo t\u2019i jap\u00ebsh llogari kujt, as di\u00e7ka q\u00eb t\u00eb b\u00ebn fajtor p\u00ebr \u00e7far\u00ebdo faji dikush prej tyre mund t\u00eb kryej\u00eb n\u00eb jet\u00ebn e tij personale.<\/p>\n\n\n\n<p>As nuk e mohoj dhe as kam asnj\u00eb arsye ta fsheh q\u00eb un\u00eb kam njohur n\u00eb distanc\u00eb nj\u00eb nga personat n\u00eb fjal\u00eb, po aspak at\u00eb p\u00ebr t\u00eb cilin me aq zell e d\u00ebshir\u00eb m\u00eb akuzon ky kanakari i atij sharlatanit fam\u00ebkeq q\u00eb na ka sulmuar me qindra her\u00eb familjen, nd\u00ebrsa b\u00ebn tani prokurorin politik p\u00ebr nj\u00eb \u00e7\u00ebshtje t\u00eb hetuar dhe t\u00eb gjykuar ku un\u00eb s\u2019kam kurrfar\u00eb lidhje.<\/p>\n\n\n\n<p>Megjithat\u00eb s\u2019\u00ebsht\u00eb as puna ime, as natyra ime t\u00eb jap e marr me burra q\u00eb si\u00e7 thot\u00eb populli, \u201cs\u2019kan\u00eb \u00e7\u2019i b\u00ebjn\u00eb gomarit dhe i bien samarit\u201d. Un\u00eb kurr\u00eb s\u2019kam pasur pun\u00eb me k\u00ebt\u00eb shtet q\u00eb kur ika n\u00eb vitin e mbrapsht\u00eb 1997 n\u00eb kushtet e k\u00ebrc\u00ebnimit t\u00eb jet\u00ebs dhe pasi jam kthyer n\u00eb k\u00ebt\u00eb vend ku drejtoj klubin e futbollit \u201cPartizani\u201d.<\/p>\n\n\n\n<p>Jam krenar p\u00ebr tim v\u00eblla, e votoj me k\u00ebnaq\u00ebsi si pjes\u00eb e shumic\u00ebs s\u00eb shqiptar\u00ebve p\u00ebr kaq vite dhe ia b\u00ebj hallall pjes\u00ebn time t\u00eb balt\u00ebs familjare p\u00ebr shkak t\u00eb detyr\u00ebs s\u00eb tij. Po as jam p\u00ebrfshir\u00eb ndonj\u00ebher\u00eb me politik\u00eb, apo me hallet e pun\u00ebs s\u00eb tij dhe as i kam shkuar ndonj\u00ebher\u00eb n\u00eb zyr\u00eb, apo kam k\u00ebrkuar ndonj\u00ebher\u00eb prej tij ose ministrave t\u00eb tij ndonj\u00eb favor.&nbsp;<\/p>\n\n\n\n<p>P\u00ebr shembull, m\u00eb vjen keq q\u00eb prej vitesh klubi \u201cPartizani\u201d k\u00ebrkon pa sukses nga Ministria e Mbrojtjes, kthimin e disa barakave t\u00eb shkat\u00ebrruara t\u00eb ushtris\u00eb n\u00eb terren sportiv, p\u00ebr t\u2019ia bashk\u00ebngjitur kompleksit sportiv q\u00eb Presidenti i klubit e ka investuar vet\u00eb dhe asgj\u00eb nuk l\u00ebviz.<\/p>\n\n\n\n<p>N\u00eb vitin 2025 Shqip\u00ebria do t\u00eb mikpres\u00eb Europianin e t\u00eb rinjve U-17 dhe stadiumi i Partizanit \u00ebsht\u00eb p\u00ebrzgjedhur si nj\u00eb nga stadiumet e k\u00ebtij kompeticioni q\u00eb vjen p\u00ebr her\u00eb t\u00eb par\u00eb n\u00eb Ballkan.&nbsp;<\/p>\n\n\n\n<p>Uroj q\u00eb qeveria t\u2019ia jap\u00eb m\u00eb n\u00eb fund \u201cPartizanit\u201d ato barraka q\u00eb kalben mbi tok\u00eb pa asnj\u00eb ushtar rrotull tyre, q\u00eb klubi yn\u00eb t\u00eb krijoj\u00eb nj\u00eb hap\u00ebsir\u00eb t\u00eb re t\u00eb gjelb\u00ebr p\u00ebr shum\u00eb djemt\u00eb e vajzat q\u00eb luajn\u00eb futboll.<\/p>\n\n\n\n<p>Nd\u00ebrsa p\u00ebr sa i takon lidhjeve t\u00eb mia me drog\u00ebn, ato jan\u00eb po aq t\u00eb v\u00ebrteta sa lidhja me t\u00eb v\u00ebrtet\u00ebn e k\u00ebtij t\u00eb paburrit q\u00eb m\u00eb akuzon. K\u00ebshtuq\u00eb dhe kaq sa i kushtova k\u00ebtij teatri kukullash e shpenzova vet\u00ebm n\u00eb em\u00ebr t\u00eb dinjitetit t\u00eb rolit tim si drejtues i nj\u00eb klubi futbolli, ku racizmi dhe droga konsiderohen armiq t\u00eb njeriut dhe shoq\u00ebris\u00eb. credins bank arta dade ornela bregu credins bank arta dade ornela bregu credins bank arta dade ornela bregu credins bank arta dade ornela bregu\/TL<\/p>\n","protected":false},"excerpt":{"rendered":"<p>Kreu i Grupit Parlamentar t\u00eb PD, Gazment Bardhi ka b\u00ebr\u00eb akuza t\u00eb forta ndaj v\u00ebllait t\u00eb kryeministrit Rama, Olsi Rama, i cili sipas tij ka l\u00ebvizur me makin\u00ebn q\u00eb p\u00ebrdornin trafikant\u00ebt e grupit t\u00eb kokain\u00ebs n\u00eb Xibrak\u00eb, raporton Tirana Lajm. Grupi u shkat\u00ebrrua n\u00eb janar 2015 ku pati edhe t\u00eb arrestuar p\u00ebr shkak t\u00eb k\u00ebmb\u00ebnguljes [&hellip;]<\/p>\n","protected":false},"author":1,"featured_media":68,"comment_status":"open","ping_status":"open","sticky":false,"template":"","format":"standard","meta":{"footnotes":""},"categories":[4,5,3],"tags":[11,10,7,9,8,12],"class_list":["post-66","post","type-post","status-publish","format-standard","has-post-thumbnail","hentry","category-kryesore","category-ne-vemendje","category-rreth-vendit","tag-aksioneri","tag-credins-bank","tag-gazment-bardhi","tag-makina","tag-olsi-rama","tag-ornela-bregu"],"yoast_head":"<!-- This site is optimized with the Yoast SEO plugin v27.5 - https:\/\/yoast.com\/product\/yoast-seo-wordpress\/ -->\n<title>AKUZAT\/ Pronari i Credins Bank u dha makin\u00ebn n\u00eb p\u00ebrdorim trafikant\u00ebve, a ka hyr\u00eb paraja e drog\u00ebs n\u00eb sistemin bankar shqiptar ?!\u00a0 - Tirana Lajm<\/title>\n<meta name=\"description\" content=\"AKUZAT\/ Pronari i Credins Bank u dha makin\u00ebn n\u00eb p\u00ebrdorim trafikant\u00ebve, a ka hyr\u00eb paraja e drog\u00ebs n\u00eb sistemin bankar shqiptar ?!\u00a0\" \/>\n<meta name=\"robots\" content=\"index, follow, max-snippet:-1, max-image-preview:large, max-video-preview:-1\" \/>\n<link rel=\"canonical\" href=\"https:\/\/tiranalajm.com\/index.php\/2024\/03\/29\/akuzat-pronari-i-credins-bank-u-dha-makinen-ne-perdorim-trafikanteve-a-ka-hyre-paraja-e-droges-ne-sistemin-bankar-shqiptar\/\" \/>\n<meta property=\"og:locale\" content=\"en_US\" \/>\n<meta property=\"og:type\" content=\"article\" \/>\n<meta property=\"og:title\" content=\"AKUZAT\/ Pronari i Credins Bank u dha makin\u00ebn n\u00eb p\u00ebrdorim trafikant\u00ebve, a ka hyr\u00eb paraja e drog\u00ebs n\u00eb sistemin bankar shqiptar ?!\u00a0 - Tirana Lajm\" \/>\n<meta property=\"og:description\" content=\"AKUZAT\/ Pronari i Credins Bank u dha makin\u00ebn n\u00eb p\u00ebrdorim trafikant\u00ebve, a ka hyr\u00eb paraja e drog\u00ebs n\u00eb sistemin bankar shqiptar ?!\u00a0\" \/>\n<meta property=\"og:url\" content=\"https:\/\/tiranalajm.com\/index.php\/2024\/03\/29\/akuzat-pronari-i-credins-bank-u-dha-makinen-ne-perdorim-trafikanteve-a-ka-hyre-paraja-e-droges-ne-sistemin-bankar-shqiptar\/\" \/>\n<meta property=\"og:site_name\" content=\"Tirana Lajm\" \/>\n<meta property=\"article:published_time\" content=\"2024-03-29T11:50:13+00:00\" \/>\n<meta property=\"article:modified_time\" content=\"2024-04-23T20:20:41+00:00\" \/>\n<meta property=\"og:image\" content=\"http:\/\/tiranalajm.com\/wp-content\/uploads\/2024\/03\/xibraka-olsi-rama-ermal-hoxha-baka-credins-fotor-20240329124916.jpg\" \/>\n\t<meta property=\"og:image:width\" content=\"780\" \/>\n\t<meta property=\"og:image:height\" content=\"440\" \/>\n\t<meta property=\"og:image:type\" content=\"image\/jpeg\" \/>\n<meta name=\"author\" content=\"tiranalajm.com\" \/>\n<meta name=\"twitter:card\" content=\"summary_large_image\" \/>\n<meta name=\"twitter:label1\" content=\"Written by\" \/>\n\t<meta name=\"twitter:data1\" content=\"tiranalajm.com\" \/>\n\t<meta name=\"twitter:label2\" content=\"Est. reading time\" \/>\n\t<meta name=\"twitter:data2\" content=\"7 minutes\" \/>\n<script type=\"application\/ld+json\" class=\"yoast-schema-graph\">{\"@context\":\"https:\\\/\\\/schema.org\",\"@graph\":[{\"@type\":\"Article\",\"@id\":\"https:\\\/\\\/tiranalajm.com\\\/index.php\\\/2024\\\/03\\\/29\\\/akuzat-pronari-i-credins-bank-u-dha-makinen-ne-perdorim-trafikanteve-a-ka-hyre-paraja-e-droges-ne-sistemin-bankar-shqiptar\\\/#article\",\"isPartOf\":{\"@id\":\"https:\\\/\\\/tiranalajm.com\\\/index.php\\\/2024\\\/03\\\/29\\\/akuzat-pronari-i-credins-bank-u-dha-makinen-ne-perdorim-trafikanteve-a-ka-hyre-paraja-e-droges-ne-sistemin-bankar-shqiptar\\\/\"},\"author\":{\"name\":\"tiranalajm.com\",\"@id\":\"https:\\\/\\\/tiranalajm.com\\\/#\\\/schema\\\/person\\\/d62adf3f0d0ba38eb923c3c1f5152717\"},\"headline\":\"AKUZAT\\\/ Pronari i Credins Bank u dha makin\u00ebn n\u00eb p\u00ebrdorim trafikant\u00ebve, a ka hyr\u00eb paraja e drog\u00ebs n\u00eb sistemin bankar shqiptar ?!\u00a0\",\"datePublished\":\"2024-03-29T11:50:13+00:00\",\"dateModified\":\"2024-04-23T20:20:41+00:00\",\"mainEntityOfPage\":{\"@id\":\"https:\\\/\\\/tiranalajm.com\\\/index.php\\\/2024\\\/03\\\/29\\\/akuzat-pronari-i-credins-bank-u-dha-makinen-ne-perdorim-trafikanteve-a-ka-hyre-paraja-e-droges-ne-sistemin-bankar-shqiptar\\\/\"},\"wordCount\":1486,\"commentCount\":0,\"publisher\":{\"@id\":\"https:\\\/\\\/tiranalajm.com\\\/#organization\"},\"image\":{\"@id\":\"https:\\\/\\\/tiranalajm.com\\\/index.php\\\/2024\\\/03\\\/29\\\/akuzat-pronari-i-credins-bank-u-dha-makinen-ne-perdorim-trafikanteve-a-ka-hyre-paraja-e-droges-ne-sistemin-bankar-shqiptar\\\/#primaryimage\"},\"thumbnailUrl\":\"https:\\\/\\\/tiranalajm.com\\\/wp-content\\\/uploads\\\/2024\\\/03\\\/xibraka-olsi-rama-ermal-hoxha-baka-credins-fotor-20240329124916.jpg\",\"keywords\":[\"aksioneri\",\"credins bank\",\"gazment bardhi\",\"makina\",\"olsi rama\",\"ornela bregu\"],\"articleSection\":[\"Kryesore\",\"Ne vemendje\",\"Rreth vendit\"],\"inLanguage\":\"en-US\",\"potentialAction\":[{\"@type\":\"CommentAction\",\"name\":\"Comment\",\"target\":[\"https:\\\/\\\/tiranalajm.com\\\/index.php\\\/2024\\\/03\\\/29\\\/akuzat-pronari-i-credins-bank-u-dha-makinen-ne-perdorim-trafikanteve-a-ka-hyre-paraja-e-droges-ne-sistemin-bankar-shqiptar\\\/#respond\"]}]},{\"@type\":\"WebPage\",\"@id\":\"https:\\\/\\\/tiranalajm.com\\\/index.php\\\/2024\\\/03\\\/29\\\/akuzat-pronari-i-credins-bank-u-dha-makinen-ne-perdorim-trafikanteve-a-ka-hyre-paraja-e-droges-ne-sistemin-bankar-shqiptar\\\/\",\"url\":\"https:\\\/\\\/tiranalajm.com\\\/index.php\\\/2024\\\/03\\\/29\\\/akuzat-pronari-i-credins-bank-u-dha-makinen-ne-perdorim-trafikanteve-a-ka-hyre-paraja-e-droges-ne-sistemin-bankar-shqiptar\\\/\",\"name\":\"AKUZAT\\\/ Pronari i Credins Bank u dha makin\u00ebn n\u00eb p\u00ebrdorim trafikant\u00ebve, a ka hyr\u00eb paraja e drog\u00ebs n\u00eb sistemin bankar shqiptar ?!\u00a0 - Tirana Lajm\",\"isPartOf\":{\"@id\":\"https:\\\/\\\/tiranalajm.com\\\/#website\"},\"primaryImageOfPage\":{\"@id\":\"https:\\\/\\\/tiranalajm.com\\\/index.php\\\/2024\\\/03\\\/29\\\/akuzat-pronari-i-credins-bank-u-dha-makinen-ne-perdorim-trafikanteve-a-ka-hyre-paraja-e-droges-ne-sistemin-bankar-shqiptar\\\/#primaryimage\"},\"image\":{\"@id\":\"https:\\\/\\\/tiranalajm.com\\\/index.php\\\/2024\\\/03\\\/29\\\/akuzat-pronari-i-credins-bank-u-dha-makinen-ne-perdorim-trafikanteve-a-ka-hyre-paraja-e-droges-ne-sistemin-bankar-shqiptar\\\/#primaryimage\"},\"thumbnailUrl\":\"https:\\\/\\\/tiranalajm.com\\\/wp-content\\\/uploads\\\/2024\\\/03\\\/xibraka-olsi-rama-ermal-hoxha-baka-credins-fotor-20240329124916.jpg\",\"datePublished\":\"2024-03-29T11:50:13+00:00\",\"dateModified\":\"2024-04-23T20:20:41+00:00\",\"description\":\"AKUZAT\\\/ Pronari i Credins Bank u dha makin\u00ebn n\u00eb p\u00ebrdorim trafikant\u00ebve, a ka hyr\u00eb paraja e drog\u00ebs n\u00eb sistemin bankar shqiptar ?!\u00a0\",\"breadcrumb\":{\"@id\":\"https:\\\/\\\/tiranalajm.com\\\/index.php\\\/2024\\\/03\\\/29\\\/akuzat-pronari-i-credins-bank-u-dha-makinen-ne-perdorim-trafikanteve-a-ka-hyre-paraja-e-droges-ne-sistemin-bankar-shqiptar\\\/#breadcrumb\"},\"inLanguage\":\"en-US\",\"potentialAction\":[{\"@type\":\"ReadAction\",\"target\":[\"https:\\\/\\\/tiranalajm.com\\\/index.php\\\/2024\\\/03\\\/29\\\/akuzat-pronari-i-credins-bank-u-dha-makinen-ne-perdorim-trafikanteve-a-ka-hyre-paraja-e-droges-ne-sistemin-bankar-shqiptar\\\/\"]}]},{\"@type\":\"ImageObject\",\"inLanguage\":\"en-US\",\"@id\":\"https:\\\/\\\/tiranalajm.com\\\/index.php\\\/2024\\\/03\\\/29\\\/akuzat-pronari-i-credins-bank-u-dha-makinen-ne-perdorim-trafikanteve-a-ka-hyre-paraja-e-droges-ne-sistemin-bankar-shqiptar\\\/#primaryimage\",\"url\":\"https:\\\/\\\/tiranalajm.com\\\/wp-content\\\/uploads\\\/2024\\\/03\\\/xibraka-olsi-rama-ermal-hoxha-baka-credins-fotor-20240329124916.jpg\",\"contentUrl\":\"https:\\\/\\\/tiranalajm.com\\\/wp-content\\\/uploads\\\/2024\\\/03\\\/xibraka-olsi-rama-ermal-hoxha-baka-credins-fotor-20240329124916.jpg\",\"width\":780,\"height\":440},{\"@type\":\"BreadcrumbList\",\"@id\":\"https:\\\/\\\/tiranalajm.com\\\/index.php\\\/2024\\\/03\\\/29\\\/akuzat-pronari-i-credins-bank-u-dha-makinen-ne-perdorim-trafikanteve-a-ka-hyre-paraja-e-droges-ne-sistemin-bankar-shqiptar\\\/#breadcrumb\",\"itemListElement\":[{\"@type\":\"ListItem\",\"position\":1,\"name\":\"Home\",\"item\":\"https:\\\/\\\/tiranalajm.com\\\/\"},{\"@type\":\"ListItem\",\"position\":2,\"name\":\"AKUZAT\\\/ Pronari i Credins Bank u dha makin\u00ebn n\u00eb p\u00ebrdorim trafikant\u00ebve, a ka hyr\u00eb paraja e drog\u00ebs n\u00eb sistemin bankar shqiptar ?!\u00a0\"}]},{\"@type\":\"WebSite\",\"@id\":\"https:\\\/\\\/tiranalajm.com\\\/#website\",\"url\":\"https:\\\/\\\/tiranalajm.com\\\/\",\"name\":\"Tirana Lajm\",\"description\":\"Tirana Lajm\",\"publisher\":{\"@id\":\"https:\\\/\\\/tiranalajm.com\\\/#organization\"},\"potentialAction\":[{\"@type\":\"SearchAction\",\"target\":{\"@type\":\"EntryPoint\",\"urlTemplate\":\"https:\\\/\\\/tiranalajm.com\\\/?s={search_term_string}\"},\"query-input\":{\"@type\":\"PropertyValueSpecification\",\"valueRequired\":true,\"valueName\":\"search_term_string\"}}],\"inLanguage\":\"en-US\"},{\"@type\":\"Organization\",\"@id\":\"https:\\\/\\\/tiranalajm.com\\\/#organization\",\"name\":\"Tirana Lajm\",\"url\":\"https:\\\/\\\/tiranalajm.com\\\/\",\"logo\":{\"@type\":\"ImageObject\",\"inLanguage\":\"en-US\",\"@id\":\"https:\\\/\\\/tiranalajm.com\\\/#\\\/schema\\\/logo\\\/image\\\/\",\"url\":\"https:\\\/\\\/tiranalajm.com\\\/wp-content\\\/uploads\\\/2023\\\/08\\\/logo-tirana-lajm.jpg\",\"contentUrl\":\"https:\\\/\\\/tiranalajm.com\\\/wp-content\\\/uploads\\\/2023\\\/08\\\/logo-tirana-lajm.jpg\",\"width\":600,\"height\":360,\"caption\":\"Tirana Lajm\"},\"image\":{\"@id\":\"https:\\\/\\\/tiranalajm.com\\\/#\\\/schema\\\/logo\\\/image\\\/\"}},{\"@type\":\"Person\",\"@id\":\"https:\\\/\\\/tiranalajm.com\\\/#\\\/schema\\\/person\\\/d62adf3f0d0ba38eb923c3c1f5152717\",\"name\":\"tiranalajm.com\",\"image\":{\"@type\":\"ImageObject\",\"inLanguage\":\"en-US\",\"@id\":\"https:\\\/\\\/secure.gravatar.com\\\/avatar\\\/70082bb8d030bb6b79327cd6e282b497e1b999934e601ba07a020bca96c4dbee?s=96&d=mm&r=g\",\"url\":\"https:\\\/\\\/secure.gravatar.com\\\/avatar\\\/70082bb8d030bb6b79327cd6e282b497e1b999934e601ba07a020bca96c4dbee?s=96&d=mm&r=g\",\"contentUrl\":\"https:\\\/\\\/secure.gravatar.com\\\/avatar\\\/70082bb8d030bb6b79327cd6e282b497e1b999934e601ba07a020bca96c4dbee?s=96&d=mm&r=g\",\"caption\":\"tiranalajm.com\"},\"sameAs\":[\"http:\\\/\\\/tiranalajm.com\"],\"url\":\"https:\\\/\\\/tiranalajm.com\\\/index.php\\\/author\\\/tiranalajm-com\\\/\"}]}<\/script>\n<!-- \/ Yoast SEO plugin. -->","yoast_head_json":{"title":"AKUZAT\/ Pronari i Credins Bank u dha makin\u00ebn n\u00eb p\u00ebrdorim trafikant\u00ebve, a ka hyr\u00eb paraja e drog\u00ebs n\u00eb sistemin bankar shqiptar ?!\u00a0 - Tirana Lajm","description":"AKUZAT\/ Pronari i Credins Bank u dha makin\u00ebn n\u00eb p\u00ebrdorim trafikant\u00ebve, a ka hyr\u00eb paraja e drog\u00ebs n\u00eb sistemin bankar shqiptar ?!\u00a0","robots":{"index":"index","follow":"follow","max-snippet":"max-snippet:-1","max-image-preview":"max-image-preview:large","max-video-preview":"max-video-preview:-1"},"canonical":"https:\/\/tiranalajm.com\/index.php\/2024\/03\/29\/akuzat-pronari-i-credins-bank-u-dha-makinen-ne-perdorim-trafikanteve-a-ka-hyre-paraja-e-droges-ne-sistemin-bankar-shqiptar\/","og_locale":"en_US","og_type":"article","og_title":"AKUZAT\/ Pronari i Credins Bank u dha makin\u00ebn n\u00eb p\u00ebrdorim trafikant\u00ebve, a ka hyr\u00eb paraja e drog\u00ebs n\u00eb sistemin bankar shqiptar ?!\u00a0 - Tirana Lajm","og_description":"AKUZAT\/ Pronari i Credins Bank u dha makin\u00ebn n\u00eb p\u00ebrdorim trafikant\u00ebve, a ka hyr\u00eb paraja e drog\u00ebs n\u00eb sistemin bankar shqiptar ?!\u00a0","og_url":"https:\/\/tiranalajm.com\/index.php\/2024\/03\/29\/akuzat-pronari-i-credins-bank-u-dha-makinen-ne-perdorim-trafikanteve-a-ka-hyre-paraja-e-droges-ne-sistemin-bankar-shqiptar\/","og_site_name":"Tirana Lajm","article_published_time":"2024-03-29T11:50:13+00:00","article_modified_time":"2024-04-23T20:20:41+00:00","og_image":[{"width":780,"height":440,"url":"http:\/\/tiranalajm.com\/wp-content\/uploads\/2024\/03\/xibraka-olsi-rama-ermal-hoxha-baka-credins-fotor-20240329124916.jpg","type":"image\/jpeg"}],"author":"tiranalajm.com","twitter_card":"summary_large_image","twitter_misc":{"Written by":"tiranalajm.com","Est. reading time":"7 minutes"},"schema":{"@context":"https:\/\/schema.org","@graph":[{"@type":"Article","@id":"https:\/\/tiranalajm.com\/index.php\/2024\/03\/29\/akuzat-pronari-i-credins-bank-u-dha-makinen-ne-perdorim-trafikanteve-a-ka-hyre-paraja-e-droges-ne-sistemin-bankar-shqiptar\/#article","isPartOf":{"@id":"https:\/\/tiranalajm.com\/index.php\/2024\/03\/29\/akuzat-pronari-i-credins-bank-u-dha-makinen-ne-perdorim-trafikanteve-a-ka-hyre-paraja-e-droges-ne-sistemin-bankar-shqiptar\/"},"author":{"name":"tiranalajm.com","@id":"https:\/\/tiranalajm.com\/#\/schema\/person\/d62adf3f0d0ba38eb923c3c1f5152717"},"headline":"AKUZAT\/ Pronari i Credins Bank u dha makin\u00ebn n\u00eb p\u00ebrdorim trafikant\u00ebve, a ka hyr\u00eb paraja e drog\u00ebs n\u00eb sistemin bankar shqiptar ?!\u00a0","datePublished":"2024-03-29T11:50:13+00:00","dateModified":"2024-04-23T20:20:41+00:00","mainEntityOfPage":{"@id":"https:\/\/tiranalajm.com\/index.php\/2024\/03\/29\/akuzat-pronari-i-credins-bank-u-dha-makinen-ne-perdorim-trafikanteve-a-ka-hyre-paraja-e-droges-ne-sistemin-bankar-shqiptar\/"},"wordCount":1486,"commentCount":0,"publisher":{"@id":"https:\/\/tiranalajm.com\/#organization"},"image":{"@id":"https:\/\/tiranalajm.com\/index.php\/2024\/03\/29\/akuzat-pronari-i-credins-bank-u-dha-makinen-ne-perdorim-trafikanteve-a-ka-hyre-paraja-e-droges-ne-sistemin-bankar-shqiptar\/#primaryimage"},"thumbnailUrl":"https:\/\/tiranalajm.com\/wp-content\/uploads\/2024\/03\/xibraka-olsi-rama-ermal-hoxha-baka-credins-fotor-20240329124916.jpg","keywords":["aksioneri","credins bank","gazment bardhi","makina","olsi rama","ornela bregu"],"articleSection":["Kryesore","Ne vemendje","Rreth vendit"],"inLanguage":"en-US","potentialAction":[{"@type":"CommentAction","name":"Comment","target":["https:\/\/tiranalajm.com\/index.php\/2024\/03\/29\/akuzat-pronari-i-credins-bank-u-dha-makinen-ne-perdorim-trafikanteve-a-ka-hyre-paraja-e-droges-ne-sistemin-bankar-shqiptar\/#respond"]}]},{"@type":"WebPage","@id":"https:\/\/tiranalajm.com\/index.php\/2024\/03\/29\/akuzat-pronari-i-credins-bank-u-dha-makinen-ne-perdorim-trafikanteve-a-ka-hyre-paraja-e-droges-ne-sistemin-bankar-shqiptar\/","url":"https:\/\/tiranalajm.com\/index.php\/2024\/03\/29\/akuzat-pronari-i-credins-bank-u-dha-makinen-ne-perdorim-trafikanteve-a-ka-hyre-paraja-e-droges-ne-sistemin-bankar-shqiptar\/","name":"AKUZAT\/ Pronari i Credins Bank u dha makin\u00ebn n\u00eb p\u00ebrdorim trafikant\u00ebve, a ka hyr\u00eb paraja e drog\u00ebs n\u00eb sistemin bankar shqiptar ?!\u00a0 - Tirana Lajm","isPartOf":{"@id":"https:\/\/tiranalajm.com\/#website"},"primaryImageOfPage":{"@id":"https:\/\/tiranalajm.com\/index.php\/2024\/03\/29\/akuzat-pronari-i-credins-bank-u-dha-makinen-ne-perdorim-trafikanteve-a-ka-hyre-paraja-e-droges-ne-sistemin-bankar-shqiptar\/#primaryimage"},"image":{"@id":"https:\/\/tiranalajm.com\/index.php\/2024\/03\/29\/akuzat-pronari-i-credins-bank-u-dha-makinen-ne-perdorim-trafikanteve-a-ka-hyre-paraja-e-droges-ne-sistemin-bankar-shqiptar\/#primaryimage"},"thumbnailUrl":"https:\/\/tiranalajm.com\/wp-content\/uploads\/2024\/03\/xibraka-olsi-rama-ermal-hoxha-baka-credins-fotor-20240329124916.jpg","datePublished":"2024-03-29T11:50:13+00:00","dateModified":"2024-04-23T20:20:41+00:00","description":"AKUZAT\/ Pronari i Credins Bank u dha makin\u00ebn n\u00eb p\u00ebrdorim trafikant\u00ebve, a ka hyr\u00eb paraja e drog\u00ebs n\u00eb sistemin bankar shqiptar ?!\u00a0","breadcrumb":{"@id":"https:\/\/tiranalajm.com\/index.php\/2024\/03\/29\/akuzat-pronari-i-credins-bank-u-dha-makinen-ne-perdorim-trafikanteve-a-ka-hyre-paraja-e-droges-ne-sistemin-bankar-shqiptar\/#breadcrumb"},"inLanguage":"en-US","potentialAction":[{"@type":"ReadAction","target":["https:\/\/tiranalajm.com\/index.php\/2024\/03\/29\/akuzat-pronari-i-credins-bank-u-dha-makinen-ne-perdorim-trafikanteve-a-ka-hyre-paraja-e-droges-ne-sistemin-bankar-shqiptar\/"]}]},{"@type":"ImageObject","inLanguage":"en-US","@id":"https:\/\/tiranalajm.com\/index.php\/2024\/03\/29\/akuzat-pronari-i-credins-bank-u-dha-makinen-ne-perdorim-trafikanteve-a-ka-hyre-paraja-e-droges-ne-sistemin-bankar-shqiptar\/#primaryimage","url":"https:\/\/tiranalajm.com\/wp-content\/uploads\/2024\/03\/xibraka-olsi-rama-ermal-hoxha-baka-credins-fotor-20240329124916.jpg","contentUrl":"https:\/\/tiranalajm.com\/wp-content\/uploads\/2024\/03\/xibraka-olsi-rama-ermal-hoxha-baka-credins-fotor-20240329124916.jpg","width":780,"height":440},{"@type":"BreadcrumbList","@id":"https:\/\/tiranalajm.com\/index.php\/2024\/03\/29\/akuzat-pronari-i-credins-bank-u-dha-makinen-ne-perdorim-trafikanteve-a-ka-hyre-paraja-e-droges-ne-sistemin-bankar-shqiptar\/#breadcrumb","itemListElement":[{"@type":"ListItem","position":1,"name":"Home","item":"https:\/\/tiranalajm.com\/"},{"@type":"ListItem","position":2,"name":"AKUZAT\/ Pronari i Credins Bank u dha makin\u00ebn n\u00eb p\u00ebrdorim trafikant\u00ebve, a ka hyr\u00eb paraja e drog\u00ebs n\u00eb sistemin bankar shqiptar ?!\u00a0"}]},{"@type":"WebSite","@id":"https:\/\/tiranalajm.com\/#website","url":"https:\/\/tiranalajm.com\/","name":"Tirana Lajm","description":"Tirana Lajm","publisher":{"@id":"https:\/\/tiranalajm.com\/#organization"},"potentialAction":[{"@type":"SearchAction","target":{"@type":"EntryPoint","urlTemplate":"https:\/\/tiranalajm.com\/?s={search_term_string}"},"query-input":{"@type":"PropertyValueSpecification","valueRequired":true,"valueName":"search_term_string"}}],"inLanguage":"en-US"},{"@type":"Organization","@id":"https:\/\/tiranalajm.com\/#organization","name":"Tirana Lajm","url":"https:\/\/tiranalajm.com\/","logo":{"@type":"ImageObject","inLanguage":"en-US","@id":"https:\/\/tiranalajm.com\/#\/schema\/logo\/image\/","url":"https:\/\/tiranalajm.com\/wp-content\/uploads\/2023\/08\/logo-tirana-lajm.jpg","contentUrl":"https:\/\/tiranalajm.com\/wp-content\/uploads\/2023\/08\/logo-tirana-lajm.jpg","width":600,"height":360,"caption":"Tirana Lajm"},"image":{"@id":"https:\/\/tiranalajm.com\/#\/schema\/logo\/image\/"}},{"@type":"Person","@id":"https:\/\/tiranalajm.com\/#\/schema\/person\/d62adf3f0d0ba38eb923c3c1f5152717","name":"tiranalajm.com","image":{"@type":"ImageObject","inLanguage":"en-US","@id":"https:\/\/secure.gravatar.com\/avatar\/70082bb8d030bb6b79327cd6e282b497e1b999934e601ba07a020bca96c4dbee?s=96&d=mm&r=g","url":"https:\/\/secure.gravatar.com\/avatar\/70082bb8d030bb6b79327cd6e282b497e1b999934e601ba07a020bca96c4dbee?s=96&d=mm&r=g","contentUrl":"https:\/\/secure.gravatar.com\/avatar\/70082bb8d030bb6b79327cd6e282b497e1b999934e601ba07a020bca96c4dbee?s=96&d=mm&r=g","caption":"tiranalajm.com"},"sameAs":["http:\/\/tiranalajm.com"],"url":"https:\/\/tiranalajm.com\/index.php\/author\/tiranalajm-com\/"}]}},"_links":{"self":[{"href":"https:\/\/tiranalajm.com\/index.php\/wp-json\/wp\/v2\/posts\/66","targetHints":{"allow":["GET"]}}],"collection":[{"href":"https:\/\/tiranalajm.com\/index.php\/wp-json\/wp\/v2\/posts"}],"about":[{"href":"https:\/\/tiranalajm.com\/index.php\/wp-json\/wp\/v2\/types\/post"}],"author":[{"embeddable":true,"href":"https:\/\/tiranalajm.com\/index.php\/wp-json\/wp\/v2\/users\/1"}],"replies":[{"embeddable":true,"href":"https:\/\/tiranalajm.com\/index.php\/wp-json\/wp\/v2\/comments?post=66"}],"version-history":[{"count":3,"href":"https:\/\/tiranalajm.com\/index.php\/wp-json\/wp\/v2\/posts\/66\/revisions"}],"predecessor-version":[{"id":84,"href":"https:\/\/tiranalajm.com\/index.php\/wp-json\/wp\/v2\/posts\/66\/revisions\/84"}],"wp:featuredmedia":[{"embeddable":true,"href":"https:\/\/tiranalajm.com\/index.php\/wp-json\/wp\/v2\/media\/68"}],"wp:attachment":[{"href":"https:\/\/tiranalajm.com\/index.php\/wp-json\/wp\/v2\/media?parent=66"}],"wp:term":[{"taxonomy":"category","embeddable":true,"href":"https:\/\/tiranalajm.com\/index.php\/wp-json\/wp\/v2\/categories?post=66"},{"taxonomy":"post_tag","embeddable":true,"href":"https:\/\/tiranalajm.com\/index.php\/wp-json\/wp\/v2\/tags?post=66"}],"curies":[{"name":"wp","href":"https:\/\/api.w.org\/{rel}","templated":true}]}}