{"id":7,"date":"2023-08-25T15:53:02","date_gmt":"2023-08-25T14:53:02","guid":{"rendered":"https:\/\/tiranalajm.com\/?p=7"},"modified":"2023-08-25T15:53:03","modified_gmt":"2023-08-25T14:53:03","slug":"kremlini-putin-se-shpejti-do-te-takohet-me-erdogan","status":"publish","type":"post","link":"https:\/\/tiranalajm.com\/index.php\/2023\/08\/25\/kremlini-putin-se-shpejti-do-te-takohet-me-erdogan\/","title":{"rendered":"Kremlini: Putin s\u00eb shpejti do t\u00eb takohet me Erdogan"},"content":{"rendered":"\n<p>Presidenti rus Vladimir Putin pritet t\u00eb takohet s\u00eb shpejti me presidentin turk Tajip Erdogan, tha sot Kremlini.<\/p>\n\n\n\n<p>I pyetur n\u00eb lidhje me ftes\u00ebn e Erdoganit drejtuar Putinit p\u00ebr t\u00eb vizituar Turqin\u00eb p\u00ebr t\u00eb diskutuar marr\u00ebveshjen e grurit t\u00eb Detit t\u00eb Zi dhe \u00e7\u00ebshtje t\u00eb tjera, z\u00ebdh\u00ebn\u00ebsi i Kremlinit Dmitry Peskov tha se \u201cky takim do t\u00eb zhvillohet s\u00eb shpejti\u201d.<\/p>\n\n\n\n<p>\u201cNe zakonisht i shqyrtojm\u00eb njoftimet e k\u00ebtyre vizitave me vendet tona partnere. S\u00eb shpejti do t\u00eb njoftojm\u00eb se kur dhe ku do t\u00eb zhvillohet. Takimi \u00ebsht\u00eb duke u p\u00ebrgatitur, dhe po p\u00ebrgatitet me detaje\u201d, tha ai.<\/p>\n\n\n\n<p>Marr\u00ebveshja e nd\u00ebrmjet\u00ebsuar nga Turqia dhe Kombet e Bashkuara n\u00eb korrik 2022 p\u00ebr t\u00eb ndihmuar n\u00eb leht\u00ebsimin e nj\u00eb krize globale ushqimore lejoi q\u00eb ngarkesat e grurit ukrainas t\u00eb eksportoheshin nga portet ukrainase n\u00eb Detin e Zi.<\/p>\n\n\n\n<p>Por Moska u t\u00ebrhoq nga marr\u00ebveshja muajin e kaluar, duke th\u00ebn\u00eb se nj\u00eb marr\u00ebveshje shoq\u00ebruese p\u00ebr t\u00eb leht\u00ebsuar eksportin e grurit dhe plehrave ruse nuk ishte zbatuar.<\/p>\n\n\n\n<p>M\u00eb her\u00ebt, agjencia shtet\u00ebrore ruse e lajmeve RIA raportoi se ministri i Jasht\u00ebm turk Hakan Fidan do t\u00eb vizitoj\u00eb Rusin\u00eb, pa dh\u00ebn\u00eb detaje.<\/p>\n\n\n\n<p>Putin i tha Erdoganit n\u00eb nj\u00eb telefonat\u00eb m\u00eb 2 gusht se Moska \u00ebsht\u00eb gati t\u00eb kthehet n\u00eb marr\u00ebveshjen e drith\u00ebrave t\u00eb Detit t\u00eb Zi pasi Per\u00ebndimi t\u00eb p\u00ebrmbush\u00eb detyrimet e tij p\u00ebr eksportet ruse.<\/p>\n\n\n\n<p>Eksportet ruse t\u00eb grurit dhe plehrave nuk i n\u00ebnshtrohen sanksioneve per\u00ebndimore t\u00eb vendosura ndaj Mosk\u00ebs p\u00ebr veprimet e saj ushtarake n\u00eb Ukrain\u00eb. Por Moska ka th\u00ebn\u00eb se kufizimet mbi pagesat, administrimin dhe sigurimet po shkaktojn\u00eb pengesa.<\/p>\n\n\n\n<p>\u00c7mimet e grurit n\u00eb tregjet nd\u00ebrkomb\u00ebtare jan\u00eb rritur q\u00eb kur Moska nuk rinovoi marr\u00ebveshjen m\u00eb 17 korrik, dhe Rusia ka sulmuar vazhdimisht portet e Ukrain\u00ebs dhe objektet e magazinimit t\u00eb grurit.<\/p>\n\n\n\n<p>Ukraina dhe Rusia kryesojn\u00eb eksportet e grurit. T\u00eb pakt\u00ebn 33 milion\u00eb ton\u00eb drith\u00eb ukrainase u eksportuan nd\u00ebrsa marr\u00ebveshja e Detit t\u00eb Zi ishte n\u00eb veprim.<\/p>\n\n\n\n<p>Kremlini tha gjithashtu sot se Vladimir Putin nuk planifikon t\u00eb marr\u00eb pjes\u00eb n\u00eb samitin e Grupit 20 (G20) n\u00eb Indi n\u00eb shtator.<\/p>\n\n\n\n<p>Gjykata Nd\u00ebrkomb\u00ebtare Penaleka l\u00ebshuar nj\u00eb urdh\u00ebr arresti p\u00ebr Putinin duke e akuzuar at\u00eb p\u00ebr krime lufte n\u00eb Ukrain\u00eb, t\u00eb cil\u00ebn Kremlini e mohon. Kjo do t\u00eb thot\u00eb se presidenti rus rrezikon t\u00eb arrestohet gjat\u00eb udh\u00ebtimit jasht\u00eb vendit.<\/p>\n\n\n\n<p>K\u00ebt\u00eb jav\u00eb ai mori pjes\u00eb n\u00eb nj\u00eb mbledhje t\u00eb udh\u00ebheq\u00ebsve t\u00eb grupit BRICS t\u00eb ekonomive n\u00eb zhvillim n\u00eb Afrik\u00ebn e Jugut n\u00ebp\u00ebrmjet videokonferenc\u00ebs dhe jo personalisht.<\/p>\n","protected":false},"excerpt":{"rendered":"<p>Presidenti rus Vladimir Putin pritet t\u00eb takohet s\u00eb shpejti me presidentin turk Tajip Erdogan, tha sot Kremlini. I pyetur n\u00eb lidhje me ftes\u00ebn e Erdoganit drejtuar Putinit p\u00ebr t\u00eb vizituar Turqin\u00eb p\u00ebr t\u00eb diskutuar marr\u00ebveshjen e grurit t\u00eb Detit t\u00eb Zi dhe \u00e7\u00ebshtje t\u00eb tjera, z\u00ebdh\u00ebn\u00ebsi i Kremlinit Dmitry Peskov tha se \u201cky takim do [&hellip;]<\/p>\n","protected":false},"author":1,"featured_media":8,"comment_status":"open","ping_status":"open","sticky":false,"template":"","format":"standard","meta":{"footnotes":""},"categories":[4,5,2,3],"tags":[],"class_list":["post-7","post","type-post","status-publish","format-standard","has-post-thumbnail","hentry","category-kryesore","category-ne-vemendje","category-rreth-botes","category-rreth-vendit"],"yoast_head":"<!-- This site is optimized with the Yoast SEO plugin v27.4 - https:\/\/yoast.com\/product\/yoast-seo-wordpress\/ -->\n<title>Kremlini: Putin s\u00eb shpejti do t\u00eb takohet me Erdogan - Tirana Lajm<\/title>\n<meta name=\"robots\" content=\"index, follow, max-snippet:-1, max-image-preview:large, max-video-preview:-1\" \/>\n<link rel=\"canonical\" href=\"https:\/\/tiranalajm.com\/index.php\/2023\/08\/25\/kremlini-putin-se-shpejti-do-te-takohet-me-erdogan\/\" \/>\n<meta property=\"og:locale\" content=\"en_US\" \/>\n<meta property=\"og:type\" content=\"article\" \/>\n<meta property=\"og:title\" content=\"Kremlini: Putin s\u00eb shpejti do t\u00eb takohet me Erdogan - Tirana Lajm\" \/>\n<meta property=\"og:description\" content=\"Presidenti rus Vladimir Putin pritet t\u00eb takohet s\u00eb shpejti me presidentin turk Tajip Erdogan, tha sot Kremlini. I pyetur n\u00eb lidhje me ftes\u00ebn e Erdoganit drejtuar Putinit p\u00ebr t\u00eb vizituar Turqin\u00eb p\u00ebr t\u00eb diskutuar marr\u00ebveshjen e grurit t\u00eb Detit t\u00eb Zi dhe \u00e7\u00ebshtje t\u00eb tjera, z\u00ebdh\u00ebn\u00ebsi i Kremlinit Dmitry Peskov tha se \u201cky takim do [&hellip;]\" \/>\n<meta property=\"og:url\" content=\"https:\/\/tiranalajm.com\/index.php\/2023\/08\/25\/kremlini-putin-se-shpejti-do-te-takohet-me-erdogan\/\" \/>\n<meta property=\"og:site_name\" content=\"Tirana Lajm\" \/>\n<meta property=\"article:published_time\" content=\"2023-08-25T14:53:02+00:00\" \/>\n<meta property=\"article:modified_time\" content=\"2023-08-25T14:53:03+00:00\" \/>\n<meta property=\"og:image\" content=\"http:\/\/tiranalajm.com\/wp-content\/uploads\/2023\/08\/640-0-82b0074060d7d700c991a2b1c2fe5fc3.webp\" \/>\n\t<meta property=\"og:image:width\" content=\"640\" \/>\n\t<meta property=\"og:image:height\" content=\"359\" \/>\n\t<meta property=\"og:image:type\" content=\"image\/webp\" \/>\n<meta name=\"author\" content=\"tiranalajm.com\" \/>\n<meta name=\"twitter:card\" content=\"summary_large_image\" \/>\n<meta name=\"twitter:label1\" content=\"Written by\" \/>\n\t<meta name=\"twitter:data1\" content=\"tiranalajm.com\" \/>\n\t<meta name=\"twitter:label2\" content=\"Est. reading time\" \/>\n\t<meta name=\"twitter:data2\" content=\"2 minutes\" \/>\n<script type=\"application\/ld+json\" class=\"yoast-schema-graph\">{\"@context\":\"https:\\\/\\\/schema.org\",\"@graph\":[{\"@type\":\"Article\",\"@id\":\"https:\\\/\\\/tiranalajm.com\\\/index.php\\\/2023\\\/08\\\/25\\\/kremlini-putin-se-shpejti-do-te-takohet-me-erdogan\\\/#article\",\"isPartOf\":{\"@id\":\"https:\\\/\\\/tiranalajm.com\\\/index.php\\\/2023\\\/08\\\/25\\\/kremlini-putin-se-shpejti-do-te-takohet-me-erdogan\\\/\"},\"author\":{\"name\":\"tiranalajm.com\",\"@id\":\"https:\\\/\\\/tiranalajm.com\\\/#\\\/schema\\\/person\\\/d62adf3f0d0ba38eb923c3c1f5152717\"},\"headline\":\"Kremlini: Putin s\u00eb shpejti do t\u00eb takohet me Erdogan\",\"datePublished\":\"2023-08-25T14:53:02+00:00\",\"dateModified\":\"2023-08-25T14:53:03+00:00\",\"mainEntityOfPage\":{\"@id\":\"https:\\\/\\\/tiranalajm.com\\\/index.php\\\/2023\\\/08\\\/25\\\/kremlini-putin-se-shpejti-do-te-takohet-me-erdogan\\\/\"},\"wordCount\":455,\"commentCount\":0,\"publisher\":{\"@id\":\"https:\\\/\\\/tiranalajm.com\\\/#organization\"},\"image\":{\"@id\":\"https:\\\/\\\/tiranalajm.com\\\/index.php\\\/2023\\\/08\\\/25\\\/kremlini-putin-se-shpejti-do-te-takohet-me-erdogan\\\/#primaryimage\"},\"thumbnailUrl\":\"https:\\\/\\\/tiranalajm.com\\\/wp-content\\\/uploads\\\/2023\\\/08\\\/640-0-82b0074060d7d700c991a2b1c2fe5fc3.webp\",\"articleSection\":[\"Kryesore\",\"Ne vemendje\",\"Rreth botes\",\"Rreth vendit\"],\"inLanguage\":\"en-US\",\"potentialAction\":[{\"@type\":\"CommentAction\",\"name\":\"Comment\",\"target\":[\"https:\\\/\\\/tiranalajm.com\\\/index.php\\\/2023\\\/08\\\/25\\\/kremlini-putin-se-shpejti-do-te-takohet-me-erdogan\\\/#respond\"]}]},{\"@type\":\"WebPage\",\"@id\":\"https:\\\/\\\/tiranalajm.com\\\/index.php\\\/2023\\\/08\\\/25\\\/kremlini-putin-se-shpejti-do-te-takohet-me-erdogan\\\/\",\"url\":\"https:\\\/\\\/tiranalajm.com\\\/index.php\\\/2023\\\/08\\\/25\\\/kremlini-putin-se-shpejti-do-te-takohet-me-erdogan\\\/\",\"name\":\"Kremlini: Putin s\u00eb shpejti do t\u00eb takohet me Erdogan - Tirana Lajm\",\"isPartOf\":{\"@id\":\"https:\\\/\\\/tiranalajm.com\\\/#website\"},\"primaryImageOfPage\":{\"@id\":\"https:\\\/\\\/tiranalajm.com\\\/index.php\\\/2023\\\/08\\\/25\\\/kremlini-putin-se-shpejti-do-te-takohet-me-erdogan\\\/#primaryimage\"},\"image\":{\"@id\":\"https:\\\/\\\/tiranalajm.com\\\/index.php\\\/2023\\\/08\\\/25\\\/kremlini-putin-se-shpejti-do-te-takohet-me-erdogan\\\/#primaryimage\"},\"thumbnailUrl\":\"https:\\\/\\\/tiranalajm.com\\\/wp-content\\\/uploads\\\/2023\\\/08\\\/640-0-82b0074060d7d700c991a2b1c2fe5fc3.webp\",\"datePublished\":\"2023-08-25T14:53:02+00:00\",\"dateModified\":\"2023-08-25T14:53:03+00:00\",\"breadcrumb\":{\"@id\":\"https:\\\/\\\/tiranalajm.com\\\/index.php\\\/2023\\\/08\\\/25\\\/kremlini-putin-se-shpejti-do-te-takohet-me-erdogan\\\/#breadcrumb\"},\"inLanguage\":\"en-US\",\"potentialAction\":[{\"@type\":\"ReadAction\",\"target\":[\"https:\\\/\\\/tiranalajm.com\\\/index.php\\\/2023\\\/08\\\/25\\\/kremlini-putin-se-shpejti-do-te-takohet-me-erdogan\\\/\"]}]},{\"@type\":\"ImageObject\",\"inLanguage\":\"en-US\",\"@id\":\"https:\\\/\\\/tiranalajm.com\\\/index.php\\\/2023\\\/08\\\/25\\\/kremlini-putin-se-shpejti-do-te-takohet-me-erdogan\\\/#primaryimage\",\"url\":\"https:\\\/\\\/tiranalajm.com\\\/wp-content\\\/uploads\\\/2023\\\/08\\\/640-0-82b0074060d7d700c991a2b1c2fe5fc3.webp\",\"contentUrl\":\"https:\\\/\\\/tiranalajm.com\\\/wp-content\\\/uploads\\\/2023\\\/08\\\/640-0-82b0074060d7d700c991a2b1c2fe5fc3.webp\",\"width\":640,\"height\":359},{\"@type\":\"BreadcrumbList\",\"@id\":\"https:\\\/\\\/tiranalajm.com\\\/index.php\\\/2023\\\/08\\\/25\\\/kremlini-putin-se-shpejti-do-te-takohet-me-erdogan\\\/#breadcrumb\",\"itemListElement\":[{\"@type\":\"ListItem\",\"position\":1,\"name\":\"Home\",\"item\":\"https:\\\/\\\/tiranalajm.com\\\/\"},{\"@type\":\"ListItem\",\"position\":2,\"name\":\"Kremlini: Putin s\u00eb shpejti do t\u00eb takohet me Erdogan\"}]},{\"@type\":\"WebSite\",\"@id\":\"https:\\\/\\\/tiranalajm.com\\\/#website\",\"url\":\"https:\\\/\\\/tiranalajm.com\\\/\",\"name\":\"Tirana Lajm\",\"description\":\"Tirana Lajm\",\"publisher\":{\"@id\":\"https:\\\/\\\/tiranalajm.com\\\/#organization\"},\"potentialAction\":[{\"@type\":\"SearchAction\",\"target\":{\"@type\":\"EntryPoint\",\"urlTemplate\":\"https:\\\/\\\/tiranalajm.com\\\/?s={search_term_string}\"},\"query-input\":{\"@type\":\"PropertyValueSpecification\",\"valueRequired\":true,\"valueName\":\"search_term_string\"}}],\"inLanguage\":\"en-US\"},{\"@type\":\"Organization\",\"@id\":\"https:\\\/\\\/tiranalajm.com\\\/#organization\",\"name\":\"Tirana Lajm\",\"url\":\"https:\\\/\\\/tiranalajm.com\\\/\",\"logo\":{\"@type\":\"ImageObject\",\"inLanguage\":\"en-US\",\"@id\":\"https:\\\/\\\/tiranalajm.com\\\/#\\\/schema\\\/logo\\\/image\\\/\",\"url\":\"https:\\\/\\\/tiranalajm.com\\\/wp-content\\\/uploads\\\/2023\\\/08\\\/logo-tirana-lajm.jpg\",\"contentUrl\":\"https:\\\/\\\/tiranalajm.com\\\/wp-content\\\/uploads\\\/2023\\\/08\\\/logo-tirana-lajm.jpg\",\"width\":600,\"height\":360,\"caption\":\"Tirana Lajm\"},\"image\":{\"@id\":\"https:\\\/\\\/tiranalajm.com\\\/#\\\/schema\\\/logo\\\/image\\\/\"}},{\"@type\":\"Person\",\"@id\":\"https:\\\/\\\/tiranalajm.com\\\/#\\\/schema\\\/person\\\/d62adf3f0d0ba38eb923c3c1f5152717\",\"name\":\"tiranalajm.com\",\"image\":{\"@type\":\"ImageObject\",\"inLanguage\":\"en-US\",\"@id\":\"https:\\\/\\\/secure.gravatar.com\\\/avatar\\\/70082bb8d030bb6b79327cd6e282b497e1b999934e601ba07a020bca96c4dbee?s=96&d=mm&r=g\",\"url\":\"https:\\\/\\\/secure.gravatar.com\\\/avatar\\\/70082bb8d030bb6b79327cd6e282b497e1b999934e601ba07a020bca96c4dbee?s=96&d=mm&r=g\",\"contentUrl\":\"https:\\\/\\\/secure.gravatar.com\\\/avatar\\\/70082bb8d030bb6b79327cd6e282b497e1b999934e601ba07a020bca96c4dbee?s=96&d=mm&r=g\",\"caption\":\"tiranalajm.com\"},\"sameAs\":[\"http:\\\/\\\/tiranalajm.com\"],\"url\":\"https:\\\/\\\/tiranalajm.com\\\/index.php\\\/author\\\/tiranalajm-com\\\/\"}]}<\/script>\n<!-- \/ Yoast SEO plugin. -->","yoast_head_json":{"title":"Kremlini: Putin s\u00eb shpejti do t\u00eb takohet me Erdogan - Tirana Lajm","robots":{"index":"index","follow":"follow","max-snippet":"max-snippet:-1","max-image-preview":"max-image-preview:large","max-video-preview":"max-video-preview:-1"},"canonical":"https:\/\/tiranalajm.com\/index.php\/2023\/08\/25\/kremlini-putin-se-shpejti-do-te-takohet-me-erdogan\/","og_locale":"en_US","og_type":"article","og_title":"Kremlini: Putin s\u00eb shpejti do t\u00eb takohet me Erdogan - Tirana Lajm","og_description":"Presidenti rus Vladimir Putin pritet t\u00eb takohet s\u00eb shpejti me presidentin turk Tajip Erdogan, tha sot Kremlini. I pyetur n\u00eb lidhje me ftes\u00ebn e Erdoganit drejtuar Putinit p\u00ebr t\u00eb vizituar Turqin\u00eb p\u00ebr t\u00eb diskutuar marr\u00ebveshjen e grurit t\u00eb Detit t\u00eb Zi dhe \u00e7\u00ebshtje t\u00eb tjera, z\u00ebdh\u00ebn\u00ebsi i Kremlinit Dmitry Peskov tha se \u201cky takim do [&hellip;]","og_url":"https:\/\/tiranalajm.com\/index.php\/2023\/08\/25\/kremlini-putin-se-shpejti-do-te-takohet-me-erdogan\/","og_site_name":"Tirana Lajm","article_published_time":"2023-08-25T14:53:02+00:00","article_modified_time":"2023-08-25T14:53:03+00:00","og_image":[{"width":640,"height":359,"url":"http:\/\/tiranalajm.com\/wp-content\/uploads\/2023\/08\/640-0-82b0074060d7d700c991a2b1c2fe5fc3.webp","type":"image\/webp"}],"author":"tiranalajm.com","twitter_card":"summary_large_image","twitter_misc":{"Written by":"tiranalajm.com","Est. reading time":"2 minutes"},"schema":{"@context":"https:\/\/schema.org","@graph":[{"@type":"Article","@id":"https:\/\/tiranalajm.com\/index.php\/2023\/08\/25\/kremlini-putin-se-shpejti-do-te-takohet-me-erdogan\/#article","isPartOf":{"@id":"https:\/\/tiranalajm.com\/index.php\/2023\/08\/25\/kremlini-putin-se-shpejti-do-te-takohet-me-erdogan\/"},"author":{"name":"tiranalajm.com","@id":"https:\/\/tiranalajm.com\/#\/schema\/person\/d62adf3f0d0ba38eb923c3c1f5152717"},"headline":"Kremlini: Putin s\u00eb shpejti do t\u00eb takohet me Erdogan","datePublished":"2023-08-25T14:53:02+00:00","dateModified":"2023-08-25T14:53:03+00:00","mainEntityOfPage":{"@id":"https:\/\/tiranalajm.com\/index.php\/2023\/08\/25\/kremlini-putin-se-shpejti-do-te-takohet-me-erdogan\/"},"wordCount":455,"commentCount":0,"publisher":{"@id":"https:\/\/tiranalajm.com\/#organization"},"image":{"@id":"https:\/\/tiranalajm.com\/index.php\/2023\/08\/25\/kremlini-putin-se-shpejti-do-te-takohet-me-erdogan\/#primaryimage"},"thumbnailUrl":"https:\/\/tiranalajm.com\/wp-content\/uploads\/2023\/08\/640-0-82b0074060d7d700c991a2b1c2fe5fc3.webp","articleSection":["Kryesore","Ne vemendje","Rreth botes","Rreth vendit"],"inLanguage":"en-US","potentialAction":[{"@type":"CommentAction","name":"Comment","target":["https:\/\/tiranalajm.com\/index.php\/2023\/08\/25\/kremlini-putin-se-shpejti-do-te-takohet-me-erdogan\/#respond"]}]},{"@type":"WebPage","@id":"https:\/\/tiranalajm.com\/index.php\/2023\/08\/25\/kremlini-putin-se-shpejti-do-te-takohet-me-erdogan\/","url":"https:\/\/tiranalajm.com\/index.php\/2023\/08\/25\/kremlini-putin-se-shpejti-do-te-takohet-me-erdogan\/","name":"Kremlini: Putin s\u00eb shpejti do t\u00eb takohet me Erdogan - Tirana Lajm","isPartOf":{"@id":"https:\/\/tiranalajm.com\/#website"},"primaryImageOfPage":{"@id":"https:\/\/tiranalajm.com\/index.php\/2023\/08\/25\/kremlini-putin-se-shpejti-do-te-takohet-me-erdogan\/#primaryimage"},"image":{"@id":"https:\/\/tiranalajm.com\/index.php\/2023\/08\/25\/kremlini-putin-se-shpejti-do-te-takohet-me-erdogan\/#primaryimage"},"thumbnailUrl":"https:\/\/tiranalajm.com\/wp-content\/uploads\/2023\/08\/640-0-82b0074060d7d700c991a2b1c2fe5fc3.webp","datePublished":"2023-08-25T14:53:02+00:00","dateModified":"2023-08-25T14:53:03+00:00","breadcrumb":{"@id":"https:\/\/tiranalajm.com\/index.php\/2023\/08\/25\/kremlini-putin-se-shpejti-do-te-takohet-me-erdogan\/#breadcrumb"},"inLanguage":"en-US","potentialAction":[{"@type":"ReadAction","target":["https:\/\/tiranalajm.com\/index.php\/2023\/08\/25\/kremlini-putin-se-shpejti-do-te-takohet-me-erdogan\/"]}]},{"@type":"ImageObject","inLanguage":"en-US","@id":"https:\/\/tiranalajm.com\/index.php\/2023\/08\/25\/kremlini-putin-se-shpejti-do-te-takohet-me-erdogan\/#primaryimage","url":"https:\/\/tiranalajm.com\/wp-content\/uploads\/2023\/08\/640-0-82b0074060d7d700c991a2b1c2fe5fc3.webp","contentUrl":"https:\/\/tiranalajm.com\/wp-content\/uploads\/2023\/08\/640-0-82b0074060d7d700c991a2b1c2fe5fc3.webp","width":640,"height":359},{"@type":"BreadcrumbList","@id":"https:\/\/tiranalajm.com\/index.php\/2023\/08\/25\/kremlini-putin-se-shpejti-do-te-takohet-me-erdogan\/#breadcrumb","itemListElement":[{"@type":"ListItem","position":1,"name":"Home","item":"https:\/\/tiranalajm.com\/"},{"@type":"ListItem","position":2,"name":"Kremlini: Putin s\u00eb shpejti do t\u00eb takohet me Erdogan"}]},{"@type":"WebSite","@id":"https:\/\/tiranalajm.com\/#website","url":"https:\/\/tiranalajm.com\/","name":"Tirana Lajm","description":"Tirana Lajm","publisher":{"@id":"https:\/\/tiranalajm.com\/#organization"},"potentialAction":[{"@type":"SearchAction","target":{"@type":"EntryPoint","urlTemplate":"https:\/\/tiranalajm.com\/?s={search_term_string}"},"query-input":{"@type":"PropertyValueSpecification","valueRequired":true,"valueName":"search_term_string"}}],"inLanguage":"en-US"},{"@type":"Organization","@id":"https:\/\/tiranalajm.com\/#organization","name":"Tirana Lajm","url":"https:\/\/tiranalajm.com\/","logo":{"@type":"ImageObject","inLanguage":"en-US","@id":"https:\/\/tiranalajm.com\/#\/schema\/logo\/image\/","url":"https:\/\/tiranalajm.com\/wp-content\/uploads\/2023\/08\/logo-tirana-lajm.jpg","contentUrl":"https:\/\/tiranalajm.com\/wp-content\/uploads\/2023\/08\/logo-tirana-lajm.jpg","width":600,"height":360,"caption":"Tirana Lajm"},"image":{"@id":"https:\/\/tiranalajm.com\/#\/schema\/logo\/image\/"}},{"@type":"Person","@id":"https:\/\/tiranalajm.com\/#\/schema\/person\/d62adf3f0d0ba38eb923c3c1f5152717","name":"tiranalajm.com","image":{"@type":"ImageObject","inLanguage":"en-US","@id":"https:\/\/secure.gravatar.com\/avatar\/70082bb8d030bb6b79327cd6e282b497e1b999934e601ba07a020bca96c4dbee?s=96&d=mm&r=g","url":"https:\/\/secure.gravatar.com\/avatar\/70082bb8d030bb6b79327cd6e282b497e1b999934e601ba07a020bca96c4dbee?s=96&d=mm&r=g","contentUrl":"https:\/\/secure.gravatar.com\/avatar\/70082bb8d030bb6b79327cd6e282b497e1b999934e601ba07a020bca96c4dbee?s=96&d=mm&r=g","caption":"tiranalajm.com"},"sameAs":["http:\/\/tiranalajm.com"],"url":"https:\/\/tiranalajm.com\/index.php\/author\/tiranalajm-com\/"}]}},"_links":{"self":[{"href":"https:\/\/tiranalajm.com\/index.php\/wp-json\/wp\/v2\/posts\/7","targetHints":{"allow":["GET"]}}],"collection":[{"href":"https:\/\/tiranalajm.com\/index.php\/wp-json\/wp\/v2\/posts"}],"about":[{"href":"https:\/\/tiranalajm.com\/index.php\/wp-json\/wp\/v2\/types\/post"}],"author":[{"embeddable":true,"href":"https:\/\/tiranalajm.com\/index.php\/wp-json\/wp\/v2\/users\/1"}],"replies":[{"embeddable":true,"href":"https:\/\/tiranalajm.com\/index.php\/wp-json\/wp\/v2\/comments?post=7"}],"version-history":[{"count":1,"href":"https:\/\/tiranalajm.com\/index.php\/wp-json\/wp\/v2\/posts\/7\/revisions"}],"predecessor-version":[{"id":9,"href":"https:\/\/tiranalajm.com\/index.php\/wp-json\/wp\/v2\/posts\/7\/revisions\/9"}],"wp:featuredmedia":[{"embeddable":true,"href":"https:\/\/tiranalajm.com\/index.php\/wp-json\/wp\/v2\/media\/8"}],"wp:attachment":[{"href":"https:\/\/tiranalajm.com\/index.php\/wp-json\/wp\/v2\/media?parent=7"}],"wp:term":[{"taxonomy":"category","embeddable":true,"href":"https:\/\/tiranalajm.com\/index.php\/wp-json\/wp\/v2\/categories?post=7"},{"taxonomy":"post_tag","embeddable":true,"href":"https:\/\/tiranalajm.com\/index.php\/wp-json\/wp\/v2\/tags?post=7"}],"curies":[{"name":"wp","href":"https:\/\/api.w.org\/{rel}","templated":true}]}}