{"id":71,"date":"2024-03-29T12:01:11","date_gmt":"2024-03-29T12:01:11","guid":{"rendered":"https:\/\/tiranalajm.com\/?p=71"},"modified":"2024-03-29T12:01:11","modified_gmt":"2024-03-29T12:01:11","slug":"akuzat-e-bardhit-per-trafik-droge-reagon-olsi-rama-sharlatan-famekeq-qe-na-ka-sulmuar-me-qindra-here-familjen","status":"publish","type":"post","link":"https:\/\/tiranalajm.com\/index.php\/2024\/03\/29\/akuzat-e-bardhit-per-trafik-droge-reagon-olsi-rama-sharlatan-famekeq-qe-na-ka-sulmuar-me-qindra-here-familjen\/","title":{"rendered":"Akuzat e Bardhit p\u00ebr trafik droge, reagon Olsi Rama: Sharlatan fam\u00ebkeq q\u00eb na ka sulmuar me qindra her\u00eb familjen"},"content":{"rendered":"\n<p>Olsi Rama, v\u00ebllai i kryeministrit Edi Rama ka reaguar pas akuzave t\u00eb b\u00ebra nga kryetari i Grupit Parlamentar t\u00eb PD, Gazment Bardhi si i p\u00ebrfshir\u00eb n\u00eb trafikun e drog\u00ebs.<\/p>\n\n\n\n<p>Nd\u00ebr t\u00eb tjera, Olsi Rama shprehet se&nbsp;<em>\u201cas nuk e mohoj dhe as kam asnj\u00eb arsye ta fsheh q\u00eb un\u00eb kam njohur n\u00eb distanc\u00eb nj\u00eb nga personat n\u00eb fjal\u00eb, po aspak at\u00eb p\u00ebr t\u00eb cilin me aq zell e d\u00ebshir\u00eb m\u00eb akuzon ky kanakari i atij sharlatanit fam\u00ebkeq q\u00eb na ka sulmuar me qindra her\u00eb familjen, nd\u00ebrsa b\u00ebn tani prokurorin politik p\u00ebr nj\u00eb \u00e7\u00ebshtje t\u00eb hetuar dhe t\u00eb gjykuar ku un\u00eb s\u2019kam kurrfar\u00eb lidhje\u201d.<\/em><\/p>\n\n\n\n<p><strong>Reagimi i plot\u00eb<\/strong><\/p>\n\n\n\n<p>Nuk jam as i shokuar, as hi\u00e7 i habitur nga kjo rinxjerrje e nj\u00eb akuze t\u00eb p\u00ebrs\u00ebritur vite m\u00eb par\u00eb prej nj\u00eb njeriu q\u00eb nuk ka l\u00ebn\u00eb pjes\u00eb t\u00eb familjes time pa prekur paburr\u00ebrisht. Futja e njer\u00ebzve t\u00eb familjes ton\u00eb \u2013 nga babai i ndar\u00eb nga jeta para se sa Edi t\u00eb merrte detyr\u00ebn, tek i biri kur ishte vet\u00ebm 10 vje\u00e7 \u2013 n\u00eb \u00e7orb\u00ebn e thashethemeve dhe akuzave nga m\u00eb monstruozet q\u00eb kund\u00ebrshtar\u00ebt e tim v\u00ebllai i sajojn\u00eb se s\u2019din\u00eb se si ta mundin at\u00eb me vot\u00eb, \u00ebsht\u00eb nj\u00eb mizerabilitet njer\u00ebzor q\u00eb ne fatkeq\u00ebsisht e kemi pranuar si nj\u00eb realitet, por t\u00eb cilin duhet me doemos ta ndryshojm\u00eb sa nuk \u00ebsht\u00eb shum\u00eb von\u00eb.<\/p>\n\n\n\n<p>Deri m\u00eb sot nuk kisha marr\u00eb asnj\u00ebher\u00eb mundimin tju p\u00ebrgjigjesha akuzave drejt meje i nd\u00ebrgjegjsh\u00ebm se k\u00ebto ishin dhe jan\u00eb pjes\u00eb e balt\u00ebs poltike ndaj tim v\u00ebllai e jo ndaj meje. Kush m\u00eb njeh e di sa i past\u00ebr jam dhe sa kjo balt\u00eb nuk m\u00eb p\u00ebrket, ndaj dhe nuk kam dashur ta hedh mbrapsht.<\/p>\n\n\n\n<p>T\u00eb njoh\u00ebsh njer\u00ebz dhe madje edhe t\u00eb udh\u00ebtosh me ta n\u00eb ndonj\u00eb rast apo n\u00eb shum\u00eb raste, nuk \u00ebsht\u00eb as di\u00e7ka p\u00ebr t\u00eb cil\u00ebn duhet t\u2019i marr\u00ebsh leje apo t\u2019i jap\u00ebsh llogari kujt, as di\u00e7ka q\u00eb t\u00eb b\u00ebn fajtor p\u00ebr \u00e7far\u00ebdo faji dikush prej tyre mund t\u00eb kryej\u00eb n\u00eb jet\u00ebn e tij personale.<\/p>\n\n\n\n<p>As nuk e mohoj dhe as kam asnj\u00eb arsye ta fsheh q\u00eb un\u00eb kam njohur n\u00eb distanc\u00eb nj\u00eb nga personat n\u00eb fjal\u00eb, po aspak at\u00eb p\u00ebr t\u00eb cilin me aq zell e d\u00ebshir\u00eb m\u00eb akuzon ky kanakari i atij sharlatanit fam\u00ebkeq q\u00eb na ka sulmuar me qindra her\u00eb familjen, nd\u00ebrsa b\u00ebn tani prokurorin politik p\u00ebr nj\u00eb \u00e7\u00ebshtje t\u00eb hetuar dhe t\u00eb gjykuar ku un\u00eb s\u2019kam kurrfar\u00eb lidhje.<\/p>\n\n\n\n<p>Megjithat\u00eb s\u2019\u00ebsht\u00eb as puna ime, as natyra ime t\u00eb jap e marr me burra q\u00eb si\u00e7 thot\u00eb populli, \u201cs\u2019kan\u00eb \u00e7\u2019i b\u00ebjn\u00eb gomarit dhe i bien samarit\u201d. Un\u00eb kurr\u00eb s\u2019kam pasur pun\u00eb me k\u00ebt\u00eb shtet q\u00eb kur ika n\u00eb vitin e mbrapsht\u00eb 1997 n\u00eb kushtet e k\u00ebrc\u00ebnimit t\u00eb jet\u00ebs dhe pasi jam kthyer n\u00eb k\u00ebt\u00eb vend ku drejtoj klubin e futbollit \u201cPartizani\u201d.<\/p>\n\n\n\n<p>Jam krenar p\u00ebr tim v\u00eblla, e votoj me k\u00ebnaq\u00ebsi si pjes\u00eb e shumic\u00ebs s\u00eb shqiptar\u00ebve p\u00ebr kaq vite dhe ia b\u00ebj hallall pjes\u00ebn time t\u00eb balt\u00ebs familjare p\u00ebr shkak t\u00eb detyr\u00ebs s\u00eb tij. Po as jam p\u00ebrfshir\u00eb ndonj\u00ebher\u00eb me politik\u00eb, apo me hallet e pun\u00ebs s\u00eb tij dhe as i kam shkuar ndonj\u00ebher\u00eb n\u00eb zyr\u00eb, apo kam k\u00ebrkuar ndonj\u00ebher\u00eb prej tij ose ministrave t\u00eb tij ndonj\u00eb favor. P\u00ebr shembull, m\u00eb vjen keq q\u00eb prej vitesh klubi \u201cPartizani\u201d k\u00ebrkon pa sukses nga Ministria e Mbrojtjes, kthimin e disa barakave t\u00eb shkat\u00ebrruara t\u00eb ushtris\u00eb n\u00eb terren sportiv, p\u00ebr t\u2019ia bashk\u00ebngjitur kompleksit sportiv q\u00eb Presidenti i klubit e ka investuar vet\u00eb dhe asgj\u00eb nuk l\u00ebviz N\u00eb vitin 2025 Shqip\u00ebria do t\u00eb mikpres\u00eb Europianin e t\u00eb rinjve U-17 dhe stadiumi i Partizanit \u00ebsht\u00eb p\u00ebrzgjedhur si nj\u00eb nga stadiumet e k\u00ebtij kompeticioni q\u00eb vjen p\u00ebr her\u00eb t\u00eb par\u00eb n\u00eb Ballkan. Uroj q\u00eb qeveria t\u2019ia jap\u00eb m\u00eb n\u00eb fund \u201cPartizanit\u201d ato barraka q\u00eb kalben mbi tok\u00eb pa asnj\u00eb ushtar rrotull tyre, q\u00eb klubi yn\u00eb t\u00eb krijoj\u00eb nj\u00eb hap\u00ebsir\u00eb t\u00eb re t\u00eb gjelb\u00ebr p\u00ebr shum\u00eb djemt\u00eb e vajzat q\u00eb luajn\u00eb futboll.<\/p>\n\n\n\n<p>Nd\u00ebrsa p\u00ebr sa i takon lidhjeve t\u00eb mia me drog\u00ebn, ato jan\u00eb po aq t\u00eb v\u00ebrteta sa lidhja me t\u00eb v\u00ebrtet\u00ebn e k\u00ebtij t\u00eb paburrit q\u00eb m\u00eb akuzon. K\u00ebshtuq\u00eb dhe kaq sa i kushtova k\u00ebtij teatri kukullash e shpenzova vet\u00ebm n\u00eb em\u00ebr t\u00eb dinjitetit t\u00eb rolit tim si drejtues i nj\u00eb klubi futbolli, ku racizmi dhe droga konsiderohen armiq t\u00eb njeriut dhe shoq\u00ebris\u00eb.<\/p>\n","protected":false},"excerpt":{"rendered":"<p>Olsi Rama, v\u00ebllai i kryeministrit Edi Rama ka reaguar pas akuzave t\u00eb b\u00ebra nga kryetari i Grupit Parlamentar t\u00eb PD, Gazment Bardhi si i p\u00ebrfshir\u00eb n\u00eb trafikun e drog\u00ebs. Nd\u00ebr t\u00eb tjera, Olsi Rama shprehet se&nbsp;\u201cas nuk e mohoj dhe as kam asnj\u00eb arsye ta fsheh q\u00eb un\u00eb kam njohur n\u00eb distanc\u00eb nj\u00eb nga personat [&hellip;]<\/p>\n","protected":false},"author":1,"featured_media":72,"comment_status":"open","ping_status":"open","sticky":false,"template":"","format":"standard","meta":{"footnotes":""},"categories":[3],"tags":[],"class_list":["post-71","post","type-post","status-publish","format-standard","has-post-thumbnail","hentry","category-rreth-vendit"],"yoast_head":"<!-- This site is optimized with the Yoast SEO plugin v27.5 - https:\/\/yoast.com\/product\/yoast-seo-wordpress\/ -->\n<title>Akuzat e Bardhit p\u00ebr trafik droge, reagon Olsi Rama: Sharlatan fam\u00ebkeq q\u00eb na ka sulmuar me qindra her\u00eb familjen - Tirana Lajm<\/title>\n<meta name=\"robots\" content=\"index, follow, max-snippet:-1, max-image-preview:large, max-video-preview:-1\" \/>\n<link rel=\"canonical\" href=\"https:\/\/tiranalajm.com\/index.php\/2024\/03\/29\/akuzat-e-bardhit-per-trafik-droge-reagon-olsi-rama-sharlatan-famekeq-qe-na-ka-sulmuar-me-qindra-here-familjen\/\" \/>\n<meta property=\"og:locale\" content=\"en_US\" \/>\n<meta property=\"og:type\" content=\"article\" \/>\n<meta property=\"og:title\" content=\"Akuzat e Bardhit p\u00ebr trafik droge, reagon Olsi Rama: Sharlatan fam\u00ebkeq q\u00eb na ka sulmuar me qindra her\u00eb familjen - Tirana Lajm\" \/>\n<meta property=\"og:description\" content=\"Olsi Rama, v\u00ebllai i kryeministrit Edi Rama ka reaguar pas akuzave t\u00eb b\u00ebra nga kryetari i Grupit Parlamentar t\u00eb PD, Gazment Bardhi si i p\u00ebrfshir\u00eb n\u00eb trafikun e drog\u00ebs. Nd\u00ebr t\u00eb tjera, Olsi Rama shprehet se&nbsp;\u201cas nuk e mohoj dhe as kam asnj\u00eb arsye ta fsheh q\u00eb un\u00eb kam njohur n\u00eb distanc\u00eb nj\u00eb nga personat [&hellip;]\" \/>\n<meta property=\"og:url\" content=\"https:\/\/tiranalajm.com\/index.php\/2024\/03\/29\/akuzat-e-bardhit-per-trafik-droge-reagon-olsi-rama-sharlatan-famekeq-qe-na-ka-sulmuar-me-qindra-here-familjen\/\" \/>\n<meta property=\"og:site_name\" content=\"Tirana Lajm\" \/>\n<meta property=\"article:published_time\" content=\"2024-03-29T12:01:11+00:00\" \/>\n<meta property=\"og:image\" content=\"http:\/\/tiranalajm.com\/wp-content\/uploads\/2024\/03\/auto_olsirama1711649190.jpg\" \/>\n\t<meta property=\"og:image:width\" content=\"900\" \/>\n\t<meta property=\"og:image:height\" content=\"540\" \/>\n\t<meta property=\"og:image:type\" content=\"image\/jpeg\" \/>\n<meta name=\"author\" content=\"tiranalajm.com\" \/>\n<meta name=\"twitter:card\" content=\"summary_large_image\" \/>\n<meta name=\"twitter:label1\" content=\"Written by\" \/>\n\t<meta name=\"twitter:data1\" content=\"tiranalajm.com\" \/>\n\t<meta name=\"twitter:label2\" content=\"Est. reading time\" \/>\n\t<meta name=\"twitter:data2\" content=\"4 minutes\" \/>\n<script type=\"application\/ld+json\" class=\"yoast-schema-graph\">{\"@context\":\"https:\\\/\\\/schema.org\",\"@graph\":[{\"@type\":\"Article\",\"@id\":\"https:\\\/\\\/tiranalajm.com\\\/index.php\\\/2024\\\/03\\\/29\\\/akuzat-e-bardhit-per-trafik-droge-reagon-olsi-rama-sharlatan-famekeq-qe-na-ka-sulmuar-me-qindra-here-familjen\\\/#article\",\"isPartOf\":{\"@id\":\"https:\\\/\\\/tiranalajm.com\\\/index.php\\\/2024\\\/03\\\/29\\\/akuzat-e-bardhit-per-trafik-droge-reagon-olsi-rama-sharlatan-famekeq-qe-na-ka-sulmuar-me-qindra-here-familjen\\\/\"},\"author\":{\"name\":\"tiranalajm.com\",\"@id\":\"https:\\\/\\\/tiranalajm.com\\\/#\\\/schema\\\/person\\\/d62adf3f0d0ba38eb923c3c1f5152717\"},\"headline\":\"Akuzat e Bardhit p\u00ebr trafik droge, reagon Olsi Rama: Sharlatan fam\u00ebkeq q\u00eb na ka sulmuar me qindra her\u00eb familjen\",\"datePublished\":\"2024-03-29T12:01:11+00:00\",\"mainEntityOfPage\":{\"@id\":\"https:\\\/\\\/tiranalajm.com\\\/index.php\\\/2024\\\/03\\\/29\\\/akuzat-e-bardhit-per-trafik-droge-reagon-olsi-rama-sharlatan-famekeq-qe-na-ka-sulmuar-me-qindra-here-familjen\\\/\"},\"wordCount\":831,\"commentCount\":0,\"publisher\":{\"@id\":\"https:\\\/\\\/tiranalajm.com\\\/#organization\"},\"image\":{\"@id\":\"https:\\\/\\\/tiranalajm.com\\\/index.php\\\/2024\\\/03\\\/29\\\/akuzat-e-bardhit-per-trafik-droge-reagon-olsi-rama-sharlatan-famekeq-qe-na-ka-sulmuar-me-qindra-here-familjen\\\/#primaryimage\"},\"thumbnailUrl\":\"https:\\\/\\\/tiranalajm.com\\\/wp-content\\\/uploads\\\/2024\\\/03\\\/auto_olsirama1711649190.jpg\",\"articleSection\":[\"Rreth vendit\"],\"inLanguage\":\"en-US\",\"potentialAction\":[{\"@type\":\"CommentAction\",\"name\":\"Comment\",\"target\":[\"https:\\\/\\\/tiranalajm.com\\\/index.php\\\/2024\\\/03\\\/29\\\/akuzat-e-bardhit-per-trafik-droge-reagon-olsi-rama-sharlatan-famekeq-qe-na-ka-sulmuar-me-qindra-here-familjen\\\/#respond\"]}]},{\"@type\":\"WebPage\",\"@id\":\"https:\\\/\\\/tiranalajm.com\\\/index.php\\\/2024\\\/03\\\/29\\\/akuzat-e-bardhit-per-trafik-droge-reagon-olsi-rama-sharlatan-famekeq-qe-na-ka-sulmuar-me-qindra-here-familjen\\\/\",\"url\":\"https:\\\/\\\/tiranalajm.com\\\/index.php\\\/2024\\\/03\\\/29\\\/akuzat-e-bardhit-per-trafik-droge-reagon-olsi-rama-sharlatan-famekeq-qe-na-ka-sulmuar-me-qindra-here-familjen\\\/\",\"name\":\"Akuzat e Bardhit p\u00ebr trafik droge, reagon Olsi Rama: Sharlatan fam\u00ebkeq q\u00eb na ka sulmuar me qindra her\u00eb familjen - Tirana Lajm\",\"isPartOf\":{\"@id\":\"https:\\\/\\\/tiranalajm.com\\\/#website\"},\"primaryImageOfPage\":{\"@id\":\"https:\\\/\\\/tiranalajm.com\\\/index.php\\\/2024\\\/03\\\/29\\\/akuzat-e-bardhit-per-trafik-droge-reagon-olsi-rama-sharlatan-famekeq-qe-na-ka-sulmuar-me-qindra-here-familjen\\\/#primaryimage\"},\"image\":{\"@id\":\"https:\\\/\\\/tiranalajm.com\\\/index.php\\\/2024\\\/03\\\/29\\\/akuzat-e-bardhit-per-trafik-droge-reagon-olsi-rama-sharlatan-famekeq-qe-na-ka-sulmuar-me-qindra-here-familjen\\\/#primaryimage\"},\"thumbnailUrl\":\"https:\\\/\\\/tiranalajm.com\\\/wp-content\\\/uploads\\\/2024\\\/03\\\/auto_olsirama1711649190.jpg\",\"datePublished\":\"2024-03-29T12:01:11+00:00\",\"breadcrumb\":{\"@id\":\"https:\\\/\\\/tiranalajm.com\\\/index.php\\\/2024\\\/03\\\/29\\\/akuzat-e-bardhit-per-trafik-droge-reagon-olsi-rama-sharlatan-famekeq-qe-na-ka-sulmuar-me-qindra-here-familjen\\\/#breadcrumb\"},\"inLanguage\":\"en-US\",\"potentialAction\":[{\"@type\":\"ReadAction\",\"target\":[\"https:\\\/\\\/tiranalajm.com\\\/index.php\\\/2024\\\/03\\\/29\\\/akuzat-e-bardhit-per-trafik-droge-reagon-olsi-rama-sharlatan-famekeq-qe-na-ka-sulmuar-me-qindra-here-familjen\\\/\"]}]},{\"@type\":\"ImageObject\",\"inLanguage\":\"en-US\",\"@id\":\"https:\\\/\\\/tiranalajm.com\\\/index.php\\\/2024\\\/03\\\/29\\\/akuzat-e-bardhit-per-trafik-droge-reagon-olsi-rama-sharlatan-famekeq-qe-na-ka-sulmuar-me-qindra-here-familjen\\\/#primaryimage\",\"url\":\"https:\\\/\\\/tiranalajm.com\\\/wp-content\\\/uploads\\\/2024\\\/03\\\/auto_olsirama1711649190.jpg\",\"contentUrl\":\"https:\\\/\\\/tiranalajm.com\\\/wp-content\\\/uploads\\\/2024\\\/03\\\/auto_olsirama1711649190.jpg\",\"width\":900,\"height\":540},{\"@type\":\"BreadcrumbList\",\"@id\":\"https:\\\/\\\/tiranalajm.com\\\/index.php\\\/2024\\\/03\\\/29\\\/akuzat-e-bardhit-per-trafik-droge-reagon-olsi-rama-sharlatan-famekeq-qe-na-ka-sulmuar-me-qindra-here-familjen\\\/#breadcrumb\",\"itemListElement\":[{\"@type\":\"ListItem\",\"position\":1,\"name\":\"Home\",\"item\":\"https:\\\/\\\/tiranalajm.com\\\/\"},{\"@type\":\"ListItem\",\"position\":2,\"name\":\"Akuzat e Bardhit p\u00ebr trafik droge, reagon Olsi Rama: Sharlatan fam\u00ebkeq q\u00eb na ka sulmuar me qindra her\u00eb familjen\"}]},{\"@type\":\"WebSite\",\"@id\":\"https:\\\/\\\/tiranalajm.com\\\/#website\",\"url\":\"https:\\\/\\\/tiranalajm.com\\\/\",\"name\":\"Tirana Lajm\",\"description\":\"Tirana Lajm\",\"publisher\":{\"@id\":\"https:\\\/\\\/tiranalajm.com\\\/#organization\"},\"potentialAction\":[{\"@type\":\"SearchAction\",\"target\":{\"@type\":\"EntryPoint\",\"urlTemplate\":\"https:\\\/\\\/tiranalajm.com\\\/?s={search_term_string}\"},\"query-input\":{\"@type\":\"PropertyValueSpecification\",\"valueRequired\":true,\"valueName\":\"search_term_string\"}}],\"inLanguage\":\"en-US\"},{\"@type\":\"Organization\",\"@id\":\"https:\\\/\\\/tiranalajm.com\\\/#organization\",\"name\":\"Tirana Lajm\",\"url\":\"https:\\\/\\\/tiranalajm.com\\\/\",\"logo\":{\"@type\":\"ImageObject\",\"inLanguage\":\"en-US\",\"@id\":\"https:\\\/\\\/tiranalajm.com\\\/#\\\/schema\\\/logo\\\/image\\\/\",\"url\":\"https:\\\/\\\/tiranalajm.com\\\/wp-content\\\/uploads\\\/2023\\\/08\\\/logo-tirana-lajm.jpg\",\"contentUrl\":\"https:\\\/\\\/tiranalajm.com\\\/wp-content\\\/uploads\\\/2023\\\/08\\\/logo-tirana-lajm.jpg\",\"width\":600,\"height\":360,\"caption\":\"Tirana Lajm\"},\"image\":{\"@id\":\"https:\\\/\\\/tiranalajm.com\\\/#\\\/schema\\\/logo\\\/image\\\/\"}},{\"@type\":\"Person\",\"@id\":\"https:\\\/\\\/tiranalajm.com\\\/#\\\/schema\\\/person\\\/d62adf3f0d0ba38eb923c3c1f5152717\",\"name\":\"tiranalajm.com\",\"image\":{\"@type\":\"ImageObject\",\"inLanguage\":\"en-US\",\"@id\":\"https:\\\/\\\/secure.gravatar.com\\\/avatar\\\/70082bb8d030bb6b79327cd6e282b497e1b999934e601ba07a020bca96c4dbee?s=96&d=mm&r=g\",\"url\":\"https:\\\/\\\/secure.gravatar.com\\\/avatar\\\/70082bb8d030bb6b79327cd6e282b497e1b999934e601ba07a020bca96c4dbee?s=96&d=mm&r=g\",\"contentUrl\":\"https:\\\/\\\/secure.gravatar.com\\\/avatar\\\/70082bb8d030bb6b79327cd6e282b497e1b999934e601ba07a020bca96c4dbee?s=96&d=mm&r=g\",\"caption\":\"tiranalajm.com\"},\"sameAs\":[\"http:\\\/\\\/tiranalajm.com\"],\"url\":\"https:\\\/\\\/tiranalajm.com\\\/index.php\\\/author\\\/tiranalajm-com\\\/\"}]}<\/script>\n<!-- \/ Yoast SEO plugin. -->","yoast_head_json":{"title":"Akuzat e Bardhit p\u00ebr trafik droge, reagon Olsi Rama: Sharlatan fam\u00ebkeq q\u00eb na ka sulmuar me qindra her\u00eb familjen - Tirana Lajm","robots":{"index":"index","follow":"follow","max-snippet":"max-snippet:-1","max-image-preview":"max-image-preview:large","max-video-preview":"max-video-preview:-1"},"canonical":"https:\/\/tiranalajm.com\/index.php\/2024\/03\/29\/akuzat-e-bardhit-per-trafik-droge-reagon-olsi-rama-sharlatan-famekeq-qe-na-ka-sulmuar-me-qindra-here-familjen\/","og_locale":"en_US","og_type":"article","og_title":"Akuzat e Bardhit p\u00ebr trafik droge, reagon Olsi Rama: Sharlatan fam\u00ebkeq q\u00eb na ka sulmuar me qindra her\u00eb familjen - Tirana Lajm","og_description":"Olsi Rama, v\u00ebllai i kryeministrit Edi Rama ka reaguar pas akuzave t\u00eb b\u00ebra nga kryetari i Grupit Parlamentar t\u00eb PD, Gazment Bardhi si i p\u00ebrfshir\u00eb n\u00eb trafikun e drog\u00ebs. Nd\u00ebr t\u00eb tjera, Olsi Rama shprehet se&nbsp;\u201cas nuk e mohoj dhe as kam asnj\u00eb arsye ta fsheh q\u00eb un\u00eb kam njohur n\u00eb distanc\u00eb nj\u00eb nga personat [&hellip;]","og_url":"https:\/\/tiranalajm.com\/index.php\/2024\/03\/29\/akuzat-e-bardhit-per-trafik-droge-reagon-olsi-rama-sharlatan-famekeq-qe-na-ka-sulmuar-me-qindra-here-familjen\/","og_site_name":"Tirana Lajm","article_published_time":"2024-03-29T12:01:11+00:00","og_image":[{"width":900,"height":540,"url":"http:\/\/tiranalajm.com\/wp-content\/uploads\/2024\/03\/auto_olsirama1711649190.jpg","type":"image\/jpeg"}],"author":"tiranalajm.com","twitter_card":"summary_large_image","twitter_misc":{"Written by":"tiranalajm.com","Est. reading time":"4 minutes"},"schema":{"@context":"https:\/\/schema.org","@graph":[{"@type":"Article","@id":"https:\/\/tiranalajm.com\/index.php\/2024\/03\/29\/akuzat-e-bardhit-per-trafik-droge-reagon-olsi-rama-sharlatan-famekeq-qe-na-ka-sulmuar-me-qindra-here-familjen\/#article","isPartOf":{"@id":"https:\/\/tiranalajm.com\/index.php\/2024\/03\/29\/akuzat-e-bardhit-per-trafik-droge-reagon-olsi-rama-sharlatan-famekeq-qe-na-ka-sulmuar-me-qindra-here-familjen\/"},"author":{"name":"tiranalajm.com","@id":"https:\/\/tiranalajm.com\/#\/schema\/person\/d62adf3f0d0ba38eb923c3c1f5152717"},"headline":"Akuzat e Bardhit p\u00ebr trafik droge, reagon Olsi Rama: Sharlatan fam\u00ebkeq q\u00eb na ka sulmuar me qindra her\u00eb familjen","datePublished":"2024-03-29T12:01:11+00:00","mainEntityOfPage":{"@id":"https:\/\/tiranalajm.com\/index.php\/2024\/03\/29\/akuzat-e-bardhit-per-trafik-droge-reagon-olsi-rama-sharlatan-famekeq-qe-na-ka-sulmuar-me-qindra-here-familjen\/"},"wordCount":831,"commentCount":0,"publisher":{"@id":"https:\/\/tiranalajm.com\/#organization"},"image":{"@id":"https:\/\/tiranalajm.com\/index.php\/2024\/03\/29\/akuzat-e-bardhit-per-trafik-droge-reagon-olsi-rama-sharlatan-famekeq-qe-na-ka-sulmuar-me-qindra-here-familjen\/#primaryimage"},"thumbnailUrl":"https:\/\/tiranalajm.com\/wp-content\/uploads\/2024\/03\/auto_olsirama1711649190.jpg","articleSection":["Rreth vendit"],"inLanguage":"en-US","potentialAction":[{"@type":"CommentAction","name":"Comment","target":["https:\/\/tiranalajm.com\/index.php\/2024\/03\/29\/akuzat-e-bardhit-per-trafik-droge-reagon-olsi-rama-sharlatan-famekeq-qe-na-ka-sulmuar-me-qindra-here-familjen\/#respond"]}]},{"@type":"WebPage","@id":"https:\/\/tiranalajm.com\/index.php\/2024\/03\/29\/akuzat-e-bardhit-per-trafik-droge-reagon-olsi-rama-sharlatan-famekeq-qe-na-ka-sulmuar-me-qindra-here-familjen\/","url":"https:\/\/tiranalajm.com\/index.php\/2024\/03\/29\/akuzat-e-bardhit-per-trafik-droge-reagon-olsi-rama-sharlatan-famekeq-qe-na-ka-sulmuar-me-qindra-here-familjen\/","name":"Akuzat e Bardhit p\u00ebr trafik droge, reagon Olsi Rama: Sharlatan fam\u00ebkeq q\u00eb na ka sulmuar me qindra her\u00eb familjen - Tirana Lajm","isPartOf":{"@id":"https:\/\/tiranalajm.com\/#website"},"primaryImageOfPage":{"@id":"https:\/\/tiranalajm.com\/index.php\/2024\/03\/29\/akuzat-e-bardhit-per-trafik-droge-reagon-olsi-rama-sharlatan-famekeq-qe-na-ka-sulmuar-me-qindra-here-familjen\/#primaryimage"},"image":{"@id":"https:\/\/tiranalajm.com\/index.php\/2024\/03\/29\/akuzat-e-bardhit-per-trafik-droge-reagon-olsi-rama-sharlatan-famekeq-qe-na-ka-sulmuar-me-qindra-here-familjen\/#primaryimage"},"thumbnailUrl":"https:\/\/tiranalajm.com\/wp-content\/uploads\/2024\/03\/auto_olsirama1711649190.jpg","datePublished":"2024-03-29T12:01:11+00:00","breadcrumb":{"@id":"https:\/\/tiranalajm.com\/index.php\/2024\/03\/29\/akuzat-e-bardhit-per-trafik-droge-reagon-olsi-rama-sharlatan-famekeq-qe-na-ka-sulmuar-me-qindra-here-familjen\/#breadcrumb"},"inLanguage":"en-US","potentialAction":[{"@type":"ReadAction","target":["https:\/\/tiranalajm.com\/index.php\/2024\/03\/29\/akuzat-e-bardhit-per-trafik-droge-reagon-olsi-rama-sharlatan-famekeq-qe-na-ka-sulmuar-me-qindra-here-familjen\/"]}]},{"@type":"ImageObject","inLanguage":"en-US","@id":"https:\/\/tiranalajm.com\/index.php\/2024\/03\/29\/akuzat-e-bardhit-per-trafik-droge-reagon-olsi-rama-sharlatan-famekeq-qe-na-ka-sulmuar-me-qindra-here-familjen\/#primaryimage","url":"https:\/\/tiranalajm.com\/wp-content\/uploads\/2024\/03\/auto_olsirama1711649190.jpg","contentUrl":"https:\/\/tiranalajm.com\/wp-content\/uploads\/2024\/03\/auto_olsirama1711649190.jpg","width":900,"height":540},{"@type":"BreadcrumbList","@id":"https:\/\/tiranalajm.com\/index.php\/2024\/03\/29\/akuzat-e-bardhit-per-trafik-droge-reagon-olsi-rama-sharlatan-famekeq-qe-na-ka-sulmuar-me-qindra-here-familjen\/#breadcrumb","itemListElement":[{"@type":"ListItem","position":1,"name":"Home","item":"https:\/\/tiranalajm.com\/"},{"@type":"ListItem","position":2,"name":"Akuzat e Bardhit p\u00ebr trafik droge, reagon Olsi Rama: Sharlatan fam\u00ebkeq q\u00eb na ka sulmuar me qindra her\u00eb familjen"}]},{"@type":"WebSite","@id":"https:\/\/tiranalajm.com\/#website","url":"https:\/\/tiranalajm.com\/","name":"Tirana Lajm","description":"Tirana Lajm","publisher":{"@id":"https:\/\/tiranalajm.com\/#organization"},"potentialAction":[{"@type":"SearchAction","target":{"@type":"EntryPoint","urlTemplate":"https:\/\/tiranalajm.com\/?s={search_term_string}"},"query-input":{"@type":"PropertyValueSpecification","valueRequired":true,"valueName":"search_term_string"}}],"inLanguage":"en-US"},{"@type":"Organization","@id":"https:\/\/tiranalajm.com\/#organization","name":"Tirana Lajm","url":"https:\/\/tiranalajm.com\/","logo":{"@type":"ImageObject","inLanguage":"en-US","@id":"https:\/\/tiranalajm.com\/#\/schema\/logo\/image\/","url":"https:\/\/tiranalajm.com\/wp-content\/uploads\/2023\/08\/logo-tirana-lajm.jpg","contentUrl":"https:\/\/tiranalajm.com\/wp-content\/uploads\/2023\/08\/logo-tirana-lajm.jpg","width":600,"height":360,"caption":"Tirana Lajm"},"image":{"@id":"https:\/\/tiranalajm.com\/#\/schema\/logo\/image\/"}},{"@type":"Person","@id":"https:\/\/tiranalajm.com\/#\/schema\/person\/d62adf3f0d0ba38eb923c3c1f5152717","name":"tiranalajm.com","image":{"@type":"ImageObject","inLanguage":"en-US","@id":"https:\/\/secure.gravatar.com\/avatar\/70082bb8d030bb6b79327cd6e282b497e1b999934e601ba07a020bca96c4dbee?s=96&d=mm&r=g","url":"https:\/\/secure.gravatar.com\/avatar\/70082bb8d030bb6b79327cd6e282b497e1b999934e601ba07a020bca96c4dbee?s=96&d=mm&r=g","contentUrl":"https:\/\/secure.gravatar.com\/avatar\/70082bb8d030bb6b79327cd6e282b497e1b999934e601ba07a020bca96c4dbee?s=96&d=mm&r=g","caption":"tiranalajm.com"},"sameAs":["http:\/\/tiranalajm.com"],"url":"https:\/\/tiranalajm.com\/index.php\/author\/tiranalajm-com\/"}]}},"_links":{"self":[{"href":"https:\/\/tiranalajm.com\/index.php\/wp-json\/wp\/v2\/posts\/71","targetHints":{"allow":["GET"]}}],"collection":[{"href":"https:\/\/tiranalajm.com\/index.php\/wp-json\/wp\/v2\/posts"}],"about":[{"href":"https:\/\/tiranalajm.com\/index.php\/wp-json\/wp\/v2\/types\/post"}],"author":[{"embeddable":true,"href":"https:\/\/tiranalajm.com\/index.php\/wp-json\/wp\/v2\/users\/1"}],"replies":[{"embeddable":true,"href":"https:\/\/tiranalajm.com\/index.php\/wp-json\/wp\/v2\/comments?post=71"}],"version-history":[{"count":1,"href":"https:\/\/tiranalajm.com\/index.php\/wp-json\/wp\/v2\/posts\/71\/revisions"}],"predecessor-version":[{"id":73,"href":"https:\/\/tiranalajm.com\/index.php\/wp-json\/wp\/v2\/posts\/71\/revisions\/73"}],"wp:featuredmedia":[{"embeddable":true,"href":"https:\/\/tiranalajm.com\/index.php\/wp-json\/wp\/v2\/media\/72"}],"wp:attachment":[{"href":"https:\/\/tiranalajm.com\/index.php\/wp-json\/wp\/v2\/media?parent=71"}],"wp:term":[{"taxonomy":"category","embeddable":true,"href":"https:\/\/tiranalajm.com\/index.php\/wp-json\/wp\/v2\/categories?post=71"},{"taxonomy":"post_tag","embeddable":true,"href":"https:\/\/tiranalajm.com\/index.php\/wp-json\/wp\/v2\/tags?post=71"}],"curies":[{"name":"wp","href":"https:\/\/api.w.org\/{rel}","templated":true}]}}