{"id":74,"date":"2024-03-29T12:02:44","date_gmt":"2024-03-29T12:02:44","guid":{"rendered":"https:\/\/tiranalajm.com\/?p=74"},"modified":"2024-03-29T12:02:44","modified_gmt":"2024-03-29T12:02:44","slug":"blerina-bala-zgjidhet-kryetare-e-komanduar-e-bashkise-se-himares","status":"publish","type":"post","link":"https:\/\/tiranalajm.com\/index.php\/2024\/03\/29\/blerina-bala-zgjidhet-kryetare-e-komanduar-e-bashkise-se-himares\/","title":{"rendered":"Blerina Bala zgjidhet kryetare e komanduar e Bashkis\u00eb s\u00eb Himar\u00ebs"},"content":{"rendered":"\n<p>K\u00ebshilli Bashkiak i Himar\u00ebs ka zgjedhur Blerina Bal\u00ebn si kryetare t\u00eb komanduar t\u00eb Bashkis\u00eb s\u00eb Himar\u00ebs.<\/p>\n\n\n\n<p>Ajo mori votat e shumic\u00ebs s\u00eb an\u00ebtar\u00ebve t\u00eb K\u00ebshillit Bashkiak kundrejt n\u00ebnkryetarit tjet\u00ebr Pervin Gjikuria.<\/p>\n\n\n\n<p>Blerina Bala dhe Pervin Gjikuria ishin t\u00eb dy n\u00ebnkryetar t\u00eb Bashkis\u00eb s\u00eb Himar\u00ebs. N\u00eb kushtet kur kryetari n\u00eb detyr\u00eb Jorgo Goro u arrestua dhe dha dor\u00ebheqjen, K\u00ebshilli Bashkiak votoi p\u00ebr t\u00eb caktuar kryebashkiak t\u00eb komanduar nj\u00eb prej 2 n\u00ebnkryetar\u00ebve, ku u zgjodh Blerina Bala.<\/p>\n\n\n\n<p>Partia Socialiste ka shumic\u00ebn e votave t\u00eb an\u00ebtar\u00ebve n\u00eb k\u00ebt\u00eb k\u00ebshill.<\/p>\n\n\n\n<p>Mbledhja e k\u00ebshillit u zhvillua me dyer t\u00eb mbyllura n\u00eb or\u00ebn 12:00 pasi u shty m\u00eb her\u00ebt p\u00ebr shkak t\u00eb tensioneve me banor\u00ebt, t\u00eb cil\u00ebt shkuan n\u00eb ambientet e Bashkis\u00eb s\u00eb Himar\u00ebs dhe k\u00ebrkuan largimin nga salla t\u00eb Vangjel Dules, i cili \u00ebsht\u00eb Prefekt i Qarkut Vlor\u00eb, i em\u00ebruar n\u00eb k\u00ebt\u00eb detyr\u00eb nga Qeveria s\u00eb fundmi.<\/p>\n\n\n\n<p>Kujtojm\u00eb se Bashkia e Himar\u00ebs \u00ebsht\u00eb n\u00eb k\u00ebt\u00eb situat\u00eb p\u00ebr shkak t\u00eb arrestimit t\u00eb Fredi Belerit dhe Jorgo Goros.<\/p>\n\n\n\n<p>Fredi Beleri, i cili fitoi zgjedhjet e vitit t\u00eb kaluar, u arrestua p\u00ebr blerje votash dhe \u00ebsht\u00eb d\u00ebnuar nga Gjykata e Posa\u00e7me, por \u00e7\u00ebshtja ka kaluar n\u00eb Apel.<\/p>\n\n\n\n<p>Kryetari n\u00eb detyr\u00eb q\u00eb ishte, Jorgo Goro i cili humbi zgjedhjet e vitit 2023, u arrestua pak dit\u00eb m\u00eb par\u00eb nga SPAK p\u00ebr shp\u00ebrdorim detyre n\u00eb lidhje me tjet\u00ebrsimin e nj\u00eb sip\u00ebrfaqe toke n\u00eb Dh\u00ebrmi. Pas arrestimit, ai dha dor\u00ebheqjen nga qelia.<\/p>\n\n\n\n<p>Tashm\u00eb Blerina Bala e zgjedhur si kryetare e p\u00ebrkohshme e Bashkis\u00eb Himar\u00eb, do t\u00eb q\u00ebndroj\u00eb n\u00eb detyr\u00eb deri kur gjykata t\u00eb shprehet me vendim t\u00eb form\u00ebs s\u00eb prer\u00eb p\u00ebr fatin e Fredi Belerit, i d\u00ebnuar me 2 vjet burg n\u00eb Shkall\u00ebn e Par\u00eb.<\/p>\n\n\n\n<p>N\u00ebse vendimi konfirmohet n\u00eb Apel, Himara do t\u00eb duhet t\u00eb shkoj\u00eb n\u00eb zgjedhje t\u00eb parakohshme.<\/p>\n","protected":false},"excerpt":{"rendered":"<p>K\u00ebshilli Bashkiak i Himar\u00ebs ka zgjedhur Blerina Bal\u00ebn si kryetare t\u00eb komanduar t\u00eb Bashkis\u00eb s\u00eb Himar\u00ebs. Ajo mori votat e shumic\u00ebs s\u00eb an\u00ebtar\u00ebve t\u00eb K\u00ebshillit Bashkiak kundrejt n\u00ebnkryetarit tjet\u00ebr Pervin Gjikuria. Blerina Bala dhe Pervin Gjikuria ishin t\u00eb dy n\u00ebnkryetar t\u00eb Bashkis\u00eb s\u00eb Himar\u00ebs. N\u00eb kushtet kur kryetari n\u00eb detyr\u00eb Jorgo Goro u arrestua dhe [&hellip;]<\/p>\n","protected":false},"author":1,"featured_media":75,"comment_status":"open","ping_status":"open","sticky":false,"template":"","format":"standard","meta":{"footnotes":""},"categories":[4,3],"tags":[],"class_list":["post-74","post","type-post","status-publish","format-standard","has-post-thumbnail","hentry","category-kryesore","category-rreth-vendit"],"yoast_head":"<!-- This site is optimized with the Yoast SEO plugin v27.5 - https:\/\/yoast.com\/product\/yoast-seo-wordpress\/ -->\n<title>Blerina Bala zgjidhet kryetare e komanduar e Bashkis\u00eb s\u00eb Himar\u00ebs - Tirana Lajm<\/title>\n<meta name=\"robots\" content=\"index, follow, max-snippet:-1, max-image-preview:large, max-video-preview:-1\" \/>\n<link rel=\"canonical\" href=\"https:\/\/tiranalajm.com\/index.php\/2024\/03\/29\/blerina-bala-zgjidhet-kryetare-e-komanduar-e-bashkise-se-himares\/\" \/>\n<meta property=\"og:locale\" content=\"en_US\" \/>\n<meta property=\"og:type\" content=\"article\" \/>\n<meta property=\"og:title\" content=\"Blerina Bala zgjidhet kryetare e komanduar e Bashkis\u00eb s\u00eb Himar\u00ebs - Tirana Lajm\" \/>\n<meta property=\"og:description\" content=\"K\u00ebshilli Bashkiak i Himar\u00ebs ka zgjedhur Blerina Bal\u00ebn si kryetare t\u00eb komanduar t\u00eb Bashkis\u00eb s\u00eb Himar\u00ebs. Ajo mori votat e shumic\u00ebs s\u00eb an\u00ebtar\u00ebve t\u00eb K\u00ebshillit Bashkiak kundrejt n\u00ebnkryetarit tjet\u00ebr Pervin Gjikuria. Blerina Bala dhe Pervin Gjikuria ishin t\u00eb dy n\u00ebnkryetar t\u00eb Bashkis\u00eb s\u00eb Himar\u00ebs. N\u00eb kushtet kur kryetari n\u00eb detyr\u00eb Jorgo Goro u arrestua dhe [&hellip;]\" \/>\n<meta property=\"og:url\" content=\"https:\/\/tiranalajm.com\/index.php\/2024\/03\/29\/blerina-bala-zgjidhet-kryetare-e-komanduar-e-bashkise-se-himares\/\" \/>\n<meta property=\"og:site_name\" content=\"Tirana Lajm\" \/>\n<meta property=\"article:published_time\" content=\"2024-03-29T12:02:44+00:00\" \/>\n<meta property=\"og:image\" content=\"http:\/\/tiranalajm.com\/wp-content\/uploads\/2024\/03\/blerina-baa.jpeg\" \/>\n\t<meta property=\"og:image:width\" content=\"711\" \/>\n\t<meta property=\"og:image:height\" content=\"400\" \/>\n\t<meta property=\"og:image:type\" content=\"image\/jpeg\" \/>\n<meta name=\"author\" content=\"tiranalajm.com\" \/>\n<meta name=\"twitter:card\" content=\"summary_large_image\" \/>\n<meta name=\"twitter:label1\" content=\"Written by\" \/>\n\t<meta name=\"twitter:data1\" content=\"tiranalajm.com\" \/>\n\t<meta name=\"twitter:label2\" content=\"Est. reading time\" \/>\n\t<meta name=\"twitter:data2\" content=\"2 minutes\" \/>\n<script type=\"application\/ld+json\" class=\"yoast-schema-graph\">{\"@context\":\"https:\\\/\\\/schema.org\",\"@graph\":[{\"@type\":\"Article\",\"@id\":\"https:\\\/\\\/tiranalajm.com\\\/index.php\\\/2024\\\/03\\\/29\\\/blerina-bala-zgjidhet-kryetare-e-komanduar-e-bashkise-se-himares\\\/#article\",\"isPartOf\":{\"@id\":\"https:\\\/\\\/tiranalajm.com\\\/index.php\\\/2024\\\/03\\\/29\\\/blerina-bala-zgjidhet-kryetare-e-komanduar-e-bashkise-se-himares\\\/\"},\"author\":{\"name\":\"tiranalajm.com\",\"@id\":\"https:\\\/\\\/tiranalajm.com\\\/#\\\/schema\\\/person\\\/d62adf3f0d0ba38eb923c3c1f5152717\"},\"headline\":\"Blerina Bala zgjidhet kryetare e komanduar e Bashkis\u00eb s\u00eb Himar\u00ebs\",\"datePublished\":\"2024-03-29T12:02:44+00:00\",\"mainEntityOfPage\":{\"@id\":\"https:\\\/\\\/tiranalajm.com\\\/index.php\\\/2024\\\/03\\\/29\\\/blerina-bala-zgjidhet-kryetare-e-komanduar-e-bashkise-se-himares\\\/\"},\"wordCount\":347,\"commentCount\":0,\"publisher\":{\"@id\":\"https:\\\/\\\/tiranalajm.com\\\/#organization\"},\"image\":{\"@id\":\"https:\\\/\\\/tiranalajm.com\\\/index.php\\\/2024\\\/03\\\/29\\\/blerina-bala-zgjidhet-kryetare-e-komanduar-e-bashkise-se-himares\\\/#primaryimage\"},\"thumbnailUrl\":\"https:\\\/\\\/tiranalajm.com\\\/wp-content\\\/uploads\\\/2024\\\/03\\\/blerina-baa.jpeg\",\"articleSection\":[\"Kryesore\",\"Rreth vendit\"],\"inLanguage\":\"en-US\",\"potentialAction\":[{\"@type\":\"CommentAction\",\"name\":\"Comment\",\"target\":[\"https:\\\/\\\/tiranalajm.com\\\/index.php\\\/2024\\\/03\\\/29\\\/blerina-bala-zgjidhet-kryetare-e-komanduar-e-bashkise-se-himares\\\/#respond\"]}]},{\"@type\":\"WebPage\",\"@id\":\"https:\\\/\\\/tiranalajm.com\\\/index.php\\\/2024\\\/03\\\/29\\\/blerina-bala-zgjidhet-kryetare-e-komanduar-e-bashkise-se-himares\\\/\",\"url\":\"https:\\\/\\\/tiranalajm.com\\\/index.php\\\/2024\\\/03\\\/29\\\/blerina-bala-zgjidhet-kryetare-e-komanduar-e-bashkise-se-himares\\\/\",\"name\":\"Blerina Bala zgjidhet kryetare e komanduar e Bashkis\u00eb s\u00eb Himar\u00ebs - Tirana Lajm\",\"isPartOf\":{\"@id\":\"https:\\\/\\\/tiranalajm.com\\\/#website\"},\"primaryImageOfPage\":{\"@id\":\"https:\\\/\\\/tiranalajm.com\\\/index.php\\\/2024\\\/03\\\/29\\\/blerina-bala-zgjidhet-kryetare-e-komanduar-e-bashkise-se-himares\\\/#primaryimage\"},\"image\":{\"@id\":\"https:\\\/\\\/tiranalajm.com\\\/index.php\\\/2024\\\/03\\\/29\\\/blerina-bala-zgjidhet-kryetare-e-komanduar-e-bashkise-se-himares\\\/#primaryimage\"},\"thumbnailUrl\":\"https:\\\/\\\/tiranalajm.com\\\/wp-content\\\/uploads\\\/2024\\\/03\\\/blerina-baa.jpeg\",\"datePublished\":\"2024-03-29T12:02:44+00:00\",\"breadcrumb\":{\"@id\":\"https:\\\/\\\/tiranalajm.com\\\/index.php\\\/2024\\\/03\\\/29\\\/blerina-bala-zgjidhet-kryetare-e-komanduar-e-bashkise-se-himares\\\/#breadcrumb\"},\"inLanguage\":\"en-US\",\"potentialAction\":[{\"@type\":\"ReadAction\",\"target\":[\"https:\\\/\\\/tiranalajm.com\\\/index.php\\\/2024\\\/03\\\/29\\\/blerina-bala-zgjidhet-kryetare-e-komanduar-e-bashkise-se-himares\\\/\"]}]},{\"@type\":\"ImageObject\",\"inLanguage\":\"en-US\",\"@id\":\"https:\\\/\\\/tiranalajm.com\\\/index.php\\\/2024\\\/03\\\/29\\\/blerina-bala-zgjidhet-kryetare-e-komanduar-e-bashkise-se-himares\\\/#primaryimage\",\"url\":\"https:\\\/\\\/tiranalajm.com\\\/wp-content\\\/uploads\\\/2024\\\/03\\\/blerina-baa.jpeg\",\"contentUrl\":\"https:\\\/\\\/tiranalajm.com\\\/wp-content\\\/uploads\\\/2024\\\/03\\\/blerina-baa.jpeg\",\"width\":711,\"height\":400},{\"@type\":\"BreadcrumbList\",\"@id\":\"https:\\\/\\\/tiranalajm.com\\\/index.php\\\/2024\\\/03\\\/29\\\/blerina-bala-zgjidhet-kryetare-e-komanduar-e-bashkise-se-himares\\\/#breadcrumb\",\"itemListElement\":[{\"@type\":\"ListItem\",\"position\":1,\"name\":\"Home\",\"item\":\"https:\\\/\\\/tiranalajm.com\\\/\"},{\"@type\":\"ListItem\",\"position\":2,\"name\":\"Blerina Bala zgjidhet kryetare e komanduar e Bashkis\u00eb s\u00eb Himar\u00ebs\"}]},{\"@type\":\"WebSite\",\"@id\":\"https:\\\/\\\/tiranalajm.com\\\/#website\",\"url\":\"https:\\\/\\\/tiranalajm.com\\\/\",\"name\":\"Tirana Lajm\",\"description\":\"Tirana Lajm\",\"publisher\":{\"@id\":\"https:\\\/\\\/tiranalajm.com\\\/#organization\"},\"potentialAction\":[{\"@type\":\"SearchAction\",\"target\":{\"@type\":\"EntryPoint\",\"urlTemplate\":\"https:\\\/\\\/tiranalajm.com\\\/?s={search_term_string}\"},\"query-input\":{\"@type\":\"PropertyValueSpecification\",\"valueRequired\":true,\"valueName\":\"search_term_string\"}}],\"inLanguage\":\"en-US\"},{\"@type\":\"Organization\",\"@id\":\"https:\\\/\\\/tiranalajm.com\\\/#organization\",\"name\":\"Tirana Lajm\",\"url\":\"https:\\\/\\\/tiranalajm.com\\\/\",\"logo\":{\"@type\":\"ImageObject\",\"inLanguage\":\"en-US\",\"@id\":\"https:\\\/\\\/tiranalajm.com\\\/#\\\/schema\\\/logo\\\/image\\\/\",\"url\":\"https:\\\/\\\/tiranalajm.com\\\/wp-content\\\/uploads\\\/2023\\\/08\\\/logo-tirana-lajm.jpg\",\"contentUrl\":\"https:\\\/\\\/tiranalajm.com\\\/wp-content\\\/uploads\\\/2023\\\/08\\\/logo-tirana-lajm.jpg\",\"width\":600,\"height\":360,\"caption\":\"Tirana Lajm\"},\"image\":{\"@id\":\"https:\\\/\\\/tiranalajm.com\\\/#\\\/schema\\\/logo\\\/image\\\/\"}},{\"@type\":\"Person\",\"@id\":\"https:\\\/\\\/tiranalajm.com\\\/#\\\/schema\\\/person\\\/d62adf3f0d0ba38eb923c3c1f5152717\",\"name\":\"tiranalajm.com\",\"image\":{\"@type\":\"ImageObject\",\"inLanguage\":\"en-US\",\"@id\":\"https:\\\/\\\/secure.gravatar.com\\\/avatar\\\/70082bb8d030bb6b79327cd6e282b497e1b999934e601ba07a020bca96c4dbee?s=96&d=mm&r=g\",\"url\":\"https:\\\/\\\/secure.gravatar.com\\\/avatar\\\/70082bb8d030bb6b79327cd6e282b497e1b999934e601ba07a020bca96c4dbee?s=96&d=mm&r=g\",\"contentUrl\":\"https:\\\/\\\/secure.gravatar.com\\\/avatar\\\/70082bb8d030bb6b79327cd6e282b497e1b999934e601ba07a020bca96c4dbee?s=96&d=mm&r=g\",\"caption\":\"tiranalajm.com\"},\"sameAs\":[\"http:\\\/\\\/tiranalajm.com\"],\"url\":\"https:\\\/\\\/tiranalajm.com\\\/index.php\\\/author\\\/tiranalajm-com\\\/\"}]}<\/script>\n<!-- \/ Yoast SEO plugin. -->","yoast_head_json":{"title":"Blerina Bala zgjidhet kryetare e komanduar e Bashkis\u00eb s\u00eb Himar\u00ebs - Tirana Lajm","robots":{"index":"index","follow":"follow","max-snippet":"max-snippet:-1","max-image-preview":"max-image-preview:large","max-video-preview":"max-video-preview:-1"},"canonical":"https:\/\/tiranalajm.com\/index.php\/2024\/03\/29\/blerina-bala-zgjidhet-kryetare-e-komanduar-e-bashkise-se-himares\/","og_locale":"en_US","og_type":"article","og_title":"Blerina Bala zgjidhet kryetare e komanduar e Bashkis\u00eb s\u00eb Himar\u00ebs - Tirana Lajm","og_description":"K\u00ebshilli Bashkiak i Himar\u00ebs ka zgjedhur Blerina Bal\u00ebn si kryetare t\u00eb komanduar t\u00eb Bashkis\u00eb s\u00eb Himar\u00ebs. Ajo mori votat e shumic\u00ebs s\u00eb an\u00ebtar\u00ebve t\u00eb K\u00ebshillit Bashkiak kundrejt n\u00ebnkryetarit tjet\u00ebr Pervin Gjikuria. Blerina Bala dhe Pervin Gjikuria ishin t\u00eb dy n\u00ebnkryetar t\u00eb Bashkis\u00eb s\u00eb Himar\u00ebs. N\u00eb kushtet kur kryetari n\u00eb detyr\u00eb Jorgo Goro u arrestua dhe [&hellip;]","og_url":"https:\/\/tiranalajm.com\/index.php\/2024\/03\/29\/blerina-bala-zgjidhet-kryetare-e-komanduar-e-bashkise-se-himares\/","og_site_name":"Tirana Lajm","article_published_time":"2024-03-29T12:02:44+00:00","og_image":[{"width":711,"height":400,"url":"http:\/\/tiranalajm.com\/wp-content\/uploads\/2024\/03\/blerina-baa.jpeg","type":"image\/jpeg"}],"author":"tiranalajm.com","twitter_card":"summary_large_image","twitter_misc":{"Written by":"tiranalajm.com","Est. reading time":"2 minutes"},"schema":{"@context":"https:\/\/schema.org","@graph":[{"@type":"Article","@id":"https:\/\/tiranalajm.com\/index.php\/2024\/03\/29\/blerina-bala-zgjidhet-kryetare-e-komanduar-e-bashkise-se-himares\/#article","isPartOf":{"@id":"https:\/\/tiranalajm.com\/index.php\/2024\/03\/29\/blerina-bala-zgjidhet-kryetare-e-komanduar-e-bashkise-se-himares\/"},"author":{"name":"tiranalajm.com","@id":"https:\/\/tiranalajm.com\/#\/schema\/person\/d62adf3f0d0ba38eb923c3c1f5152717"},"headline":"Blerina Bala zgjidhet kryetare e komanduar e Bashkis\u00eb s\u00eb Himar\u00ebs","datePublished":"2024-03-29T12:02:44+00:00","mainEntityOfPage":{"@id":"https:\/\/tiranalajm.com\/index.php\/2024\/03\/29\/blerina-bala-zgjidhet-kryetare-e-komanduar-e-bashkise-se-himares\/"},"wordCount":347,"commentCount":0,"publisher":{"@id":"https:\/\/tiranalajm.com\/#organization"},"image":{"@id":"https:\/\/tiranalajm.com\/index.php\/2024\/03\/29\/blerina-bala-zgjidhet-kryetare-e-komanduar-e-bashkise-se-himares\/#primaryimage"},"thumbnailUrl":"https:\/\/tiranalajm.com\/wp-content\/uploads\/2024\/03\/blerina-baa.jpeg","articleSection":["Kryesore","Rreth vendit"],"inLanguage":"en-US","potentialAction":[{"@type":"CommentAction","name":"Comment","target":["https:\/\/tiranalajm.com\/index.php\/2024\/03\/29\/blerina-bala-zgjidhet-kryetare-e-komanduar-e-bashkise-se-himares\/#respond"]}]},{"@type":"WebPage","@id":"https:\/\/tiranalajm.com\/index.php\/2024\/03\/29\/blerina-bala-zgjidhet-kryetare-e-komanduar-e-bashkise-se-himares\/","url":"https:\/\/tiranalajm.com\/index.php\/2024\/03\/29\/blerina-bala-zgjidhet-kryetare-e-komanduar-e-bashkise-se-himares\/","name":"Blerina Bala zgjidhet kryetare e komanduar e Bashkis\u00eb s\u00eb Himar\u00ebs - Tirana Lajm","isPartOf":{"@id":"https:\/\/tiranalajm.com\/#website"},"primaryImageOfPage":{"@id":"https:\/\/tiranalajm.com\/index.php\/2024\/03\/29\/blerina-bala-zgjidhet-kryetare-e-komanduar-e-bashkise-se-himares\/#primaryimage"},"image":{"@id":"https:\/\/tiranalajm.com\/index.php\/2024\/03\/29\/blerina-bala-zgjidhet-kryetare-e-komanduar-e-bashkise-se-himares\/#primaryimage"},"thumbnailUrl":"https:\/\/tiranalajm.com\/wp-content\/uploads\/2024\/03\/blerina-baa.jpeg","datePublished":"2024-03-29T12:02:44+00:00","breadcrumb":{"@id":"https:\/\/tiranalajm.com\/index.php\/2024\/03\/29\/blerina-bala-zgjidhet-kryetare-e-komanduar-e-bashkise-se-himares\/#breadcrumb"},"inLanguage":"en-US","potentialAction":[{"@type":"ReadAction","target":["https:\/\/tiranalajm.com\/index.php\/2024\/03\/29\/blerina-bala-zgjidhet-kryetare-e-komanduar-e-bashkise-se-himares\/"]}]},{"@type":"ImageObject","inLanguage":"en-US","@id":"https:\/\/tiranalajm.com\/index.php\/2024\/03\/29\/blerina-bala-zgjidhet-kryetare-e-komanduar-e-bashkise-se-himares\/#primaryimage","url":"https:\/\/tiranalajm.com\/wp-content\/uploads\/2024\/03\/blerina-baa.jpeg","contentUrl":"https:\/\/tiranalajm.com\/wp-content\/uploads\/2024\/03\/blerina-baa.jpeg","width":711,"height":400},{"@type":"BreadcrumbList","@id":"https:\/\/tiranalajm.com\/index.php\/2024\/03\/29\/blerina-bala-zgjidhet-kryetare-e-komanduar-e-bashkise-se-himares\/#breadcrumb","itemListElement":[{"@type":"ListItem","position":1,"name":"Home","item":"https:\/\/tiranalajm.com\/"},{"@type":"ListItem","position":2,"name":"Blerina Bala zgjidhet kryetare e komanduar e Bashkis\u00eb s\u00eb Himar\u00ebs"}]},{"@type":"WebSite","@id":"https:\/\/tiranalajm.com\/#website","url":"https:\/\/tiranalajm.com\/","name":"Tirana Lajm","description":"Tirana Lajm","publisher":{"@id":"https:\/\/tiranalajm.com\/#organization"},"potentialAction":[{"@type":"SearchAction","target":{"@type":"EntryPoint","urlTemplate":"https:\/\/tiranalajm.com\/?s={search_term_string}"},"query-input":{"@type":"PropertyValueSpecification","valueRequired":true,"valueName":"search_term_string"}}],"inLanguage":"en-US"},{"@type":"Organization","@id":"https:\/\/tiranalajm.com\/#organization","name":"Tirana Lajm","url":"https:\/\/tiranalajm.com\/","logo":{"@type":"ImageObject","inLanguage":"en-US","@id":"https:\/\/tiranalajm.com\/#\/schema\/logo\/image\/","url":"https:\/\/tiranalajm.com\/wp-content\/uploads\/2023\/08\/logo-tirana-lajm.jpg","contentUrl":"https:\/\/tiranalajm.com\/wp-content\/uploads\/2023\/08\/logo-tirana-lajm.jpg","width":600,"height":360,"caption":"Tirana Lajm"},"image":{"@id":"https:\/\/tiranalajm.com\/#\/schema\/logo\/image\/"}},{"@type":"Person","@id":"https:\/\/tiranalajm.com\/#\/schema\/person\/d62adf3f0d0ba38eb923c3c1f5152717","name":"tiranalajm.com","image":{"@type":"ImageObject","inLanguage":"en-US","@id":"https:\/\/secure.gravatar.com\/avatar\/70082bb8d030bb6b79327cd6e282b497e1b999934e601ba07a020bca96c4dbee?s=96&d=mm&r=g","url":"https:\/\/secure.gravatar.com\/avatar\/70082bb8d030bb6b79327cd6e282b497e1b999934e601ba07a020bca96c4dbee?s=96&d=mm&r=g","contentUrl":"https:\/\/secure.gravatar.com\/avatar\/70082bb8d030bb6b79327cd6e282b497e1b999934e601ba07a020bca96c4dbee?s=96&d=mm&r=g","caption":"tiranalajm.com"},"sameAs":["http:\/\/tiranalajm.com"],"url":"https:\/\/tiranalajm.com\/index.php\/author\/tiranalajm-com\/"}]}},"_links":{"self":[{"href":"https:\/\/tiranalajm.com\/index.php\/wp-json\/wp\/v2\/posts\/74","targetHints":{"allow":["GET"]}}],"collection":[{"href":"https:\/\/tiranalajm.com\/index.php\/wp-json\/wp\/v2\/posts"}],"about":[{"href":"https:\/\/tiranalajm.com\/index.php\/wp-json\/wp\/v2\/types\/post"}],"author":[{"embeddable":true,"href":"https:\/\/tiranalajm.com\/index.php\/wp-json\/wp\/v2\/users\/1"}],"replies":[{"embeddable":true,"href":"https:\/\/tiranalajm.com\/index.php\/wp-json\/wp\/v2\/comments?post=74"}],"version-history":[{"count":1,"href":"https:\/\/tiranalajm.com\/index.php\/wp-json\/wp\/v2\/posts\/74\/revisions"}],"predecessor-version":[{"id":76,"href":"https:\/\/tiranalajm.com\/index.php\/wp-json\/wp\/v2\/posts\/74\/revisions\/76"}],"wp:featuredmedia":[{"embeddable":true,"href":"https:\/\/tiranalajm.com\/index.php\/wp-json\/wp\/v2\/media\/75"}],"wp:attachment":[{"href":"https:\/\/tiranalajm.com\/index.php\/wp-json\/wp\/v2\/media?parent=74"}],"wp:term":[{"taxonomy":"category","embeddable":true,"href":"https:\/\/tiranalajm.com\/index.php\/wp-json\/wp\/v2\/categories?post=74"},{"taxonomy":"post_tag","embeddable":true,"href":"https:\/\/tiranalajm.com\/index.php\/wp-json\/wp\/v2\/tags?post=74"}],"curies":[{"name":"wp","href":"https:\/\/api.w.org\/{rel}","templated":true}]}}