{"id":89,"date":"2024-04-23T21:24:08","date_gmt":"2024-04-23T20:24:08","guid":{"rendered":"https:\/\/tiranalajm.com\/?p=89"},"modified":"2024-04-23T21:24:08","modified_gmt":"2024-04-23T20:24:08","slug":"ryshfet-per-ndertim-pa-leje-shpallet-ne-kerkim-kryeinspektori-i-imt-elbasan-dhe-vartesi-i-tij","status":"publish","type":"post","link":"https:\/\/tiranalajm.com\/index.php\/2024\/04\/23\/ryshfet-per-ndertim-pa-leje-shpallet-ne-kerkim-kryeinspektori-i-imt-elbasan-dhe-vartesi-i-tij\/","title":{"rendered":"Ryshfet p\u00ebr nd\u00ebrtim pa leje, shpallet n\u00eb k\u00ebrkim kryeinspektori i IMT Elbasan dhe vart\u00ebsi i tij\u00a0"},"content":{"rendered":"\n<p>Kryeinspektori i Inspektoratit t\u00eb Mbrojtjes s\u00eb Territorit n\u00eb Elbasan dhe nj\u00eb vart\u00ebs i tij jan\u00eb shpallur n\u00eb k\u00ebrkim nga policia, pasi ndaj tyre Gjykata ka l\u00ebshuar urdhrin e arrestit me burg. Zyrtar\u00ebt kan\u00eb marr\u00eb ryshfet p\u00ebr nj\u00eb objekt t\u00eb nd\u00ebrtuar pa leje n\u00eb qytetin e Elbasanit.<\/p>\n\n\n\n<p><strong>Njoftimi i policis\u00eb<\/strong><\/p>\n\n\n\n<p><em>Specialist\u00ebt e Sektorit p\u00ebr Hetimin e Krimeve Ekonomike dhe Financiare n\u00eb Drejtorin\u00eb Vendore t\u00eb Policis\u00eb Elbasan shpall\u00ebn n\u00eb k\u00ebrkim shtetasit A. M., 38 vje\u00e7, me detyr\u00eb kryeinspektor n\u00eb IMT Elbasan dhe B. Q., 50 vje\u00e7, inspektor n\u00eb IMT Elbasan. &nbsp;<\/em><\/p>\n\n\n\n<p><em>P\u00ebr k\u00ebta dy shtetas, Gjykata e Shkall\u00ebs s\u00eb Par\u00eb e Juridiksionit t\u00eb P\u00ebrgjithsh\u00ebm Elbasan ka caktuar mas\u00ebn e siguris\u00eb &#8220;Arrest n\u00eb burg&#8221;, p\u00ebr veprat penale &#8220;Shp\u00ebrdorimi i detyr\u00ebs&#8221; dhe &#8220;Korrupsioni pasiv i personave q\u00eb ushtrojn\u00eb funksione publike&#8221;.&nbsp;<\/em><\/p>\n\n\n\n<p><em>Ata dyshohen se n\u00eb muajin prill 2024, nuk kan\u00eb kryer detyrat funksionale p\u00ebr nj\u00eb objekt t\u00eb nd\u00ebrtuar pa leje, n\u00eb lagjen &#8220;28 N\u00ebntori&#8221;, Elbasan, dhe kan\u00eb marr\u00eb rryshfet p\u00ebr k\u00ebt\u00eb favorizim.&nbsp;<\/em><\/p>\n\n\n\n<p><em>Materialet procedurale i kaluan Prokuroris\u00eb, nd\u00ebrkoh\u00eb q\u00eb vijon puna intensive p\u00ebr kapjen e k\u00ebtyre 2 shtetasve.<\/em><\/p>\n","protected":false},"excerpt":{"rendered":"<p>Kryeinspektori i Inspektoratit t\u00eb Mbrojtjes s\u00eb Territorit n\u00eb Elbasan dhe nj\u00eb vart\u00ebs i tij jan\u00eb shpallur n\u00eb k\u00ebrkim nga policia, pasi ndaj tyre Gjykata ka l\u00ebshuar urdhrin e arrestit me burg. Zyrtar\u00ebt kan\u00eb marr\u00eb ryshfet p\u00ebr nj\u00eb objekt t\u00eb nd\u00ebrtuar pa leje n\u00eb qytetin e Elbasanit. Njoftimi i policis\u00eb Specialist\u00ebt e Sektorit p\u00ebr Hetimin e [&hellip;]<\/p>\n","protected":false},"author":1,"featured_media":90,"comment_status":"open","ping_status":"open","sticky":false,"template":"","format":"standard","meta":{"footnotes":""},"categories":[4,3],"tags":[],"class_list":["post-89","post","type-post","status-publish","format-standard","has-post-thumbnail","hentry","category-kryesore","category-rreth-vendit"],"yoast_head":"<!-- This site is optimized with the Yoast SEO plugin v27.4 - https:\/\/yoast.com\/product\/yoast-seo-wordpress\/ -->\n<title>Ryshfet p\u00ebr nd\u00ebrtim pa leje, shpallet n\u00eb k\u00ebrkim kryeinspektori i IMT Elbasan dhe vart\u00ebsi i tij\u00a0 - Tirana Lajm<\/title>\n<meta name=\"robots\" content=\"index, follow, max-snippet:-1, max-image-preview:large, max-video-preview:-1\" \/>\n<link rel=\"canonical\" href=\"https:\/\/tiranalajm.com\/index.php\/2024\/04\/23\/ryshfet-per-ndertim-pa-leje-shpallet-ne-kerkim-kryeinspektori-i-imt-elbasan-dhe-vartesi-i-tij\/\" \/>\n<meta property=\"og:locale\" content=\"en_US\" \/>\n<meta property=\"og:type\" content=\"article\" \/>\n<meta property=\"og:title\" content=\"Ryshfet p\u00ebr nd\u00ebrtim pa leje, shpallet n\u00eb k\u00ebrkim kryeinspektori i IMT Elbasan dhe vart\u00ebsi i tij\u00a0 - Tirana Lajm\" \/>\n<meta property=\"og:description\" content=\"Kryeinspektori i Inspektoratit t\u00eb Mbrojtjes s\u00eb Territorit n\u00eb Elbasan dhe nj\u00eb vart\u00ebs i tij jan\u00eb shpallur n\u00eb k\u00ebrkim nga policia, pasi ndaj tyre Gjykata ka l\u00ebshuar urdhrin e arrestit me burg. Zyrtar\u00ebt kan\u00eb marr\u00eb ryshfet p\u00ebr nj\u00eb objekt t\u00eb nd\u00ebrtuar pa leje n\u00eb qytetin e Elbasanit. Njoftimi i policis\u00eb Specialist\u00ebt e Sektorit p\u00ebr Hetimin e [&hellip;]\" \/>\n<meta property=\"og:url\" content=\"https:\/\/tiranalajm.com\/index.php\/2024\/04\/23\/ryshfet-per-ndertim-pa-leje-shpallet-ne-kerkim-kryeinspektori-i-imt-elbasan-dhe-vartesi-i-tij\/\" \/>\n<meta property=\"og:site_name\" content=\"Tirana Lajm\" \/>\n<meta property=\"article:published_time\" content=\"2024-04-23T20:24:08+00:00\" \/>\n<meta property=\"og:image\" content=\"http:\/\/tiranalajm.com\/wp-content\/uploads\/2024\/04\/900-0-1713896707xpolicia-elbasan-707x400-709.jpg\" \/>\n\t<meta property=\"og:image:width\" content=\"900\" \/>\n\t<meta property=\"og:image:height\" content=\"509\" \/>\n\t<meta property=\"og:image:type\" content=\"image\/jpeg\" \/>\n<meta name=\"author\" content=\"tiranalajm.com\" \/>\n<meta name=\"twitter:card\" content=\"summary_large_image\" \/>\n<meta name=\"twitter:label1\" content=\"Written by\" \/>\n\t<meta name=\"twitter:data1\" content=\"tiranalajm.com\" \/>\n\t<meta name=\"twitter:label2\" content=\"Est. reading time\" \/>\n\t<meta name=\"twitter:data2\" content=\"1 minute\" \/>\n<script type=\"application\/ld+json\" class=\"yoast-schema-graph\">{\"@context\":\"https:\\\/\\\/schema.org\",\"@graph\":[{\"@type\":\"Article\",\"@id\":\"https:\\\/\\\/tiranalajm.com\\\/index.php\\\/2024\\\/04\\\/23\\\/ryshfet-per-ndertim-pa-leje-shpallet-ne-kerkim-kryeinspektori-i-imt-elbasan-dhe-vartesi-i-tij\\\/#article\",\"isPartOf\":{\"@id\":\"https:\\\/\\\/tiranalajm.com\\\/index.php\\\/2024\\\/04\\\/23\\\/ryshfet-per-ndertim-pa-leje-shpallet-ne-kerkim-kryeinspektori-i-imt-elbasan-dhe-vartesi-i-tij\\\/\"},\"author\":{\"name\":\"tiranalajm.com\",\"@id\":\"https:\\\/\\\/tiranalajm.com\\\/#\\\/schema\\\/person\\\/d62adf3f0d0ba38eb923c3c1f5152717\"},\"headline\":\"Ryshfet p\u00ebr nd\u00ebrtim pa leje, shpallet n\u00eb k\u00ebrkim kryeinspektori i IMT Elbasan dhe vart\u00ebsi i tij\u00a0\",\"datePublished\":\"2024-04-23T20:24:08+00:00\",\"mainEntityOfPage\":{\"@id\":\"https:\\\/\\\/tiranalajm.com\\\/index.php\\\/2024\\\/04\\\/23\\\/ryshfet-per-ndertim-pa-leje-shpallet-ne-kerkim-kryeinspektori-i-imt-elbasan-dhe-vartesi-i-tij\\\/\"},\"wordCount\":217,\"commentCount\":0,\"publisher\":{\"@id\":\"https:\\\/\\\/tiranalajm.com\\\/#organization\"},\"image\":{\"@id\":\"https:\\\/\\\/tiranalajm.com\\\/index.php\\\/2024\\\/04\\\/23\\\/ryshfet-per-ndertim-pa-leje-shpallet-ne-kerkim-kryeinspektori-i-imt-elbasan-dhe-vartesi-i-tij\\\/#primaryimage\"},\"thumbnailUrl\":\"https:\\\/\\\/tiranalajm.com\\\/wp-content\\\/uploads\\\/2024\\\/04\\\/900-0-1713896707xpolicia-elbasan-707x400-709.jpg\",\"articleSection\":[\"Kryesore\",\"Rreth vendit\"],\"inLanguage\":\"en-US\",\"potentialAction\":[{\"@type\":\"CommentAction\",\"name\":\"Comment\",\"target\":[\"https:\\\/\\\/tiranalajm.com\\\/index.php\\\/2024\\\/04\\\/23\\\/ryshfet-per-ndertim-pa-leje-shpallet-ne-kerkim-kryeinspektori-i-imt-elbasan-dhe-vartesi-i-tij\\\/#respond\"]}]},{\"@type\":\"WebPage\",\"@id\":\"https:\\\/\\\/tiranalajm.com\\\/index.php\\\/2024\\\/04\\\/23\\\/ryshfet-per-ndertim-pa-leje-shpallet-ne-kerkim-kryeinspektori-i-imt-elbasan-dhe-vartesi-i-tij\\\/\",\"url\":\"https:\\\/\\\/tiranalajm.com\\\/index.php\\\/2024\\\/04\\\/23\\\/ryshfet-per-ndertim-pa-leje-shpallet-ne-kerkim-kryeinspektori-i-imt-elbasan-dhe-vartesi-i-tij\\\/\",\"name\":\"Ryshfet p\u00ebr nd\u00ebrtim pa leje, shpallet n\u00eb k\u00ebrkim kryeinspektori i IMT Elbasan dhe vart\u00ebsi i tij\u00a0 - Tirana Lajm\",\"isPartOf\":{\"@id\":\"https:\\\/\\\/tiranalajm.com\\\/#website\"},\"primaryImageOfPage\":{\"@id\":\"https:\\\/\\\/tiranalajm.com\\\/index.php\\\/2024\\\/04\\\/23\\\/ryshfet-per-ndertim-pa-leje-shpallet-ne-kerkim-kryeinspektori-i-imt-elbasan-dhe-vartesi-i-tij\\\/#primaryimage\"},\"image\":{\"@id\":\"https:\\\/\\\/tiranalajm.com\\\/index.php\\\/2024\\\/04\\\/23\\\/ryshfet-per-ndertim-pa-leje-shpallet-ne-kerkim-kryeinspektori-i-imt-elbasan-dhe-vartesi-i-tij\\\/#primaryimage\"},\"thumbnailUrl\":\"https:\\\/\\\/tiranalajm.com\\\/wp-content\\\/uploads\\\/2024\\\/04\\\/900-0-1713896707xpolicia-elbasan-707x400-709.jpg\",\"datePublished\":\"2024-04-23T20:24:08+00:00\",\"breadcrumb\":{\"@id\":\"https:\\\/\\\/tiranalajm.com\\\/index.php\\\/2024\\\/04\\\/23\\\/ryshfet-per-ndertim-pa-leje-shpallet-ne-kerkim-kryeinspektori-i-imt-elbasan-dhe-vartesi-i-tij\\\/#breadcrumb\"},\"inLanguage\":\"en-US\",\"potentialAction\":[{\"@type\":\"ReadAction\",\"target\":[\"https:\\\/\\\/tiranalajm.com\\\/index.php\\\/2024\\\/04\\\/23\\\/ryshfet-per-ndertim-pa-leje-shpallet-ne-kerkim-kryeinspektori-i-imt-elbasan-dhe-vartesi-i-tij\\\/\"]}]},{\"@type\":\"ImageObject\",\"inLanguage\":\"en-US\",\"@id\":\"https:\\\/\\\/tiranalajm.com\\\/index.php\\\/2024\\\/04\\\/23\\\/ryshfet-per-ndertim-pa-leje-shpallet-ne-kerkim-kryeinspektori-i-imt-elbasan-dhe-vartesi-i-tij\\\/#primaryimage\",\"url\":\"https:\\\/\\\/tiranalajm.com\\\/wp-content\\\/uploads\\\/2024\\\/04\\\/900-0-1713896707xpolicia-elbasan-707x400-709.jpg\",\"contentUrl\":\"https:\\\/\\\/tiranalajm.com\\\/wp-content\\\/uploads\\\/2024\\\/04\\\/900-0-1713896707xpolicia-elbasan-707x400-709.jpg\",\"width\":900,\"height\":509},{\"@type\":\"BreadcrumbList\",\"@id\":\"https:\\\/\\\/tiranalajm.com\\\/index.php\\\/2024\\\/04\\\/23\\\/ryshfet-per-ndertim-pa-leje-shpallet-ne-kerkim-kryeinspektori-i-imt-elbasan-dhe-vartesi-i-tij\\\/#breadcrumb\",\"itemListElement\":[{\"@type\":\"ListItem\",\"position\":1,\"name\":\"Home\",\"item\":\"https:\\\/\\\/tiranalajm.com\\\/\"},{\"@type\":\"ListItem\",\"position\":2,\"name\":\"Ryshfet p\u00ebr nd\u00ebrtim pa leje, shpallet n\u00eb k\u00ebrkim kryeinspektori i IMT Elbasan dhe vart\u00ebsi i tij\u00a0\"}]},{\"@type\":\"WebSite\",\"@id\":\"https:\\\/\\\/tiranalajm.com\\\/#website\",\"url\":\"https:\\\/\\\/tiranalajm.com\\\/\",\"name\":\"Tirana Lajm\",\"description\":\"Tirana Lajm\",\"publisher\":{\"@id\":\"https:\\\/\\\/tiranalajm.com\\\/#organization\"},\"potentialAction\":[{\"@type\":\"SearchAction\",\"target\":{\"@type\":\"EntryPoint\",\"urlTemplate\":\"https:\\\/\\\/tiranalajm.com\\\/?s={search_term_string}\"},\"query-input\":{\"@type\":\"PropertyValueSpecification\",\"valueRequired\":true,\"valueName\":\"search_term_string\"}}],\"inLanguage\":\"en-US\"},{\"@type\":\"Organization\",\"@id\":\"https:\\\/\\\/tiranalajm.com\\\/#organization\",\"name\":\"Tirana Lajm\",\"url\":\"https:\\\/\\\/tiranalajm.com\\\/\",\"logo\":{\"@type\":\"ImageObject\",\"inLanguage\":\"en-US\",\"@id\":\"https:\\\/\\\/tiranalajm.com\\\/#\\\/schema\\\/logo\\\/image\\\/\",\"url\":\"https:\\\/\\\/tiranalajm.com\\\/wp-content\\\/uploads\\\/2023\\\/08\\\/logo-tirana-lajm.jpg\",\"contentUrl\":\"https:\\\/\\\/tiranalajm.com\\\/wp-content\\\/uploads\\\/2023\\\/08\\\/logo-tirana-lajm.jpg\",\"width\":600,\"height\":360,\"caption\":\"Tirana Lajm\"},\"image\":{\"@id\":\"https:\\\/\\\/tiranalajm.com\\\/#\\\/schema\\\/logo\\\/image\\\/\"}},{\"@type\":\"Person\",\"@id\":\"https:\\\/\\\/tiranalajm.com\\\/#\\\/schema\\\/person\\\/d62adf3f0d0ba38eb923c3c1f5152717\",\"name\":\"tiranalajm.com\",\"image\":{\"@type\":\"ImageObject\",\"inLanguage\":\"en-US\",\"@id\":\"https:\\\/\\\/secure.gravatar.com\\\/avatar\\\/70082bb8d030bb6b79327cd6e282b497e1b999934e601ba07a020bca96c4dbee?s=96&d=mm&r=g\",\"url\":\"https:\\\/\\\/secure.gravatar.com\\\/avatar\\\/70082bb8d030bb6b79327cd6e282b497e1b999934e601ba07a020bca96c4dbee?s=96&d=mm&r=g\",\"contentUrl\":\"https:\\\/\\\/secure.gravatar.com\\\/avatar\\\/70082bb8d030bb6b79327cd6e282b497e1b999934e601ba07a020bca96c4dbee?s=96&d=mm&r=g\",\"caption\":\"tiranalajm.com\"},\"sameAs\":[\"http:\\\/\\\/tiranalajm.com\"],\"url\":\"https:\\\/\\\/tiranalajm.com\\\/index.php\\\/author\\\/tiranalajm-com\\\/\"}]}<\/script>\n<!-- \/ Yoast SEO plugin. -->","yoast_head_json":{"title":"Ryshfet p\u00ebr nd\u00ebrtim pa leje, shpallet n\u00eb k\u00ebrkim kryeinspektori i IMT Elbasan dhe vart\u00ebsi i tij\u00a0 - Tirana Lajm","robots":{"index":"index","follow":"follow","max-snippet":"max-snippet:-1","max-image-preview":"max-image-preview:large","max-video-preview":"max-video-preview:-1"},"canonical":"https:\/\/tiranalajm.com\/index.php\/2024\/04\/23\/ryshfet-per-ndertim-pa-leje-shpallet-ne-kerkim-kryeinspektori-i-imt-elbasan-dhe-vartesi-i-tij\/","og_locale":"en_US","og_type":"article","og_title":"Ryshfet p\u00ebr nd\u00ebrtim pa leje, shpallet n\u00eb k\u00ebrkim kryeinspektori i IMT Elbasan dhe vart\u00ebsi i tij\u00a0 - Tirana Lajm","og_description":"Kryeinspektori i Inspektoratit t\u00eb Mbrojtjes s\u00eb Territorit n\u00eb Elbasan dhe nj\u00eb vart\u00ebs i tij jan\u00eb shpallur n\u00eb k\u00ebrkim nga policia, pasi ndaj tyre Gjykata ka l\u00ebshuar urdhrin e arrestit me burg. Zyrtar\u00ebt kan\u00eb marr\u00eb ryshfet p\u00ebr nj\u00eb objekt t\u00eb nd\u00ebrtuar pa leje n\u00eb qytetin e Elbasanit. Njoftimi i policis\u00eb Specialist\u00ebt e Sektorit p\u00ebr Hetimin e [&hellip;]","og_url":"https:\/\/tiranalajm.com\/index.php\/2024\/04\/23\/ryshfet-per-ndertim-pa-leje-shpallet-ne-kerkim-kryeinspektori-i-imt-elbasan-dhe-vartesi-i-tij\/","og_site_name":"Tirana Lajm","article_published_time":"2024-04-23T20:24:08+00:00","og_image":[{"width":900,"height":509,"url":"http:\/\/tiranalajm.com\/wp-content\/uploads\/2024\/04\/900-0-1713896707xpolicia-elbasan-707x400-709.jpg","type":"image\/jpeg"}],"author":"tiranalajm.com","twitter_card":"summary_large_image","twitter_misc":{"Written by":"tiranalajm.com","Est. reading time":"1 minute"},"schema":{"@context":"https:\/\/schema.org","@graph":[{"@type":"Article","@id":"https:\/\/tiranalajm.com\/index.php\/2024\/04\/23\/ryshfet-per-ndertim-pa-leje-shpallet-ne-kerkim-kryeinspektori-i-imt-elbasan-dhe-vartesi-i-tij\/#article","isPartOf":{"@id":"https:\/\/tiranalajm.com\/index.php\/2024\/04\/23\/ryshfet-per-ndertim-pa-leje-shpallet-ne-kerkim-kryeinspektori-i-imt-elbasan-dhe-vartesi-i-tij\/"},"author":{"name":"tiranalajm.com","@id":"https:\/\/tiranalajm.com\/#\/schema\/person\/d62adf3f0d0ba38eb923c3c1f5152717"},"headline":"Ryshfet p\u00ebr nd\u00ebrtim pa leje, shpallet n\u00eb k\u00ebrkim kryeinspektori i IMT Elbasan dhe vart\u00ebsi i tij\u00a0","datePublished":"2024-04-23T20:24:08+00:00","mainEntityOfPage":{"@id":"https:\/\/tiranalajm.com\/index.php\/2024\/04\/23\/ryshfet-per-ndertim-pa-leje-shpallet-ne-kerkim-kryeinspektori-i-imt-elbasan-dhe-vartesi-i-tij\/"},"wordCount":217,"commentCount":0,"publisher":{"@id":"https:\/\/tiranalajm.com\/#organization"},"image":{"@id":"https:\/\/tiranalajm.com\/index.php\/2024\/04\/23\/ryshfet-per-ndertim-pa-leje-shpallet-ne-kerkim-kryeinspektori-i-imt-elbasan-dhe-vartesi-i-tij\/#primaryimage"},"thumbnailUrl":"https:\/\/tiranalajm.com\/wp-content\/uploads\/2024\/04\/900-0-1713896707xpolicia-elbasan-707x400-709.jpg","articleSection":["Kryesore","Rreth vendit"],"inLanguage":"en-US","potentialAction":[{"@type":"CommentAction","name":"Comment","target":["https:\/\/tiranalajm.com\/index.php\/2024\/04\/23\/ryshfet-per-ndertim-pa-leje-shpallet-ne-kerkim-kryeinspektori-i-imt-elbasan-dhe-vartesi-i-tij\/#respond"]}]},{"@type":"WebPage","@id":"https:\/\/tiranalajm.com\/index.php\/2024\/04\/23\/ryshfet-per-ndertim-pa-leje-shpallet-ne-kerkim-kryeinspektori-i-imt-elbasan-dhe-vartesi-i-tij\/","url":"https:\/\/tiranalajm.com\/index.php\/2024\/04\/23\/ryshfet-per-ndertim-pa-leje-shpallet-ne-kerkim-kryeinspektori-i-imt-elbasan-dhe-vartesi-i-tij\/","name":"Ryshfet p\u00ebr nd\u00ebrtim pa leje, shpallet n\u00eb k\u00ebrkim kryeinspektori i IMT Elbasan dhe vart\u00ebsi i tij\u00a0 - Tirana Lajm","isPartOf":{"@id":"https:\/\/tiranalajm.com\/#website"},"primaryImageOfPage":{"@id":"https:\/\/tiranalajm.com\/index.php\/2024\/04\/23\/ryshfet-per-ndertim-pa-leje-shpallet-ne-kerkim-kryeinspektori-i-imt-elbasan-dhe-vartesi-i-tij\/#primaryimage"},"image":{"@id":"https:\/\/tiranalajm.com\/index.php\/2024\/04\/23\/ryshfet-per-ndertim-pa-leje-shpallet-ne-kerkim-kryeinspektori-i-imt-elbasan-dhe-vartesi-i-tij\/#primaryimage"},"thumbnailUrl":"https:\/\/tiranalajm.com\/wp-content\/uploads\/2024\/04\/900-0-1713896707xpolicia-elbasan-707x400-709.jpg","datePublished":"2024-04-23T20:24:08+00:00","breadcrumb":{"@id":"https:\/\/tiranalajm.com\/index.php\/2024\/04\/23\/ryshfet-per-ndertim-pa-leje-shpallet-ne-kerkim-kryeinspektori-i-imt-elbasan-dhe-vartesi-i-tij\/#breadcrumb"},"inLanguage":"en-US","potentialAction":[{"@type":"ReadAction","target":["https:\/\/tiranalajm.com\/index.php\/2024\/04\/23\/ryshfet-per-ndertim-pa-leje-shpallet-ne-kerkim-kryeinspektori-i-imt-elbasan-dhe-vartesi-i-tij\/"]}]},{"@type":"ImageObject","inLanguage":"en-US","@id":"https:\/\/tiranalajm.com\/index.php\/2024\/04\/23\/ryshfet-per-ndertim-pa-leje-shpallet-ne-kerkim-kryeinspektori-i-imt-elbasan-dhe-vartesi-i-tij\/#primaryimage","url":"https:\/\/tiranalajm.com\/wp-content\/uploads\/2024\/04\/900-0-1713896707xpolicia-elbasan-707x400-709.jpg","contentUrl":"https:\/\/tiranalajm.com\/wp-content\/uploads\/2024\/04\/900-0-1713896707xpolicia-elbasan-707x400-709.jpg","width":900,"height":509},{"@type":"BreadcrumbList","@id":"https:\/\/tiranalajm.com\/index.php\/2024\/04\/23\/ryshfet-per-ndertim-pa-leje-shpallet-ne-kerkim-kryeinspektori-i-imt-elbasan-dhe-vartesi-i-tij\/#breadcrumb","itemListElement":[{"@type":"ListItem","position":1,"name":"Home","item":"https:\/\/tiranalajm.com\/"},{"@type":"ListItem","position":2,"name":"Ryshfet p\u00ebr nd\u00ebrtim pa leje, shpallet n\u00eb k\u00ebrkim kryeinspektori i IMT Elbasan dhe vart\u00ebsi i tij\u00a0"}]},{"@type":"WebSite","@id":"https:\/\/tiranalajm.com\/#website","url":"https:\/\/tiranalajm.com\/","name":"Tirana Lajm","description":"Tirana Lajm","publisher":{"@id":"https:\/\/tiranalajm.com\/#organization"},"potentialAction":[{"@type":"SearchAction","target":{"@type":"EntryPoint","urlTemplate":"https:\/\/tiranalajm.com\/?s={search_term_string}"},"query-input":{"@type":"PropertyValueSpecification","valueRequired":true,"valueName":"search_term_string"}}],"inLanguage":"en-US"},{"@type":"Organization","@id":"https:\/\/tiranalajm.com\/#organization","name":"Tirana Lajm","url":"https:\/\/tiranalajm.com\/","logo":{"@type":"ImageObject","inLanguage":"en-US","@id":"https:\/\/tiranalajm.com\/#\/schema\/logo\/image\/","url":"https:\/\/tiranalajm.com\/wp-content\/uploads\/2023\/08\/logo-tirana-lajm.jpg","contentUrl":"https:\/\/tiranalajm.com\/wp-content\/uploads\/2023\/08\/logo-tirana-lajm.jpg","width":600,"height":360,"caption":"Tirana Lajm"},"image":{"@id":"https:\/\/tiranalajm.com\/#\/schema\/logo\/image\/"}},{"@type":"Person","@id":"https:\/\/tiranalajm.com\/#\/schema\/person\/d62adf3f0d0ba38eb923c3c1f5152717","name":"tiranalajm.com","image":{"@type":"ImageObject","inLanguage":"en-US","@id":"https:\/\/secure.gravatar.com\/avatar\/70082bb8d030bb6b79327cd6e282b497e1b999934e601ba07a020bca96c4dbee?s=96&d=mm&r=g","url":"https:\/\/secure.gravatar.com\/avatar\/70082bb8d030bb6b79327cd6e282b497e1b999934e601ba07a020bca96c4dbee?s=96&d=mm&r=g","contentUrl":"https:\/\/secure.gravatar.com\/avatar\/70082bb8d030bb6b79327cd6e282b497e1b999934e601ba07a020bca96c4dbee?s=96&d=mm&r=g","caption":"tiranalajm.com"},"sameAs":["http:\/\/tiranalajm.com"],"url":"https:\/\/tiranalajm.com\/index.php\/author\/tiranalajm-com\/"}]}},"_links":{"self":[{"href":"https:\/\/tiranalajm.com\/index.php\/wp-json\/wp\/v2\/posts\/89","targetHints":{"allow":["GET"]}}],"collection":[{"href":"https:\/\/tiranalajm.com\/index.php\/wp-json\/wp\/v2\/posts"}],"about":[{"href":"https:\/\/tiranalajm.com\/index.php\/wp-json\/wp\/v2\/types\/post"}],"author":[{"embeddable":true,"href":"https:\/\/tiranalajm.com\/index.php\/wp-json\/wp\/v2\/users\/1"}],"replies":[{"embeddable":true,"href":"https:\/\/tiranalajm.com\/index.php\/wp-json\/wp\/v2\/comments?post=89"}],"version-history":[{"count":1,"href":"https:\/\/tiranalajm.com\/index.php\/wp-json\/wp\/v2\/posts\/89\/revisions"}],"predecessor-version":[{"id":91,"href":"https:\/\/tiranalajm.com\/index.php\/wp-json\/wp\/v2\/posts\/89\/revisions\/91"}],"wp:featuredmedia":[{"embeddable":true,"href":"https:\/\/tiranalajm.com\/index.php\/wp-json\/wp\/v2\/media\/90"}],"wp:attachment":[{"href":"https:\/\/tiranalajm.com\/index.php\/wp-json\/wp\/v2\/media?parent=89"}],"wp:term":[{"taxonomy":"category","embeddable":true,"href":"https:\/\/tiranalajm.com\/index.php\/wp-json\/wp\/v2\/categories?post=89"},{"taxonomy":"post_tag","embeddable":true,"href":"https:\/\/tiranalajm.com\/index.php\/wp-json\/wp\/v2\/tags?post=89"}],"curies":[{"name":"wp","href":"https:\/\/api.w.org\/{rel}","templated":true}]}}