{"id":95,"date":"2024-04-24T12:55:17","date_gmt":"2024-04-24T11:55:17","guid":{"rendered":"https:\/\/tiranalajm.com\/?p=95"},"modified":"2024-04-24T12:55:17","modified_gmt":"2024-04-24T11:55:17","slug":"detaji-shpallet-ne-kerkim-nga-policia-vellai-i-dhendrit-te-qazim-sejdinit-per-korrupsion-2-5-milione-leke-ne-kembim-te","status":"publish","type":"post","link":"https:\/\/tiranalajm.com\/index.php\/2024\/04\/24\/detaji-shpallet-ne-kerkim-nga-policia-vellai-i-dhendrit-te-qazim-sejdinit-per-korrupsion-2-5-milione-leke-ne-kembim-te\/","title":{"rendered":"DETAJI\/ Shpallet n\u00eb k\u00ebrkim nga policia v\u00ebllai i dh\u00ebndrit t\u00eb QAZIM SEJDINIT p\u00ebr korrupsion: 2.5 milion\u00eb lek\u00eb n\u00eb k\u00ebmbim t\u00eb&#8230;"},"content":{"rendered":"\n<p>Kryeinspektori i INUV-it pran\u00eb bashkis\u00eb s\u00eb Elbasanit,&nbsp;<strong>Andri Mehja<\/strong>&nbsp;\u00ebsht\u00eb shpallur n\u00eb k\u00ebrkim p\u00ebr akuz\u00ebn e korrupsionit, pasi dyshohet se i ka mar\u00eb nj\u00eb qytetari 2.5 milion lek\u00eb t\u00eb vjetra, kundrejt lejimit t\u00eb nj\u00eb objekti pa lej\u00eb.<\/p>\n\n\n\n<p>Ndalimi \u00ebsht\u00eb b\u00ebr\u00eb nga prokurori i Elbasanit&nbsp;<strong>Xhelian Seferi<\/strong>, i cili n\u00eb k\u00ebt\u00eb rast ka bashk\u00ebpunuar me median, duke kryer veprime proaktive s\u00eb bashku me gazetar\u00ebt e nj\u00eb emisioni investigativ.<\/p>\n\n\n\n<figure class=\"wp-block-image\"><img decoding=\"async\" src=\"https:\/\/ads.gogel.al\/www\/delivery\/lg.php?bannerid=0&amp;campaignid=0&amp;zoneid=251&amp;loc=https%3A%2F%2Fvoxnews.al%2Faktualitet%2Fdetaji-arrestohet-vellai-i-dhendrit-te-qazim-sejdinit-per-korrupsion--i64095&amp;referer=https%3A%2F%2Fvoxnews.al%2F&amp;cb=241af29bed\" alt=\"\"\/><\/figure>\n\n\n\n<p>Inspektori dhe kryeinspektori i kan\u00eb k\u00ebrkuar 2.5 milion lek\u00eb t\u00eb vjetra nj\u00eb qytetari, i cili ve\u00e7 problemeve ekonomike ka problem sh\u00ebndet\u00ebsore dhe me nj\u00ebrin nga f\u00ebmij\u00ebt.<\/p>\n\n\n\n<p><a href=\"https:\/\/www.oranews.tv\/vendi\/dy-milion-leke-ne-kembim-mos-i-prishnin-ndertimin-pa-leje-arrestohet-vella-i1155055\">Ora<\/a>news shkruan se gjat\u00eb aksionit n\u00eb prangat e policis\u00eb ka p\u00ebrfunduar&nbsp;<strong>Andri Mehja<\/strong>, me detyr\u00eb kryeinspektor. Mehja njihet n\u00eb Elbasan si v\u00ebllai i dh\u00ebndrit t\u00eb ish-kryebashkikaut t\u00eb Elbasanit,&nbsp;<strong>Qazim Sejdin<\/strong>i.<\/p>\n\n\n\n<p>S\u00eb bashku me Mehjan n\u00eb prangat e policis\u00eb ka p\u00ebrfunduar dhe vart\u00ebsi i tij, inspektori Bardhyl Qehja.<\/p>\n\n\n\n<p>Nd\u00ebrkoh\u00eb veprimet hetimore p\u00ebr k\u00ebt\u00eb rast jan\u00eb duke vijuar dhe p\u00ebr 5 zyrtar\u00eb t\u00eb tjer\u00eb t\u00eb kryeinspektoriatit nd\u00ebrtimor n\u00eb Elbasan, pasi jan\u00eb p\u00ebrfshir\u00eb n\u00eb veprime korruptive dhe \u201cShp\u00ebrdorim detyre\u201d.<\/p>\n\n\n\n<p>Rasti \u00ebsht\u00eb duke u ndjekur me shum\u00eb v\u00ebm\u00ebndje pasi zyrtar\u00eb t\u00eb bashkis\u00eb s\u00eb Elbasanit, jan\u00eb implikuar dhe n\u00eb raste t\u00eb tjera korruptive.<\/p>\n","protected":false},"excerpt":{"rendered":"<p>Kryeinspektori i INUV-it pran\u00eb bashkis\u00eb s\u00eb Elbasanit,&nbsp;Andri Mehja&nbsp;\u00ebsht\u00eb shpallur n\u00eb k\u00ebrkim p\u00ebr akuz\u00ebn e korrupsionit, pasi dyshohet se i ka mar\u00eb nj\u00eb qytetari 2.5 milion lek\u00eb t\u00eb vjetra, kundrejt lejimit t\u00eb nj\u00eb objekti pa lej\u00eb. Ndalimi \u00ebsht\u00eb b\u00ebr\u00eb nga prokurori i Elbasanit&nbsp;Xhelian Seferi, i cili n\u00eb k\u00ebt\u00eb rast ka bashk\u00ebpunuar me median, duke kryer veprime [&hellip;]<\/p>\n","protected":false},"author":1,"featured_media":96,"comment_status":"open","ping_status":"open","sticky":false,"template":"","format":"standard","meta":{"footnotes":""},"categories":[4,3],"tags":[],"class_list":["post-95","post","type-post","status-publish","format-standard","has-post-thumbnail","hentry","category-kryesore","category-rreth-vendit"],"yoast_head":"<!-- This site is optimized with the Yoast SEO plugin v27.4 - https:\/\/yoast.com\/product\/yoast-seo-wordpress\/ -->\n<title>DETAJI\/ Shpallet n\u00eb k\u00ebrkim nga policia v\u00ebllai i dh\u00ebndrit t\u00eb QAZIM SEJDINIT p\u00ebr korrupsion: 2.5 milion\u00eb lek\u00eb n\u00eb k\u00ebmbim t\u00eb... - Tirana Lajm<\/title>\n<meta name=\"robots\" content=\"index, follow, max-snippet:-1, max-image-preview:large, max-video-preview:-1\" \/>\n<link rel=\"canonical\" href=\"https:\/\/tiranalajm.com\/index.php\/2024\/04\/24\/detaji-shpallet-ne-kerkim-nga-policia-vellai-i-dhendrit-te-qazim-sejdinit-per-korrupsion-2-5-milione-leke-ne-kembim-te\/\" \/>\n<meta property=\"og:locale\" content=\"en_US\" \/>\n<meta property=\"og:type\" content=\"article\" \/>\n<meta property=\"og:title\" content=\"DETAJI\/ Shpallet n\u00eb k\u00ebrkim nga policia v\u00ebllai i dh\u00ebndrit t\u00eb QAZIM SEJDINIT p\u00ebr korrupsion: 2.5 milion\u00eb lek\u00eb n\u00eb k\u00ebmbim t\u00eb... - Tirana Lajm\" \/>\n<meta property=\"og:description\" content=\"Kryeinspektori i INUV-it pran\u00eb bashkis\u00eb s\u00eb Elbasanit,&nbsp;Andri Mehja&nbsp;\u00ebsht\u00eb shpallur n\u00eb k\u00ebrkim p\u00ebr akuz\u00ebn e korrupsionit, pasi dyshohet se i ka mar\u00eb nj\u00eb qytetari 2.5 milion lek\u00eb t\u00eb vjetra, kundrejt lejimit t\u00eb nj\u00eb objekti pa lej\u00eb. Ndalimi \u00ebsht\u00eb b\u00ebr\u00eb nga prokurori i Elbasanit&nbsp;Xhelian Seferi, i cili n\u00eb k\u00ebt\u00eb rast ka bashk\u00ebpunuar me median, duke kryer veprime [&hellip;]\" \/>\n<meta property=\"og:url\" content=\"https:\/\/tiranalajm.com\/index.php\/2024\/04\/24\/detaji-shpallet-ne-kerkim-nga-policia-vellai-i-dhendrit-te-qazim-sejdinit-per-korrupsion-2-5-milione-leke-ne-kembim-te\/\" \/>\n<meta property=\"og:site_name\" content=\"Tirana Lajm\" \/>\n<meta property=\"article:published_time\" content=\"2024-04-24T11:55:17+00:00\" \/>\n<meta property=\"og:image\" content=\"http:\/\/tiranalajm.com\/wp-content\/uploads\/2024\/04\/IMG_3047.png\" \/>\n\t<meta property=\"og:image:width\" content=\"640\" \/>\n\t<meta property=\"og:image:height\" content=\"476\" \/>\n\t<meta property=\"og:image:type\" content=\"image\/png\" \/>\n<meta name=\"author\" content=\"tiranalajm.com\" \/>\n<meta name=\"twitter:card\" content=\"summary_large_image\" \/>\n<meta name=\"twitter:label1\" content=\"Written by\" \/>\n\t<meta name=\"twitter:data1\" content=\"tiranalajm.com\" \/>\n\t<meta name=\"twitter:label2\" content=\"Est. reading time\" \/>\n\t<meta name=\"twitter:data2\" content=\"2 minutes\" \/>\n<script type=\"application\/ld+json\" class=\"yoast-schema-graph\">{\"@context\":\"https:\\\/\\\/schema.org\",\"@graph\":[{\"@type\":\"Article\",\"@id\":\"https:\\\/\\\/tiranalajm.com\\\/index.php\\\/2024\\\/04\\\/24\\\/detaji-shpallet-ne-kerkim-nga-policia-vellai-i-dhendrit-te-qazim-sejdinit-per-korrupsion-2-5-milione-leke-ne-kembim-te\\\/#article\",\"isPartOf\":{\"@id\":\"https:\\\/\\\/tiranalajm.com\\\/index.php\\\/2024\\\/04\\\/24\\\/detaji-shpallet-ne-kerkim-nga-policia-vellai-i-dhendrit-te-qazim-sejdinit-per-korrupsion-2-5-milione-leke-ne-kembim-te\\\/\"},\"author\":{\"name\":\"tiranalajm.com\",\"@id\":\"https:\\\/\\\/tiranalajm.com\\\/#\\\/schema\\\/person\\\/d62adf3f0d0ba38eb923c3c1f5152717\"},\"headline\":\"DETAJI\\\/ Shpallet n\u00eb k\u00ebrkim nga policia v\u00ebllai i dh\u00ebndrit t\u00eb QAZIM SEJDINIT p\u00ebr korrupsion: 2.5 milion\u00eb lek\u00eb n\u00eb k\u00ebmbim t\u00eb&#8230;\",\"datePublished\":\"2024-04-24T11:55:17+00:00\",\"mainEntityOfPage\":{\"@id\":\"https:\\\/\\\/tiranalajm.com\\\/index.php\\\/2024\\\/04\\\/24\\\/detaji-shpallet-ne-kerkim-nga-policia-vellai-i-dhendrit-te-qazim-sejdinit-per-korrupsion-2-5-milione-leke-ne-kembim-te\\\/\"},\"wordCount\":244,\"commentCount\":0,\"publisher\":{\"@id\":\"https:\\\/\\\/tiranalajm.com\\\/#organization\"},\"image\":{\"@id\":\"https:\\\/\\\/tiranalajm.com\\\/index.php\\\/2024\\\/04\\\/24\\\/detaji-shpallet-ne-kerkim-nga-policia-vellai-i-dhendrit-te-qazim-sejdinit-per-korrupsion-2-5-milione-leke-ne-kembim-te\\\/#primaryimage\"},\"thumbnailUrl\":\"https:\\\/\\\/tiranalajm.com\\\/wp-content\\\/uploads\\\/2024\\\/04\\\/IMG_3047.png\",\"articleSection\":[\"Kryesore\",\"Rreth vendit\"],\"inLanguage\":\"en-US\",\"potentialAction\":[{\"@type\":\"CommentAction\",\"name\":\"Comment\",\"target\":[\"https:\\\/\\\/tiranalajm.com\\\/index.php\\\/2024\\\/04\\\/24\\\/detaji-shpallet-ne-kerkim-nga-policia-vellai-i-dhendrit-te-qazim-sejdinit-per-korrupsion-2-5-milione-leke-ne-kembim-te\\\/#respond\"]}]},{\"@type\":\"WebPage\",\"@id\":\"https:\\\/\\\/tiranalajm.com\\\/index.php\\\/2024\\\/04\\\/24\\\/detaji-shpallet-ne-kerkim-nga-policia-vellai-i-dhendrit-te-qazim-sejdinit-per-korrupsion-2-5-milione-leke-ne-kembim-te\\\/\",\"url\":\"https:\\\/\\\/tiranalajm.com\\\/index.php\\\/2024\\\/04\\\/24\\\/detaji-shpallet-ne-kerkim-nga-policia-vellai-i-dhendrit-te-qazim-sejdinit-per-korrupsion-2-5-milione-leke-ne-kembim-te\\\/\",\"name\":\"DETAJI\\\/ Shpallet n\u00eb k\u00ebrkim nga policia v\u00ebllai i dh\u00ebndrit t\u00eb QAZIM SEJDINIT p\u00ebr korrupsion: 2.5 milion\u00eb lek\u00eb n\u00eb k\u00ebmbim t\u00eb... - Tirana Lajm\",\"isPartOf\":{\"@id\":\"https:\\\/\\\/tiranalajm.com\\\/#website\"},\"primaryImageOfPage\":{\"@id\":\"https:\\\/\\\/tiranalajm.com\\\/index.php\\\/2024\\\/04\\\/24\\\/detaji-shpallet-ne-kerkim-nga-policia-vellai-i-dhendrit-te-qazim-sejdinit-per-korrupsion-2-5-milione-leke-ne-kembim-te\\\/#primaryimage\"},\"image\":{\"@id\":\"https:\\\/\\\/tiranalajm.com\\\/index.php\\\/2024\\\/04\\\/24\\\/detaji-shpallet-ne-kerkim-nga-policia-vellai-i-dhendrit-te-qazim-sejdinit-per-korrupsion-2-5-milione-leke-ne-kembim-te\\\/#primaryimage\"},\"thumbnailUrl\":\"https:\\\/\\\/tiranalajm.com\\\/wp-content\\\/uploads\\\/2024\\\/04\\\/IMG_3047.png\",\"datePublished\":\"2024-04-24T11:55:17+00:00\",\"breadcrumb\":{\"@id\":\"https:\\\/\\\/tiranalajm.com\\\/index.php\\\/2024\\\/04\\\/24\\\/detaji-shpallet-ne-kerkim-nga-policia-vellai-i-dhendrit-te-qazim-sejdinit-per-korrupsion-2-5-milione-leke-ne-kembim-te\\\/#breadcrumb\"},\"inLanguage\":\"en-US\",\"potentialAction\":[{\"@type\":\"ReadAction\",\"target\":[\"https:\\\/\\\/tiranalajm.com\\\/index.php\\\/2024\\\/04\\\/24\\\/detaji-shpallet-ne-kerkim-nga-policia-vellai-i-dhendrit-te-qazim-sejdinit-per-korrupsion-2-5-milione-leke-ne-kembim-te\\\/\"]}]},{\"@type\":\"ImageObject\",\"inLanguage\":\"en-US\",\"@id\":\"https:\\\/\\\/tiranalajm.com\\\/index.php\\\/2024\\\/04\\\/24\\\/detaji-shpallet-ne-kerkim-nga-policia-vellai-i-dhendrit-te-qazim-sejdinit-per-korrupsion-2-5-milione-leke-ne-kembim-te\\\/#primaryimage\",\"url\":\"https:\\\/\\\/tiranalajm.com\\\/wp-content\\\/uploads\\\/2024\\\/04\\\/IMG_3047.png\",\"contentUrl\":\"https:\\\/\\\/tiranalajm.com\\\/wp-content\\\/uploads\\\/2024\\\/04\\\/IMG_3047.png\",\"width\":640,\"height\":476},{\"@type\":\"BreadcrumbList\",\"@id\":\"https:\\\/\\\/tiranalajm.com\\\/index.php\\\/2024\\\/04\\\/24\\\/detaji-shpallet-ne-kerkim-nga-policia-vellai-i-dhendrit-te-qazim-sejdinit-per-korrupsion-2-5-milione-leke-ne-kembim-te\\\/#breadcrumb\",\"itemListElement\":[{\"@type\":\"ListItem\",\"position\":1,\"name\":\"Home\",\"item\":\"https:\\\/\\\/tiranalajm.com\\\/\"},{\"@type\":\"ListItem\",\"position\":2,\"name\":\"DETAJI\\\/ Shpallet n\u00eb k\u00ebrkim nga policia v\u00ebllai i dh\u00ebndrit t\u00eb QAZIM SEJDINIT p\u00ebr korrupsion: 2.5 milion\u00eb lek\u00eb n\u00eb k\u00ebmbim t\u00eb&#8230;\"}]},{\"@type\":\"WebSite\",\"@id\":\"https:\\\/\\\/tiranalajm.com\\\/#website\",\"url\":\"https:\\\/\\\/tiranalajm.com\\\/\",\"name\":\"Tirana Lajm\",\"description\":\"Tirana Lajm\",\"publisher\":{\"@id\":\"https:\\\/\\\/tiranalajm.com\\\/#organization\"},\"potentialAction\":[{\"@type\":\"SearchAction\",\"target\":{\"@type\":\"EntryPoint\",\"urlTemplate\":\"https:\\\/\\\/tiranalajm.com\\\/?s={search_term_string}\"},\"query-input\":{\"@type\":\"PropertyValueSpecification\",\"valueRequired\":true,\"valueName\":\"search_term_string\"}}],\"inLanguage\":\"en-US\"},{\"@type\":\"Organization\",\"@id\":\"https:\\\/\\\/tiranalajm.com\\\/#organization\",\"name\":\"Tirana Lajm\",\"url\":\"https:\\\/\\\/tiranalajm.com\\\/\",\"logo\":{\"@type\":\"ImageObject\",\"inLanguage\":\"en-US\",\"@id\":\"https:\\\/\\\/tiranalajm.com\\\/#\\\/schema\\\/logo\\\/image\\\/\",\"url\":\"https:\\\/\\\/tiranalajm.com\\\/wp-content\\\/uploads\\\/2023\\\/08\\\/logo-tirana-lajm.jpg\",\"contentUrl\":\"https:\\\/\\\/tiranalajm.com\\\/wp-content\\\/uploads\\\/2023\\\/08\\\/logo-tirana-lajm.jpg\",\"width\":600,\"height\":360,\"caption\":\"Tirana Lajm\"},\"image\":{\"@id\":\"https:\\\/\\\/tiranalajm.com\\\/#\\\/schema\\\/logo\\\/image\\\/\"}},{\"@type\":\"Person\",\"@id\":\"https:\\\/\\\/tiranalajm.com\\\/#\\\/schema\\\/person\\\/d62adf3f0d0ba38eb923c3c1f5152717\",\"name\":\"tiranalajm.com\",\"image\":{\"@type\":\"ImageObject\",\"inLanguage\":\"en-US\",\"@id\":\"https:\\\/\\\/secure.gravatar.com\\\/avatar\\\/70082bb8d030bb6b79327cd6e282b497e1b999934e601ba07a020bca96c4dbee?s=96&d=mm&r=g\",\"url\":\"https:\\\/\\\/secure.gravatar.com\\\/avatar\\\/70082bb8d030bb6b79327cd6e282b497e1b999934e601ba07a020bca96c4dbee?s=96&d=mm&r=g\",\"contentUrl\":\"https:\\\/\\\/secure.gravatar.com\\\/avatar\\\/70082bb8d030bb6b79327cd6e282b497e1b999934e601ba07a020bca96c4dbee?s=96&d=mm&r=g\",\"caption\":\"tiranalajm.com\"},\"sameAs\":[\"http:\\\/\\\/tiranalajm.com\"],\"url\":\"https:\\\/\\\/tiranalajm.com\\\/index.php\\\/author\\\/tiranalajm-com\\\/\"}]}<\/script>\n<!-- \/ Yoast SEO plugin. -->","yoast_head_json":{"title":"DETAJI\/ Shpallet n\u00eb k\u00ebrkim nga policia v\u00ebllai i dh\u00ebndrit t\u00eb QAZIM SEJDINIT p\u00ebr korrupsion: 2.5 milion\u00eb lek\u00eb n\u00eb k\u00ebmbim t\u00eb... - Tirana Lajm","robots":{"index":"index","follow":"follow","max-snippet":"max-snippet:-1","max-image-preview":"max-image-preview:large","max-video-preview":"max-video-preview:-1"},"canonical":"https:\/\/tiranalajm.com\/index.php\/2024\/04\/24\/detaji-shpallet-ne-kerkim-nga-policia-vellai-i-dhendrit-te-qazim-sejdinit-per-korrupsion-2-5-milione-leke-ne-kembim-te\/","og_locale":"en_US","og_type":"article","og_title":"DETAJI\/ Shpallet n\u00eb k\u00ebrkim nga policia v\u00ebllai i dh\u00ebndrit t\u00eb QAZIM SEJDINIT p\u00ebr korrupsion: 2.5 milion\u00eb lek\u00eb n\u00eb k\u00ebmbim t\u00eb... - Tirana Lajm","og_description":"Kryeinspektori i INUV-it pran\u00eb bashkis\u00eb s\u00eb Elbasanit,&nbsp;Andri Mehja&nbsp;\u00ebsht\u00eb shpallur n\u00eb k\u00ebrkim p\u00ebr akuz\u00ebn e korrupsionit, pasi dyshohet se i ka mar\u00eb nj\u00eb qytetari 2.5 milion lek\u00eb t\u00eb vjetra, kundrejt lejimit t\u00eb nj\u00eb objekti pa lej\u00eb. Ndalimi \u00ebsht\u00eb b\u00ebr\u00eb nga prokurori i Elbasanit&nbsp;Xhelian Seferi, i cili n\u00eb k\u00ebt\u00eb rast ka bashk\u00ebpunuar me median, duke kryer veprime [&hellip;]","og_url":"https:\/\/tiranalajm.com\/index.php\/2024\/04\/24\/detaji-shpallet-ne-kerkim-nga-policia-vellai-i-dhendrit-te-qazim-sejdinit-per-korrupsion-2-5-milione-leke-ne-kembim-te\/","og_site_name":"Tirana Lajm","article_published_time":"2024-04-24T11:55:17+00:00","og_image":[{"width":640,"height":476,"url":"http:\/\/tiranalajm.com\/wp-content\/uploads\/2024\/04\/IMG_3047.png","type":"image\/png"}],"author":"tiranalajm.com","twitter_card":"summary_large_image","twitter_misc":{"Written by":"tiranalajm.com","Est. reading time":"2 minutes"},"schema":{"@context":"https:\/\/schema.org","@graph":[{"@type":"Article","@id":"https:\/\/tiranalajm.com\/index.php\/2024\/04\/24\/detaji-shpallet-ne-kerkim-nga-policia-vellai-i-dhendrit-te-qazim-sejdinit-per-korrupsion-2-5-milione-leke-ne-kembim-te\/#article","isPartOf":{"@id":"https:\/\/tiranalajm.com\/index.php\/2024\/04\/24\/detaji-shpallet-ne-kerkim-nga-policia-vellai-i-dhendrit-te-qazim-sejdinit-per-korrupsion-2-5-milione-leke-ne-kembim-te\/"},"author":{"name":"tiranalajm.com","@id":"https:\/\/tiranalajm.com\/#\/schema\/person\/d62adf3f0d0ba38eb923c3c1f5152717"},"headline":"DETAJI\/ Shpallet n\u00eb k\u00ebrkim nga policia v\u00ebllai i dh\u00ebndrit t\u00eb QAZIM SEJDINIT p\u00ebr korrupsion: 2.5 milion\u00eb lek\u00eb n\u00eb k\u00ebmbim t\u00eb&#8230;","datePublished":"2024-04-24T11:55:17+00:00","mainEntityOfPage":{"@id":"https:\/\/tiranalajm.com\/index.php\/2024\/04\/24\/detaji-shpallet-ne-kerkim-nga-policia-vellai-i-dhendrit-te-qazim-sejdinit-per-korrupsion-2-5-milione-leke-ne-kembim-te\/"},"wordCount":244,"commentCount":0,"publisher":{"@id":"https:\/\/tiranalajm.com\/#organization"},"image":{"@id":"https:\/\/tiranalajm.com\/index.php\/2024\/04\/24\/detaji-shpallet-ne-kerkim-nga-policia-vellai-i-dhendrit-te-qazim-sejdinit-per-korrupsion-2-5-milione-leke-ne-kembim-te\/#primaryimage"},"thumbnailUrl":"https:\/\/tiranalajm.com\/wp-content\/uploads\/2024\/04\/IMG_3047.png","articleSection":["Kryesore","Rreth vendit"],"inLanguage":"en-US","potentialAction":[{"@type":"CommentAction","name":"Comment","target":["https:\/\/tiranalajm.com\/index.php\/2024\/04\/24\/detaji-shpallet-ne-kerkim-nga-policia-vellai-i-dhendrit-te-qazim-sejdinit-per-korrupsion-2-5-milione-leke-ne-kembim-te\/#respond"]}]},{"@type":"WebPage","@id":"https:\/\/tiranalajm.com\/index.php\/2024\/04\/24\/detaji-shpallet-ne-kerkim-nga-policia-vellai-i-dhendrit-te-qazim-sejdinit-per-korrupsion-2-5-milione-leke-ne-kembim-te\/","url":"https:\/\/tiranalajm.com\/index.php\/2024\/04\/24\/detaji-shpallet-ne-kerkim-nga-policia-vellai-i-dhendrit-te-qazim-sejdinit-per-korrupsion-2-5-milione-leke-ne-kembim-te\/","name":"DETAJI\/ Shpallet n\u00eb k\u00ebrkim nga policia v\u00ebllai i dh\u00ebndrit t\u00eb QAZIM SEJDINIT p\u00ebr korrupsion: 2.5 milion\u00eb lek\u00eb n\u00eb k\u00ebmbim t\u00eb... - Tirana Lajm","isPartOf":{"@id":"https:\/\/tiranalajm.com\/#website"},"primaryImageOfPage":{"@id":"https:\/\/tiranalajm.com\/index.php\/2024\/04\/24\/detaji-shpallet-ne-kerkim-nga-policia-vellai-i-dhendrit-te-qazim-sejdinit-per-korrupsion-2-5-milione-leke-ne-kembim-te\/#primaryimage"},"image":{"@id":"https:\/\/tiranalajm.com\/index.php\/2024\/04\/24\/detaji-shpallet-ne-kerkim-nga-policia-vellai-i-dhendrit-te-qazim-sejdinit-per-korrupsion-2-5-milione-leke-ne-kembim-te\/#primaryimage"},"thumbnailUrl":"https:\/\/tiranalajm.com\/wp-content\/uploads\/2024\/04\/IMG_3047.png","datePublished":"2024-04-24T11:55:17+00:00","breadcrumb":{"@id":"https:\/\/tiranalajm.com\/index.php\/2024\/04\/24\/detaji-shpallet-ne-kerkim-nga-policia-vellai-i-dhendrit-te-qazim-sejdinit-per-korrupsion-2-5-milione-leke-ne-kembim-te\/#breadcrumb"},"inLanguage":"en-US","potentialAction":[{"@type":"ReadAction","target":["https:\/\/tiranalajm.com\/index.php\/2024\/04\/24\/detaji-shpallet-ne-kerkim-nga-policia-vellai-i-dhendrit-te-qazim-sejdinit-per-korrupsion-2-5-milione-leke-ne-kembim-te\/"]}]},{"@type":"ImageObject","inLanguage":"en-US","@id":"https:\/\/tiranalajm.com\/index.php\/2024\/04\/24\/detaji-shpallet-ne-kerkim-nga-policia-vellai-i-dhendrit-te-qazim-sejdinit-per-korrupsion-2-5-milione-leke-ne-kembim-te\/#primaryimage","url":"https:\/\/tiranalajm.com\/wp-content\/uploads\/2024\/04\/IMG_3047.png","contentUrl":"https:\/\/tiranalajm.com\/wp-content\/uploads\/2024\/04\/IMG_3047.png","width":640,"height":476},{"@type":"BreadcrumbList","@id":"https:\/\/tiranalajm.com\/index.php\/2024\/04\/24\/detaji-shpallet-ne-kerkim-nga-policia-vellai-i-dhendrit-te-qazim-sejdinit-per-korrupsion-2-5-milione-leke-ne-kembim-te\/#breadcrumb","itemListElement":[{"@type":"ListItem","position":1,"name":"Home","item":"https:\/\/tiranalajm.com\/"},{"@type":"ListItem","position":2,"name":"DETAJI\/ Shpallet n\u00eb k\u00ebrkim nga policia v\u00ebllai i dh\u00ebndrit t\u00eb QAZIM SEJDINIT p\u00ebr korrupsion: 2.5 milion\u00eb lek\u00eb n\u00eb k\u00ebmbim t\u00eb&#8230;"}]},{"@type":"WebSite","@id":"https:\/\/tiranalajm.com\/#website","url":"https:\/\/tiranalajm.com\/","name":"Tirana Lajm","description":"Tirana Lajm","publisher":{"@id":"https:\/\/tiranalajm.com\/#organization"},"potentialAction":[{"@type":"SearchAction","target":{"@type":"EntryPoint","urlTemplate":"https:\/\/tiranalajm.com\/?s={search_term_string}"},"query-input":{"@type":"PropertyValueSpecification","valueRequired":true,"valueName":"search_term_string"}}],"inLanguage":"en-US"},{"@type":"Organization","@id":"https:\/\/tiranalajm.com\/#organization","name":"Tirana Lajm","url":"https:\/\/tiranalajm.com\/","logo":{"@type":"ImageObject","inLanguage":"en-US","@id":"https:\/\/tiranalajm.com\/#\/schema\/logo\/image\/","url":"https:\/\/tiranalajm.com\/wp-content\/uploads\/2023\/08\/logo-tirana-lajm.jpg","contentUrl":"https:\/\/tiranalajm.com\/wp-content\/uploads\/2023\/08\/logo-tirana-lajm.jpg","width":600,"height":360,"caption":"Tirana Lajm"},"image":{"@id":"https:\/\/tiranalajm.com\/#\/schema\/logo\/image\/"}},{"@type":"Person","@id":"https:\/\/tiranalajm.com\/#\/schema\/person\/d62adf3f0d0ba38eb923c3c1f5152717","name":"tiranalajm.com","image":{"@type":"ImageObject","inLanguage":"en-US","@id":"https:\/\/secure.gravatar.com\/avatar\/70082bb8d030bb6b79327cd6e282b497e1b999934e601ba07a020bca96c4dbee?s=96&d=mm&r=g","url":"https:\/\/secure.gravatar.com\/avatar\/70082bb8d030bb6b79327cd6e282b497e1b999934e601ba07a020bca96c4dbee?s=96&d=mm&r=g","contentUrl":"https:\/\/secure.gravatar.com\/avatar\/70082bb8d030bb6b79327cd6e282b497e1b999934e601ba07a020bca96c4dbee?s=96&d=mm&r=g","caption":"tiranalajm.com"},"sameAs":["http:\/\/tiranalajm.com"],"url":"https:\/\/tiranalajm.com\/index.php\/author\/tiranalajm-com\/"}]}},"_links":{"self":[{"href":"https:\/\/tiranalajm.com\/index.php\/wp-json\/wp\/v2\/posts\/95","targetHints":{"allow":["GET"]}}],"collection":[{"href":"https:\/\/tiranalajm.com\/index.php\/wp-json\/wp\/v2\/posts"}],"about":[{"href":"https:\/\/tiranalajm.com\/index.php\/wp-json\/wp\/v2\/types\/post"}],"author":[{"embeddable":true,"href":"https:\/\/tiranalajm.com\/index.php\/wp-json\/wp\/v2\/users\/1"}],"replies":[{"embeddable":true,"href":"https:\/\/tiranalajm.com\/index.php\/wp-json\/wp\/v2\/comments?post=95"}],"version-history":[{"count":1,"href":"https:\/\/tiranalajm.com\/index.php\/wp-json\/wp\/v2\/posts\/95\/revisions"}],"predecessor-version":[{"id":97,"href":"https:\/\/tiranalajm.com\/index.php\/wp-json\/wp\/v2\/posts\/95\/revisions\/97"}],"wp:featuredmedia":[{"embeddable":true,"href":"https:\/\/tiranalajm.com\/index.php\/wp-json\/wp\/v2\/media\/96"}],"wp:attachment":[{"href":"https:\/\/tiranalajm.com\/index.php\/wp-json\/wp\/v2\/media?parent=95"}],"wp:term":[{"taxonomy":"category","embeddable":true,"href":"https:\/\/tiranalajm.com\/index.php\/wp-json\/wp\/v2\/categories?post=95"},{"taxonomy":"post_tag","embeddable":true,"href":"https:\/\/tiranalajm.com\/index.php\/wp-json\/wp\/v2\/tags?post=95"}],"curies":[{"name":"wp","href":"https:\/\/api.w.org\/{rel}","templated":true}]}}